{"id":605548,"date":"2025-12-17T16:06:15","date_gmt":"2025-12-17T16:06:15","guid":{"rendered":"https:\/\/www.europesays.com\/fr\/605548\/"},"modified":"2025-12-17T16:06:15","modified_gmt":"2025-12-17T16:06:15","slug":"bilal-hamdad-peintre-on-dit-souvent-que-paris-cest-la-grisaille-mais-moi-ca-minspire","status":"publish","type":"post","link":"https:\/\/www.europesays.com\/fr\/605548\/","title":{"rendered":"Bilal Hamdad, peintre\u00a0: \u00ab\u00a0On dit souvent que Paris c&rsquo;est la grisaille, mais moi \u00e7a m&rsquo;inspire\u00a0\u00bb"},"content":{"rendered":"<p class=\"PopSlotParagraph qg-tx2 qg-xtra-lh svelte-1r0pyek\">Form\u00e9 aux Beaux-Arts de Sidi Bel\u00a0Abb\u00e8s\u00a0en Alg\u00e9rie, o\u00f9 il a\u00a0grandi, puis aux Beaux-Arts de Paris, o\u00f9 il vit aujourd\u2019hui, Bilal\u00a0Hamdad\u00a0est l\u2019un des meilleurs repr\u00e9sentants du renouveau de la peinture figurative.\u00a0Regardeur assidu des\u00a0toiles des grands maitres classiques, et en particulier\u00a0Vel\u00e1zquez,\u00a0Titien, Rubens et Goya,\u00a0Hamdad\u00a0a dans le pinceau ce je-ne-sais-quoi qui transforme n\u2019importe quel sujet en\u00a0\u0153uvre d&rsquo;art. Que l\u2019on en prenne pour preuves les quelques vingt tableaux actuellement expos\u00e9s dans les galeries des collections du Petit Palais, qui c\u00f4toient sans p\u00e2lir les grands formats\u00a0du mus\u00e9e, et qui repr\u00e9sentent pour la plupart des sc\u00e8nes de rues parisiennes des plus banales. On y voit des gens attabl\u00e9s en terrasse de caf\u00e9, absorb\u00e9s par leur conversation ou pensifs, des vendeurs de roses,\u00a0des livreurs \u00e0 v\u00e9los, des gamins \u00e0 trottinettes, des chiens en laisse, des bouteilles en plastiques qui jonchent le sol\u00a0: rien que de l\u2019ordinaire. Et pourtant,\u00a0ainsi peintes, elles deviennent fascinantes.\u00a0Avions-nous d\u00e9j\u00e0 vraiment regard\u00e9 la mani\u00e8re dont les guirlandes lumineuses se refl\u00e8tent dans une vitrine\u00a0?<\/p>\n<p>  <img decoding=\"async\" class=\"Image-preview  svelte-1b9cmvl\" data-testid=\"image-preview\" src=\"data:image\/jpeg;charset=utf-8;base64, \/9j\/2wBDACgcHiMeGSgjISMtKygwPGRBPDc3PHtYXUlkkYCZlo+AjIqgtObDoKrarYqMyP\/L2u71\/\/\/\/m8H\/\/\/\/6\/+b9\/\/j\/2wBDASstLTw1PHZBQXb4pYyl+Pj4+Pj4+Pj4+Pj4+Pj4+Pj4+Pj4+Pj4+Pj4+Pj4+Pj4+Pj4+Pj4+Pj4+Pj4+Pj4+Pj\/wAARCAAiACoDASIAAhEBAxEB\/8QAGAABAQEBAQAAAAAAAAAAAAAAAgEAAwT\/xAAXEAEBAQEAAAAAAAAAAAAAAAAAAQIR\/8QAFQEBAQAAAAAAAAAAAAAAAAAAAAH\/xAAUEQEAAAAAAAAAAAAAAAAAAAAA\/9oADAMBAAIRAxEAPwDzZIYaKlCnQqg1mqA6Sr0JVlAqNVKAVFogcWMwKlZgGizA\/9k=\" alt=\"\" aria-hidden=\"false\"\/>     <img decoding=\"async\" src=\"https:\/\/www.europesays.com\/fr\/wp-content\/uploads\/2025\/12\/860_sc_8-bilal-hamdad-rive-droite-2021.jpg\" loading=\"lazy\" fetchpriority=\"low\" width=\"860\" height=\"712\" class=\"Image-main  svelte-1b9cmvl rounded\" data-testid=\"image-src\" alt=\"Bilal Hamdad, Rive droite, 2021.  Huile sur toile, 200 \u00d7 240 cm.  Mus\u00e9e national de l\u2019histoire de l\u2019immigration.\" aria-hidden=\"false\" onload=\"this.__e=event\" onerror=\"this.__e=event\"\/> Bilal Hamdad, Rive droite, 2021.  Huile sur toile, 200 \u00d7 240 cm.  Mus\u00e9e national de l\u2019histoire de l\u2019immigration.  &#8211; \u00a9 \u00c9tablissement public du Palais de la Porte Dor\u00e9e\/Collection du Mus\u00e9e  national de l\u2019histoire de l\u2019immigration\u00a9 Adagp, Paris, 2025 <\/p>\n<p class=\"PopSlotParagraph qg-tx2 qg-xtra-lh svelte-1r0pyek\">Contrairement \u00e0 ce que semble vouloir la traditionnelle l\u00e9gende, Bilal\u00a0Hamdad\u00a0n\u2019a pas grandi avec des r\u00eaves d\u2019art et un pinceau \u00e0 la main\u00a0: \u201cMoi mon seul but c\u2019\u00e9tait de jouer au foot. Mon obsession pour la\u00a0peinture a commenc\u00e9 quand je suis entr\u00e9 aux Beaux-Arts quand j\u2019avais 18 ans, sur les conseils de mes parents. C\u2019est l\u00e0 que j\u2019ai trouv\u00e9\u00a0ce qui allait pouvoir m\u2019accompagner dans la vie.\u201d<\/p>\n<p class=\"PopSlotParagraph qg-tx2 qg-xtra-lh svelte-1r0pyek\">Pour r\u00e9aliser ses vues de Paris Bilal\u00a0Hamdad\u00a0se prom\u00e8ne dans la ville, un appareil photo \u00e0 la main et cherche comme on chasse, des couleurs, des attitudes, des postures qui viendront nourrir le stock d\u2019images \u00e0 partir desquelles il cr\u00e9\u00e9 ses grandes compositions\u00a0: \u201cJe compose mes images de fragments pris un peu partout, de plein de moments que j\u2019ai v\u00e9cus et j\u2019essaie de reconstituer \u00e7a. Quand je suis\u00a0dehors, je pense en peinture.\u00a0On dit souvent que Paris c\u2019est la grisaille, mais moi \u00e7a m\u2019inspire.\u201d\u00a0Dans ses tableaux, tout le monde trouve sa place\u00a0: \u201cJ\u2019essaie de donner la m\u00eame importance \u00e0 toutes les personnes que je croise, que ce soit \u00e0\u00a0Saint-Germain-des-Pr\u00e9s ou \u00e0 Barb\u00e8s.\u201d<\/p>\n<p> Plus d&rsquo;informations<\/p>\n<ul>\n<li>\u00ab\u00a0Paname\u00a0\u00bb de Bilal\u00a0Hamdad, du 17 octobre 2025 au 8 f\u00e9vrier 2026 au Petit Palais.<\/li>\n<\/ul>\n<p class=\"PopSlotParagraph qg-tx2 qg-xtra-lh svelte-1r0pyek\"><strong>Autour de l&rsquo;exposition<\/strong><\/p>\n<ul>\n<li>Visites guid\u00e9es\u00a0: En compagnie d&rsquo;une conf\u00e9renci\u00e8re, les vendredi, samedi \u00e0 12h30<\/li>\n<li>Visites balade photo \u00ab\u00a0Rencontres urbaines\u00a0\u00bb\u202f: accompagn\u00e9s d&rsquo;un(e) intervenant(e) photographe, les participants explorent le lien entre les \u0153uvres du mus\u00e9e et celles de Bilal\u00a0Hamdad, le mercredi et le vendredi \u00e0 14h30.<\/li>\n<li>Workshop \u00ab\u00a0Silhouettes urbaines\u00a0\u00bb\u202f: Avec un(e) intervenant(e) plasticien(ne), les participants r\u00e9alisent de mani\u00e8re collaborative des dessins de silhouettes \u00e0 partir d\u2019oeuvres\u00a0des collections pour cr\u00e9er une composition de groupe \u00e0 la mani\u00e8re des\u00a0sc\u00e8rnes\u00a0parisiennes de Bilal\u00a0Hamdad. Le\u00a0Mardi\u00a0\u00e0 14h et le samedi \u00e0 10h et \u00e0 14h.<\/li>\n<li>Visite exceptionnelle de l&rsquo;exposition en compagnie de l&rsquo;artiste\u00a0: un moment privil\u00e9gi\u00e9\u00a0au cours duquel Bilal\u00a0Hamdad, accompagn\u00e9 de la commissaire Sixtine de Saint-L\u00e9ger, pr\u00e9sente ses \u0153uvres et les coulisses de l&rsquo;exposition. Le vendredi 19 d\u00e9cembre \u00e0 18h30.<\/li>\n<li>Atelier \u00ab\u00a0Paname au Palais\u00a0\u00bb pour les enfants\u00a0: Avec un(e) intervenant(e) plasticien(ne), les enfants d\u00e9couvrent les grandes sc\u00e8nes urbaines peintes par Bilal\u00a0Hamdad. En atelier, ils cr\u00e9ent une composition panoramique sur papier, mettant en sc\u00e8ne des personnages dans le d\u00e9cor du mus\u00e9e, en m\u00ealant collage de photographies, dessin et peinture. Le mercredi \u00e0 14h30.<\/li>\n<\/ul>\n<p>Extraits sonores<\/p>\n<ul>\n<li>Le peintre\u00a0Djamel\u00a0Tatah parle de la peinture figurative dans Affaires Culturelles sur France Culture en f\u00e9vrier 2023<\/li>\n<li>L&rsquo;historien de l&rsquo;art Daniel Arasse parle de la puissance silencieuse de la peinture dans Surpris par la nuit sur France Culture en 2023<\/li>\n<li>La chanson de fin\u00a0: \u00ab\u00a0Street Life\u00a0\u00bb de The Crusaders<\/li>\n<\/ul>\n","protected":false},"excerpt":{"rendered":"Form\u00e9 aux Beaux-Arts de Sidi Bel\u00a0Abb\u00e8s\u00a0en Alg\u00e9rie, o\u00f9 il a\u00a0grandi, puis aux Beaux-Arts de Paris, o\u00f9 il vit&hellip;\n","protected":false},"author":2,"featured_media":605549,"comment_status":"","ping_status":"","sticky":false,"template":"","format":"standard","meta":{"footnotes":""},"categories":[1358],"tags":[1348,1384,1385,1386,58,59,1011,27],"class_list":{"0":"post-605548","1":"post","2":"type-post","3":"status-publish","4":"format-standard","5":"has-post-thumbnail","7":"category-arts-et-design","8":"tag-arts","9":"tag-arts-and-design","10":"tag-arts-et-design","11":"tag-design","12":"tag-divertissement","13":"tag-entertainment","14":"tag-fr","15":"tag-france"},"share_on_mastodon":{"url":"https:\/\/pubeurope.com\/@fr\/115735769707994598","error":""},"_links":{"self":[{"href":"https:\/\/www.europesays.com\/fr\/wp-json\/wp\/v2\/posts\/605548","targetHints":{"allow":["GET"]}}],"collection":[{"href":"https:\/\/www.europesays.com\/fr\/wp-json\/wp\/v2\/posts"}],"about":[{"href":"https:\/\/www.europesays.com\/fr\/wp-json\/wp\/v2\/types\/post"}],"author":[{"embeddable":true,"href":"https:\/\/www.europesays.com\/fr\/wp-json\/wp\/v2\/users\/2"}],"replies":[{"embeddable":true,"href":"https:\/\/www.europesays.com\/fr\/wp-json\/wp\/v2\/comments?post=605548"}],"version-history":[{"count":0,"href":"https:\/\/www.europesays.com\/fr\/wp-json\/wp\/v2\/posts\/605548\/revisions"}],"wp:featuredmedia":[{"embeddable":true,"href":"https:\/\/www.europesays.com\/fr\/wp-json\/wp\/v2\/media\/605549"}],"wp:attachment":[{"href":"https:\/\/www.europesays.com\/fr\/wp-json\/wp\/v2\/media?parent=605548"}],"wp:term":[{"taxonomy":"category","embeddable":true,"href":"https:\/\/www.europesays.com\/fr\/wp-json\/wp\/v2\/categories?post=605548"},{"taxonomy":"post_tag","embeddable":true,"href":"https:\/\/www.europesays.com\/fr\/wp-json\/wp\/v2\/tags?post=605548"}],"curies":[{"name":"wp","href":"https:\/\/api.w.org\/{rel}","templated":true}]}}