{"id":605552,"date":"2025-12-17T16:09:15","date_gmt":"2025-12-17T16:09:15","guid":{"rendered":"https:\/\/www.europesays.com\/fr\/605552\/"},"modified":"2025-12-17T16:09:15","modified_gmt":"2025-12-17T16:09:15","slug":"adieu-loic-nottet-se-devoile-sur-un-lit-dhopital-et-suscite-linquietude-de-ses-fans","status":"publish","type":"post","link":"https:\/\/www.europesays.com\/fr\/605552\/","title":{"rendered":"\u00ab\u00a0Adieu\u00a0\u00bb\u00a0: Lo\u00efc Nottet se d\u00e9voile sur un lit d&rsquo;h\u00f4pital et suscite l&rsquo;inqui\u00e9tude de ses fans"},"content":{"rendered":"<p>      R\u00e9sum\u00e9<\/p>\n<p>Une semaine apr\u00e8s son duo avec Helena \u00e0 Bruxelles, Lo\u00efc Nottet est \u00e0 l&rsquo;h\u00f4pital puisque le chanteur de 29 ans vient de se faire op\u00e9rer des dents de sagesse et a fait part de son d\u00e9sarroi sur son compte Instagram. <\/p>\n<p>        Sommaire<\/p>\n<p>La semaine derni\u00e8re, les fans d&rsquo;Helena sont all\u00e9s l&rsquo;applaudir <strong>sur la sc\u00e8ne du Forest National \u00e0 Bruxelles <\/strong>dans le cadre de sa grande tourn\u00e9e qui a d\u00e9marr\u00e9 le 16\u00a0octobre dernier. Deux soirs de suite, la demi-finaliste de la \u00ab\u00a0Star Academy\u00a0\u00bb s&rsquo;est produit dans la <strong>plus grande salle de concert<\/strong> de la capitale belge. Un rendez-vous au cours duquel <a href=\"https:\/\/www.public.fr\/loic-nottet-invite-du-prime-exceptionnel-de-la-star-academy-son-pantalon-craque-completement-sur-scene\" target=\"_blank\" rel=\"noopener\">un autre artiste<\/a> du plat pays est venu partager la sc\u00e8ne avec elle le temps d&rsquo;un duo. Cet artiste, c&rsquo;est <strong>Lo\u00efc Nottet.<\/strong><\/p>\n<p>Ensemble, les deux chanteurs ont partag\u00e9 le titre Mr\/Mme sorti en 2020. Un joli moment de partage mais, malheureusement, <strong>l&rsquo;ambiance a radicalement chang\u00e9<\/strong> les jours suivants pour <a href=\"https:\/\/www.public.fr\/eurovision-2026-loic-nottet-est-de-retour\" target=\"_blank\" rel=\"noopener\">le gagnant de la sixi\u00e8me saison de \u00ab\u00a0Danse avec les stars\u00a0\u00bb<\/a>. En effet, via son canal sur Instagram, <a href=\"https:\/\/www.public.fr\/jarry-et-loic-nottet-debarquent-par-surprise-en-plein-concert-de-la-star-academy\" target=\"_blank\" rel=\"noopener\">l&rsquo;interpr\u00e8te de Million Eyes<\/a> a post\u00e9 un clich\u00e9 alarmant ce mardi 16\u00a0d\u00e9cembre sur lequel on peut le voir allong\u00e9 sur un lit d&rsquo;h\u00f4pital avec, en l\u00e9gende, un simple mot\u00a0: \u00ab\u00a0<strong>Adieu<\/strong>\u00ab\u00a0. <\/p>\n<p>Toutefois, \u00e0 cet \u00ab\u00a0adieu\u00a0\u00bb, Lo\u00efc Nottet a ajout\u00e9 <strong>un \u00e9moji \u00ab\u00a0dent\u00a0\u00bb <\/strong>ce qui a permis \u00e0 ses fans de rapidement comprendre ce qui arrive \u00e0 leur idole et de ne pas s&rsquo;inqui\u00e9ter outre mesure. <\/p>\n<p><img loading=\"lazy\" decoding=\"async\" width=\"243\" height=\"525\" src=\"data:image\/svg+xml,%3Csvg%20xmlns=\" http:=\"\" alt=\"&quot;Adieu&quot; : Lo\u00efc Nottet se d\u00e9voile sur un lit d'h\u00f4pital et suscite l'inqui\u00e9tude de ses fans\" data-lazy- data-lazy- data-lazy-src=\"https:\/\/www.europesays.com\/fr\/wp-content\/uploads\/2025\/12\/Screenshot-2025-12-17-at-12-52-16-Ca-me-frustre-de-ouf-Loic-Nottet-se-montre-sur-son-lit-dhopital-qu.png\"\/><\/p>\n<p>Capture Instagram Lo\u00efc Nottet<\/p>\n<p>Lo\u00efc Nottet alit\u00e9\u00a0: que lui arrive-t-il\u00a0?<\/p>\n<p>Sous sa publication, <a href=\"https:\/\/www.google.com\/url?sa=t&amp;source=web&amp;rct=j&amp;opi=89978449&amp;url=https:\/\/vsd.fr\/12957-video-decouvrez-million-eyes-le-clip-de-loic-nottet-le-gagnant-de-danse-avec-les-stars\/&amp;ved=2ahUKEwiogIyk3MSRAxWST6QEHSSiCvMQFnoECCEQAQ&amp;usg=AOvVaw1ZduD2OT9LsvphprN0iNxA\" target=\"_blank\" rel=\"noopener\">l&rsquo;ancien repr\u00e9sentant de la Belgique \u00e0 l&rsquo;Eurovision<\/a> a apport\u00e9 d&rsquo;autres pr\u00e9cisions. \u00ab\u00a0<strong>En esp\u00e9rant que je ne me transforme pas en hamster, ah ah ah<\/strong>\u00ab\u00a0, a-t-il ajout\u00e9. Rapidement, ses followers ont alors fait le lien. <a href=\"https:\/\/www.google.com\/url?sa=t&amp;source=web&amp;rct=j&amp;opi=89978449&amp;url=https:\/\/www.public.fr\/loic-nottet-7-ans-apres-sa-victoire-finale-dans-danse-avec-les-stars-priscilla-betti-revele-le-scandale&amp;ved=2ahUKEwiogIyk3MSRAxWST6QEHSSiCvMQFnoECDsQAQ&amp;usg=AOvVaw3SM-j6BZNPRp8EvC9PjqY8\" target=\"_blank\" rel=\"noopener\">Le chanteur de 29 ans <\/a>s&rsquo;est fait op\u00e9rer des dents de sagesse. Une <strong>intervention courante<\/strong> bien que particuli\u00e8rement douloureuse.<\/p>\n<p>\u00c9videmment, en marge de cette publication \u00e9galement post\u00e9e en story, les<strong> messages de soutien<\/strong> n&rsquo;ont pas tard\u00e9 \u00e0 affluer. \u00ab\u00a0<strong>Bon r\u00e9tablissement et force \u00e0 toi<\/strong>\u00a0\u00bb a \u00e9crit Sylvain sans compter le nombre incalculable de \u00ab\u00a0<strong>Bon courage<\/strong>\u00a0\u00bb envoy\u00e9s par d&rsquo;autres fans. Enfin, Lo\u00efc Nottet a laiss\u00e9 <strong>une petite note vocale <\/strong>\u00e0 ses abonn\u00e9s dans son canal afin de d\u00e9voiler ce qui risque de plus lui manquer ces prochains jours\u00a0: \u00ab\u00a0Je pense que <strong>ce qui va le plus me d\u00e9primer c&rsquo;est la bouffe.<\/strong> J&rsquo;ai m\u00e9ga faim et en m\u00eame temps je n&rsquo;ai pas envie de manger parce que je ne peux pas manger ce que je veux\u00a0\u00bb, a-t-il fait savoir.<\/p>\n<p>\n          Hits &amp; People en continu\n        <\/p>\n<p>\n          Public Radio\n        <\/p>\n<p>      Mentionn\u00e9s dans cet article<\/p>\n<p>      Sur le m\u00eame sujet<\/p>\n","protected":false},"excerpt":{"rendered":"R\u00e9sum\u00e9 Une semaine apr\u00e8s son duo avec Helena \u00e0 Bruxelles, Lo\u00efc Nottet est \u00e0 l&rsquo;h\u00f4pital puisque le chanteur&hellip;\n","protected":false},"author":2,"featured_media":605553,"comment_status":"","ping_status":"","sticky":false,"template":"","format":"standard","meta":{"footnotes":""},"categories":[1355],"tags":[37364,58,59,1011,27,100,2440,71698,1361,873,71],"class_list":{"0":"post-605552","1":"post","2":"type-post","3":"status-publish","4":"format-standard","5":"has-post-thumbnail","7":"category-musique","8":"tag-dent","9":"tag-divertissement","10":"tag-entertainment","11":"tag-fr","12":"tag-france","13":"tag-hopital","14":"tag-instagram","15":"tag-loic-nottet","16":"tag-music","17":"tag-musique","18":"tag-sante"},"share_on_mastodon":{"url":"https:\/\/pubeurope.com\/@fr\/115735781234887110","error":""},"_links":{"self":[{"href":"https:\/\/www.europesays.com\/fr\/wp-json\/wp\/v2\/posts\/605552","targetHints":{"allow":["GET"]}}],"collection":[{"href":"https:\/\/www.europesays.com\/fr\/wp-json\/wp\/v2\/posts"}],"about":[{"href":"https:\/\/www.europesays.com\/fr\/wp-json\/wp\/v2\/types\/post"}],"author":[{"embeddable":true,"href":"https:\/\/www.europesays.com\/fr\/wp-json\/wp\/v2\/users\/2"}],"replies":[{"embeddable":true,"href":"https:\/\/www.europesays.com\/fr\/wp-json\/wp\/v2\/comments?post=605552"}],"version-history":[{"count":0,"href":"https:\/\/www.europesays.com\/fr\/wp-json\/wp\/v2\/posts\/605552\/revisions"}],"wp:featuredmedia":[{"embeddable":true,"href":"https:\/\/www.europesays.com\/fr\/wp-json\/wp\/v2\/media\/605553"}],"wp:attachment":[{"href":"https:\/\/www.europesays.com\/fr\/wp-json\/wp\/v2\/media?parent=605552"}],"wp:term":[{"taxonomy":"category","embeddable":true,"href":"https:\/\/www.europesays.com\/fr\/wp-json\/wp\/v2\/categories?post=605552"},{"taxonomy":"post_tag","embeddable":true,"href":"https:\/\/www.europesays.com\/fr\/wp-json\/wp\/v2\/tags?post=605552"}],"curies":[{"name":"wp","href":"https:\/\/api.w.org\/{rel}","templated":true}]}}