{"id":605556,"date":"2025-12-17T16:11:13","date_gmt":"2025-12-17T16:11:13","guid":{"rendered":"https:\/\/www.europesays.com\/fr\/605556\/"},"modified":"2025-12-17T16:11:13","modified_gmt":"2025-12-17T16:11:13","slug":"ces-5-signes-peuvent-preceder-la-maladie-de-plusieurs-annees","status":"publish","type":"post","link":"https:\/\/www.europesays.com\/fr\/605556\/","title":{"rendered":"ces 5 signes peuvent pr\u00e9c\u00e9der la maladie de plusieurs ann\u00e9es"},"content":{"rendered":"<p>Scl\u00e9rose en plaques : des signes avant-coureurs longtemps<br \/>\nignor\u00e9s<\/p>\n<p>Et si tout commen\u00e7ait par des signaux que l\u2019on croit anodins ?<br \/>\nLa <strong>scl\u00e9rose en plaques<\/strong> est une maladie<br \/>\nneurologique auto-immune qui touche pr\u00e8s de deux millions de<br \/>\npersonnes dans le monde. Elle frappe souvent des adultes jeunes et<br \/>\nson expression varie d\u2019un patient \u00e0 l\u2019autre, ce qui complique le<br \/>\ndiagnostic. Entre premiers ressentis diffus et pouss\u00e9es<br \/>\nneurologiques plus nettes, la trajectoire reste d\u00e9routante pour les<br \/>\nmalades comme pour les soignants.<\/p>\n<p>Au d\u00e9but, beaucoup d\u00e9crivent une errance o\u00f9 leurs plaintes sont<br \/>\nminimis\u00e9es. Les m\u00e9decins l\u2019admettent : identifier des<br \/>\n<strong>signes avant-coureurs<\/strong> fiables n\u2019est pas simple.<br \/>\nDes \u00e9quipes fran\u00e7aises ont pourtant mis au jour cinq marqueurs<br \/>\ndiscrets qui pr\u00e9c\u00e8dent parfois le diagnostic de plusieurs ann\u00e9es.<br \/>\nReste \u00e0 savoir lesquels.<\/p>\n<p>\u00c9tude fran\u00e7aise et errance : vers des sympt\u00f4mes pr\u00e9coces de la<br \/>\nSEP<\/p>\n<p>Le parcours d\u2019Amandine, diagnostiqu\u00e9e \u00e0 16 ans apr\u00e8s sept ans<br \/>\nd\u2019errance, r\u00e9sonne chez de nombreux patients. \u00ab\u00a0Combien de fois les<br \/>\nm\u00e9decins m\u2019ont-ils dit : mais c\u2019est dans votre t\u00eate !\u00a0\u00bb \u00ab\u00a0Ils me<br \/>\ndisaient m\u00eame que j\u2019\u00e9tais folle.\u00a0\u00bb, t\u00e9moigne Amandine, selon La<br \/>\nD\u00e9p\u00eache. Elle rapportait fourmillements, fatigue chronique,<br \/>\nvertiges, naus\u00e9es, phases d\u00e9pressives, troubles digestifs et de la<br \/>\nmarche. En France, la SEP concerne environ 120 000 personnes, deux<br \/>\ntiers sont des femmes, avec un \u00e2ge moyen au diagnostic de 32<br \/>\nans.<\/p>\n<p>Pour mieux cerner les <strong>sympt\u00f4mes pr\u00e9coces<\/strong>,<br \/>\nl\u2019\u00e9quipe des Prs Octave Guinebretiere et Thomas Nedelac a pass\u00e9 en<br \/>\nrevue 113 sympt\u00f4mes sur une fen\u00eatre de cinq ans, en comparant 20<br \/>\n174 patients avec SEP \u00e0 54 790 t\u00e9moins, et \u00e0 30 477 patients<br \/>\natteints d\u2019une maladie de Crohn et 7 337 d\u2019un lupus. L\u2019OMS d\u00e9finit<br \/>\nla SEP comme une \u00ab\u00a0affection qui survient lorsque le syst\u00e8me<br \/>\nimmunitaire attaque le cerveau et la moelle \u00e9pini\u00e8re\u00a0\u00bb, pr\u00e9cise<br \/>\nl\u2019Organisation mondiale de la sant\u00e9.<\/p>\n<p>Les 5 signes avant-coureurs de la scl\u00e9rose en plaques \u00e0<br \/>\nconna\u00eetre<\/p>\n<p>Au terme de cette analyse, cinq signaux ressortent comme plus<br \/>\nfr\u00e9quents jusqu\u2019\u00e0 cinq ans avant le diagnostic : la<br \/>\n<strong>d\u00e9pression<\/strong>, des <strong>troubles sexuels<\/strong>,<br \/>\nla <strong>constipation<\/strong>, la <strong>cystite<\/strong> et<br \/>\nd\u2019autres <strong>infections urinaires<\/strong>. Des sympt\u00f4mes<br \/>\nbanals, souvent attribu\u00e9s au stress, \u00e0 des troubles fonctionnels ou<br \/>\n\u00e0 des infections isol\u00e9es. Ce sont pourtant les manifestations qui<br \/>\nse distinguent statistiquement chez les personnes qui d\u00e9velopperont<br \/>\nune SEP, par rapport aux t\u00e9moins.<\/p>\n<p>Les chercheurs ont aussi observ\u00e9 que ces signes ne disparaissent<br \/>\npas au diagnostic : ils tendent \u00e0 persister, parfois \u00e0 s\u2019accentuer<br \/>\ndans les ann\u00e9es suivantes. Cette p\u00e9riode d\u2019installation<br \/>\nsilencieuse, proche d\u2019une phase prodromique, ne dit pas tout de la<br \/>\nmaladie mais \u00e9claire son \u00ab\u00a0histoire naturelle\u00a0\u00bb. D\u2019o\u00f9 l\u2019int\u00e9r\u00eat de ne<br \/>\npas balayer trop vite ces plaintes quand elles s\u2019accumulent ou<br \/>\ndurent.<\/p>\n<p>Quand consulter face \u00e0 ces sympt\u00f4mes<br \/>\nannonciateurs ?<\/p>\n<p>Attention au faux raccourci : ces cinq signes ne suffisent pas \u00e0<br \/>\ndiagnostiquer une SEP et sont aussi observ\u00e9s chez des patients<br \/>\natteints de maladie de Crohn ou de lupus. \u00ab\u00a0L\u2019enjeu aujourd\u2019hui est<br \/>\nde d\u00e9tecter la maladie au plus t\u00f4t, bien avant que les l\u00e9sions<br \/>\nsoient visibles par IRM, dans l\u2019espoir de retarder au maximum<br \/>\nl\u2019apparition du handicap\u00a0\u00bb, explique la Pr C\u00e9line Louapre. Les<br \/>\ncliniciens rappellent que la plupart des personnes pr\u00e9sentant ces<br \/>\nsympt\u00f4mes ne d\u00e9velopperont jamais de SEP.<\/p>\n<p>Pour cibler les populations \u00e0 risque, le contexte compte. \u00ab\u00a0L\u2019une<br \/>\ndes grandes difficult\u00e9s de la scl\u00e9rose en plaques est [en effet]<br \/>\nque nous n\u2019observons pas de correspondance stricte entre la gravit\u00e9<br \/>\ndes l\u00e9sions pr\u00e9sentes sur les fibres nerveuses et les sympt\u00f4mes des<br \/>\npatients. Cela limite consid\u00e9rablement notre capacit\u00e9 \u00e0 pr\u00e9dire<br \/>\nl\u2019\u00e9volution de la maladie\u00a0\u00bb. Dans certaines formes familiales, \u00ab\u00a0ces<br \/>\nsignes contribueront \u00e0 alerter au plus t\u00f4t, et peut-\u00eatre \u00e0<br \/>\nintervenir au niveau th\u00e9rapeutique\u00a0\u00bb. Premi\u00e8re cause de handicap<br \/>\ns\u00e9v\u00e8re non traumatique chez les jeunes adultes, la SEP impose ce<br \/>\nchangement de regard.<\/p>\n","protected":false},"excerpt":{"rendered":"Scl\u00e9rose en plaques : des signes avant-coureurs longtemps ignor\u00e9s Et si tout commen\u00e7ait par des signaux que l\u2019on&hellip;\n","protected":false},"author":2,"featured_media":605557,"comment_status":"","ping_status":"","sticky":false,"template":"","format":"standard","meta":{"footnotes":""},"categories":[10],"tags":[9638,7495,9122,1805,3026,1011,27,72,4743,226,10936,61278,2513,71722,71,61277,44863],"class_list":{"0":"post-605556","1":"post","2":"type-post","3":"status-publish","4":"format-standard","5":"has-post-thumbnail","7":"category-sante","8":"tag-9638","9":"tag-annees","10":"tag-ces","11":"tag-de","12":"tag-en","13":"tag-fr","14":"tag-france","15":"tag-health","16":"tag-la","17":"tag-maladie","18":"tag-peuvent","19":"tag-plaques","20":"tag-plusieurs","21":"tag-preceder","22":"tag-sante","23":"tag-sclerose","24":"tag-signes"},"share_on_mastodon":{"url":"https:\/\/pubeurope.com\/@fr\/115735788844324896","error":""},"_links":{"self":[{"href":"https:\/\/www.europesays.com\/fr\/wp-json\/wp\/v2\/posts\/605556","targetHints":{"allow":["GET"]}}],"collection":[{"href":"https:\/\/www.europesays.com\/fr\/wp-json\/wp\/v2\/posts"}],"about":[{"href":"https:\/\/www.europesays.com\/fr\/wp-json\/wp\/v2\/types\/post"}],"author":[{"embeddable":true,"href":"https:\/\/www.europesays.com\/fr\/wp-json\/wp\/v2\/users\/2"}],"replies":[{"embeddable":true,"href":"https:\/\/www.europesays.com\/fr\/wp-json\/wp\/v2\/comments?post=605556"}],"version-history":[{"count":0,"href":"https:\/\/www.europesays.com\/fr\/wp-json\/wp\/v2\/posts\/605556\/revisions"}],"wp:featuredmedia":[{"embeddable":true,"href":"https:\/\/www.europesays.com\/fr\/wp-json\/wp\/v2\/media\/605557"}],"wp:attachment":[{"href":"https:\/\/www.europesays.com\/fr\/wp-json\/wp\/v2\/media?parent=605556"}],"wp:term":[{"taxonomy":"category","embeddable":true,"href":"https:\/\/www.europesays.com\/fr\/wp-json\/wp\/v2\/categories?post=605556"},{"taxonomy":"post_tag","embeddable":true,"href":"https:\/\/www.europesays.com\/fr\/wp-json\/wp\/v2\/tags?post=605556"}],"curies":[{"name":"wp","href":"https:\/\/api.w.org\/{rel}","templated":true}]}}