{"id":605562,"date":"2025-12-17T16:14:13","date_gmt":"2025-12-17T16:14:13","guid":{"rendered":"https:\/\/www.europesays.com\/fr\/605562\/"},"modified":"2025-12-17T16:14:13","modified_gmt":"2025-12-17T16:14:13","slug":"cest-laffaire-du-moment-sur-amazon","status":"publish","type":"post","link":"https:\/\/www.europesays.com\/fr\/605562\/","title":{"rendered":"c&rsquo;est l&rsquo;affaire du moment sur Amazon"},"content":{"rendered":"<p><strong>Le vid\u00e9oprojecteur de poche Kodak Luma 150 affiche son meilleur prix \u00e0 217,99\u20ac sur Amazon et s\u2019impose comme le num\u00e9ro 1 des ventes dans la cat\u00e9gorie Ensembles home cin\u00e9ma.<\/strong><\/p>\n<p>Amazon frappe fort avec cette promotion sur le Kodak Luma 150 Pocket, un vid\u00e9oprojecteur portable qui conna\u00eet un succ\u00e8s fulgurant.<strong> Affich\u00e9 \u00e0 217,99\u20ac<\/strong> au lieu de 299\u20ac, <a href=\"https:\/\/fliz.ly\/EMBYz_w\" target=\"_blank\" rel=\"noreferrer noopener sponsored\">ce mini projecteur b\u00e9n\u00e9ficie d\u2019une r\u00e9duction de 27%<\/a> et surtout, il atteint <strong>son prix le plus bas<\/strong> sur les 30 derniers jours, p\u00e9riode Black Friday incluse, o\u00f9 il co\u00fbtait encore 246,99\u20ac.<\/p>\n<p>Son <strong>format ultra-compact<\/strong> et sa polyvalence en font un appareil id\u00e9al pour transformer n\u2019importe quel mur en <strong>\u00e9cran de 150 pouces<\/strong>, que ce soit pour vos soir\u00e9es cin\u00e9ma \u00e0 la maison ou vos pr\u00e9sentations professionnelles.<\/p>\n<p>Une offre imbattable pour un projecteur best-seller<\/p>\n<p>Ce prix de 217,99\u20ac repr\u00e9sente <strong>une \u00e9conomie de 81\u20ac<\/strong> par rapport au tarif habituel, mais surtout une r\u00e9duction suppl\u00e9mentaire de 29\u20ac compar\u00e9 au prix du Black Friday. Le Kodak Luma 150 Pocket s\u2019impose actuellement comme le num\u00e9ro 1 des ventes dans <a href=\"https:\/\/fliz.ly\/yG0AG_w\" target=\"_blank\" rel=\"noreferrer noopener sponsored\">la cat\u00e9gorie Ensembles home cin\u00e9ma sur Amazon<\/a>. Il pr\u00e9sente <strong>un excellent rapport qualit\u00e9-prix<\/strong> pour un appareil qui combine technologie DLP, autonomie de 2,5 heures et connectivit\u00e9 multiple.<\/p>\n<p>L\u2019offre est d\u2019autant plus int\u00e9ressante qu\u2019elle s\u2019accompagne de la<strong> garantie constructeur de 2 ans<\/strong> et de tous les accessoires n\u00e9cessaires : c\u00e2ble HDMI, c\u00e2ble micro-USB et guide de d\u00e9marrage rapide. Pour les ind\u00e9cis, Amazon propose<strong> une livraison rapide<\/strong> et la possibilit\u00e9 de retour, ce qui r\u00e9duit consid\u00e9rablement le risque d\u2019achat.<br \/>Si vous recherchez d\u2019autres options dans cette gamme de prix, d\u00e9couvrez <a href=\"https:\/\/www.ecranlarge.com\/high-tech\/conseils\/videoprojecteurs-moins-de-500-euros\" target=\"_blank\" rel=\"noopener\">notre s\u00e9lection des meilleurs vid\u00e9oprojecteurs \u00e0 moins de 500\u20ac<\/a>. <\/p>\n<p>Et si vous souhaitez <strong>comparer tous les prix<\/strong>, rendez-vous sur le <a href=\"https:\/\/fliz.ly\/GMB0r_w\" target=\"_blank\" rel=\"noreferrer noopener sponsored\">Top ventes TV Vid\u00e9o d\u2019Amazon<\/a>.<\/p>\n<p>Un vid\u00e9oprojecteur de poche aux multiples atouts<a href=\"https:\/\/www.ecranlarge.com\/content\/uploads\/2025\/12\/promo-bon-plan-el-tech5.jpg\" target=\"_blank\" rel=\"noopener\"><\/p>\n<p><img loading=\"lazy\" decoding=\"async\" alt=\"Le vid\u00e9oprojecteur Kodak Luma 150 est portable et facile \u00e0 transporter.\" src=\"https:\/\/www.europesays.com\/fr\/wp-content\/uploads\/2025\/12\/promo-bon-plan-el-tech5-1260x709.jpg\" width=\"1260\" height=\"709\"  \/><\/p>\n<p><\/a>\u00a9 Kodak<\/p>\n<p>Avec ses dimensions de seulement 9,9 x 9,9 x 2,3 cm pour 220 grammes, le Kodak Luma 150 Pocket se glisse facilement dans un sac. Cette compacit\u00e9 remarquable n\u2019emp\u00eache pas l\u2019appareil de <strong>projeter des images jusqu\u2019\u00e0 150 pouces<\/strong> en format 16:9, pratique pour des sessions cin\u00e9ma improvis\u00e9es en d\u00e9placement ou dans une pi\u00e8ce sombre. La technologie DLP assure une bonne uniformit\u00e9 des couleurs et un contraste de 1500:1.<\/p>\n<p>Le projecteur mise sur la polyvalence avec ses entr\u00e9es HDMI, micro-USB et microSD, compl\u00e9t\u00e9es par la <strong>duplication d\u2019\u00e9cran sans fil via AirPlay et Miracast<\/strong>. Smartphone, tablette, ordinateur ou console se connectent en quelques secondes. Le <strong>haut-parleur int\u00e9gr\u00e9<\/strong> de 1,5W suffit pour un usage nomade, et la prise jack 3,5mm permet de brancher un syst\u00e8me audio externe pour plus d\u2019immersion.<\/p>\n<p>La batterie rechargeable offre<strong> 2,5 heures d\u2019autonomie<\/strong>, parfait pour visionner un film complet sans fil. Les commandes tactiles int\u00e9gr\u00e9es \u00e9liminent le besoin d\u2019une t\u00e9l\u00e9commande, tandis que le filetage au bas de l\u2019appareil permet de le fixer sur un tr\u00e9pied. Des pr\u00e9sentations professionnelles au streaming Netflix via son smartphone en passant par les soir\u00e9es gaming, le Luma 150 s\u2019adapte \u00e0 <strong>tous les usages<\/strong>.<\/p>\n<p>En bref, \u00e0 217,99\u20ac, le Kodak Luma 150 Pocket repr\u00e9sente<strong> une excellente porte d\u2019entr\u00e9e vers la projection portable pour moins de 220\u20ac<\/strong>. Son succ\u00e8s commercial sur Amazon confirme qu\u2019il r\u00e9pond aux attentes d\u2019un large public \u00e0 la recherche d\u2019un appareil <strong>compact et polyvalent<\/strong>. Et pour ceux qui recherchent une alternative plus puissante et r\u00e9cente, <a href=\"https:\/\/www.ecranlarge.com\/high-tech\/actu\/lancement-xgimi-vibe-one\" target=\"_blank\" rel=\"noopener\">le XGIMI Vibe One m\u00e9rite \u00e9galement votre attention<\/a>.<\/p>\n","protected":false},"excerpt":{"rendered":"Le vid\u00e9oprojecteur de poche Kodak Luma 150 affiche son meilleur prix \u00e0 217,99\u20ac sur Amazon et s\u2019impose comme&hellip;\n","protected":false},"author":2,"featured_media":605563,"comment_status":"","ping_status":"","sticky":false,"template":"","format":"standard","meta":{"footnotes":""},"categories":[7],"tags":[1011,27,43,40,41,39,42,44],"class_list":{"0":"post-605562","1":"post","2":"type-post","3":"status-publish","4":"format-standard","5":"has-post-thumbnail","7":"category-sciences-et-technologies","8":"tag-fr","9":"tag-france","10":"tag-science","11":"tag-science-and-technology","12":"tag-sciences","13":"tag-sciences-et-technologies","14":"tag-technologies","15":"tag-technology"},"share_on_mastodon":{"url":"https:\/\/pubeurope.com\/@fr\/115735800409261543","error":""},"_links":{"self":[{"href":"https:\/\/www.europesays.com\/fr\/wp-json\/wp\/v2\/posts\/605562","targetHints":{"allow":["GET"]}}],"collection":[{"href":"https:\/\/www.europesays.com\/fr\/wp-json\/wp\/v2\/posts"}],"about":[{"href":"https:\/\/www.europesays.com\/fr\/wp-json\/wp\/v2\/types\/post"}],"author":[{"embeddable":true,"href":"https:\/\/www.europesays.com\/fr\/wp-json\/wp\/v2\/users\/2"}],"replies":[{"embeddable":true,"href":"https:\/\/www.europesays.com\/fr\/wp-json\/wp\/v2\/comments?post=605562"}],"version-history":[{"count":0,"href":"https:\/\/www.europesays.com\/fr\/wp-json\/wp\/v2\/posts\/605562\/revisions"}],"wp:featuredmedia":[{"embeddable":true,"href":"https:\/\/www.europesays.com\/fr\/wp-json\/wp\/v2\/media\/605563"}],"wp:attachment":[{"href":"https:\/\/www.europesays.com\/fr\/wp-json\/wp\/v2\/media?parent=605562"}],"wp:term":[{"taxonomy":"category","embeddable":true,"href":"https:\/\/www.europesays.com\/fr\/wp-json\/wp\/v2\/categories?post=605562"},{"taxonomy":"post_tag","embeddable":true,"href":"https:\/\/www.europesays.com\/fr\/wp-json\/wp\/v2\/tags?post=605562"}],"curies":[{"name":"wp","href":"https:\/\/api.w.org\/{rel}","templated":true}]}}