{"id":605564,"date":"2025-12-17T16:15:14","date_gmt":"2025-12-17T16:15:14","guid":{"rendered":"https:\/\/www.europesays.com\/fr\/605564\/"},"modified":"2025-12-17T16:15:14","modified_gmt":"2025-12-17T16:15:14","slug":"elon-musk-devient-la-premiere-personnalite-a-posseder-une-fortune-de-plus-de-600-milliards-de-dollars","status":"publish","type":"post","link":"https:\/\/www.europesays.com\/fr\/605564\/","title":{"rendered":"Elon Musk devient la premi\u00e8re personnalit\u00e9 \u00e0 poss\u00e9der une fortune de plus de 600 milliards de dollars"},"content":{"rendered":"<p>\n    Le patrimoine de l\u2019homme le plus riche du monde a encore bondi d\u00e9but de semaine, apr\u00e8s que la capitalisation boursi\u00e8re de SpaceX a explos\u00e9 \u00e0 plus de 800 milliards de dollars, en lien avec une vente d\u2019actions.<\/p>\n<p class=\"fig-paragraph\">Jusqu\u2019o\u00f9 va grimper la fortune d\u2019<a href=\"http:\/\/www.lefigaro.fr\/flash-actu\/au-lieu-de-faire-doge-j-aurais-tout-simplement-du-travailler-a-mes-entreprises-elon-musk-revient-sur-l-echec-de-son-ministere-20251210\" target=\"_blank\" data-fig-type=\"NewsFlash\" rel=\"noopener\" data-gtm-custom-categorie=\"navigation\" data-gtm-custom-action=\"crossclick\" data-gtm-custom-label=\"Contextuel\" data-gtm-event=\"customEventSPE\" data-fig-domain=\"LEFIGARO\">Elon Musk<\/a>\u00a0? Le patron de Tesla et SpaceX est devenu lundi la premi\u00e8re personnalit\u00e9 au monde \u00e0 voir sa fortune d\u00e9passer la barre des 600 milliards de dollars. Ce mercredi matin, selon le classement en temps r\u00e9el de Forbes, sa richesse \u00e9tait m\u00eame estim\u00e9e \u00e0 684 milliards de dollars (584 milliards d\u2019euros).<\/p>\n<p class=\"fig-paragraph\">Si, en septembre dernier, il avait \u00e9t\u00e9 d\u00e9tr\u00f4n\u00e9 de la premi\u00e8re place par\u00a0<a href=\"http:\/\/www.lefigaro.fr\/conjoncture\/charismatique-arrogant-impitoyable-qui-est-larry-ellison-l-homme-qui-a-detrone-elon-musk-comme-premiere-fortune-mondiale-20250910\" target=\"_blank\" data-fig-type=\"NewsFlash\" rel=\"noopener\" data-gtm-custom-categorie=\"navigation\" data-gtm-custom-action=\"crossclick\" data-gtm-custom-label=\"Contextuel\" data-gtm-event=\"customEventSPE\" data-fig-domain=\"LEFIGARO\">Larry Ellison<\/a>, fondateur du g\u00e9ant technologique Oracle, Elon Musk a rapidement repris son tr\u00f4ne, et voit depuis sa fortune gonfler de semaine en semaine. En octobre, il avait d\u00e9j\u00e0 \u00e9t\u00e9 le premier \u00e0 voir sa fortune\u00a0<a href=\"http:\/\/www.lefigaro.fr\/societes\/elon-musk-franchit-la-barre-des-500-milliards-de-dollars-en-patrimoine-20251002\" target=\"_blank\" data-fig-type=\"NewsFlash\" rel=\"noopener\" data-gtm-custom-categorie=\"navigation\" data-gtm-custom-action=\"crossclick\" data-gtm-custom-label=\"Contextuel\" data-gtm-event=\"customEventSPE\" data-fig-domain=\"LEFIGARO\">atteindre les 500 milliards de dollars<\/a>\u00a0&#8211; et le seul encore aujourd\u2019hui. L\u2019\u00e9cart avec ses poursuivants est abyssal. Le patrimoine cumul\u00e9 des deuxi\u00e8me et troisi\u00e8me du classement, respectivement Larry Page, cofondateur de Google (252 milliards), et Larry Ellison (240 milliards), n\u2019atteint m\u00eame pas le montant de la fortune enti\u00e8re d\u2019Elon Musk.<\/p>\n<p>                                            <a class=\"fig-a11y-skip\" href=\"#fig-a11y-skip-main-inarticle\" data-module=\"a11y-skip\" data-context=\"was @visible\"><br \/>\n    Passer la publicit\u00e9<br \/>\n<\/a>            <\/p>\n<p class=\"fig-paragraph\">Fortune qui s\u2019est envol\u00e9e de 168 milliards de dollars lundi, lui valant de d\u00e9passer la barre des 600 milliards de dollars. La raison est \u00e0 chercher du c\u00f4t\u00e9 de SpaceX, dont Elon Musk d\u00e9tient environ 42%. En d\u00e9but de semaine, la soci\u00e9t\u00e9 spatiale a vu sa capitalisation boursi\u00e8re exploser \u00e0 plus de 800 milliards de dollars, apr\u00e8s qu\u2019elle a finalis\u00e9 une vente d\u2019actions sur le march\u00e9 secondaire. De quoi faire du constructeur de fus\u00e9es l\u2019entreprise priv\u00e9e la plus valoris\u00e9e au monde. Comme le souligne Forbes, les parts d\u2019Elon Musk dans SpaceX sont aujourd\u2019hui son actif le plus pr\u00e9cieux, estim\u00e9 \u00e0 336 milliards de dollars, devant sa participation de 12% dans Tesla (197 milliards).<\/p>\n<p>                                            Future introduction en Bourse de SpaceX<\/p>\n<p class=\"fig-paragraph\">La fortune d\u2019Elon Musk pourrait encore cro\u00eetre, \u00e0 la faveur de\u00a0<a href=\"http:\/\/www.lefigaro.fr\/economie\/une-valorisation-estimee-a-1500-milliards-de-dollars-pourquoi-elon-musk-veut-introduire-spacex-en-bourse-20251212\" target=\"_blank\" data-fig-type=\"Article\" rel=\"noopener\" data-gtm-custom-categorie=\"navigation\" data-gtm-custom-action=\"crossclick\" data-gtm-custom-label=\"Contextuel\" data-gtm-event=\"customEventSPE\" data-fig-domain=\"LEFIGARO\">la future introduction en Bourse de SpaceX<\/a>, pr\u00e9vue pour la fin 2026, voire 2027. L\u2019entreprise vise en effet \u00e0 ce moment-l\u00e0 une valorisation colossale d\u2019environ 1500 milliards de dollars. Le milliardaire d\u2019origine sud-africaine est donc en bonne voie pour devenir\u00a0<a href=\"http:\/\/www.lefigaro.fr\/conjoncture\/avec-une-croissance-inchangee-elon-musk-deviendrait-le-premier-billionnaire-d-ici-2027-20240908\" target=\"_blank\" data-fig-type=\"NewsFlash\" rel=\"noopener\" data-gtm-custom-categorie=\"navigation\" data-gtm-custom-action=\"crossclick\" data-gtm-custom-label=\"Contextuel\" data-gtm-event=\"customEventSPE\" data-fig-domain=\"LEFIGARO\">le premier billionnaire de la plan\u00e8te<\/a>, c\u2019est-\u00e0-dire \u00e0 poss\u00e9der 1000 milliards de dollars de richesse. D\u2019autant qu\u2019il dispose d\u2019autres voies pour atteindre un tel montant. En novembre, les actionnaires de Tesla ont approuv\u00e9\u00a0<a href=\"http:\/\/www.lefigaro.fr\/societes\/tesla-les-defis-qui-attendent-elon-musk-pour-decrocher-son-pactole-de-1000-milliards-de-dollars-20251107\" target=\"_blank\" data-fig-type=\"Article\" rel=\"noopener\" data-gtm-custom-categorie=\"navigation\" data-gtm-custom-action=\"crossclick\" data-gtm-custom-label=\"Contextuel\" data-gtm-event=\"customEventSPE\" data-fig-domain=\"LEFIGARO\">un plan de r\u00e9mun\u00e9ration \u00e0 1000 milliards de dollars<\/a>\u00a0en actions sur dix ans, promise \u00e0 Elon Musk \u00e0 condition que le constructeur de voitures \u00e9lectriques atteigne des objectifs ambitieux.<\/p>\n<p class=\"fig-paragraph\">Par ailleurs, la start-up d\u2019intelligence artificielle (IA) d\u2019Elon Musk, xAI, dont le milliardaire d\u00e9tient 53%, serait en pourparlers pour lever de nouveaux fonds, et atteindre ainsi une valorisation de 230 milliards de dollars. De quoi encore faire s\u2019envoler la fortune de l\u2019homme le plus riche du monde, \u00e0 la trajectoire m\u00e9t\u00e9orique\u00a0: il y a \u00e0 peine plus de cinq ans, sa fortune s\u2019\u00e9levait \u00abseulement\u00bb \u00e0 25 milliards de dollars.<\/p>\n","protected":false},"excerpt":{"rendered":"Le patrimoine de l\u2019homme le plus riche du monde a encore bondi d\u00e9but de semaine, apr\u00e8s que la&hellip;\n","protected":false},"author":2,"featured_media":605565,"comment_status":"","ping_status":"","sticky":false,"template":"","format":"standard","meta":{"footnotes":""},"categories":[6],"tags":[35,33,34,46,28068,1011,27],"class_list":{"0":"post-605564","1":"post","2":"type-post","3":"status-publish","4":"format-standard","5":"has-post-thumbnail","7":"category-economie","8":"tag-business","9":"tag-economie","10":"tag-economy","11":"tag-elon-musk","12":"tag-fortune","13":"tag-fr","14":"tag-france"},"share_on_mastodon":{"url":"","error":""},"_links":{"self":[{"href":"https:\/\/www.europesays.com\/fr\/wp-json\/wp\/v2\/posts\/605564","targetHints":{"allow":["GET"]}}],"collection":[{"href":"https:\/\/www.europesays.com\/fr\/wp-json\/wp\/v2\/posts"}],"about":[{"href":"https:\/\/www.europesays.com\/fr\/wp-json\/wp\/v2\/types\/post"}],"author":[{"embeddable":true,"href":"https:\/\/www.europesays.com\/fr\/wp-json\/wp\/v2\/users\/2"}],"replies":[{"embeddable":true,"href":"https:\/\/www.europesays.com\/fr\/wp-json\/wp\/v2\/comments?post=605564"}],"version-history":[{"count":0,"href":"https:\/\/www.europesays.com\/fr\/wp-json\/wp\/v2\/posts\/605564\/revisions"}],"wp:featuredmedia":[{"embeddable":true,"href":"https:\/\/www.europesays.com\/fr\/wp-json\/wp\/v2\/media\/605565"}],"wp:attachment":[{"href":"https:\/\/www.europesays.com\/fr\/wp-json\/wp\/v2\/media?parent=605564"}],"wp:term":[{"taxonomy":"category","embeddable":true,"href":"https:\/\/www.europesays.com\/fr\/wp-json\/wp\/v2\/categories?post=605564"},{"taxonomy":"post_tag","embeddable":true,"href":"https:\/\/www.europesays.com\/fr\/wp-json\/wp\/v2\/tags?post=605564"}],"curies":[{"name":"wp","href":"https:\/\/api.w.org\/{rel}","templated":true}]}}