{"id":605566,"date":"2025-12-17T16:16:16","date_gmt":"2025-12-17T16:16:16","guid":{"rendered":"https:\/\/www.europesays.com\/fr\/605566\/"},"modified":"2025-12-17T16:16:16","modified_gmt":"2025-12-17T16:16:16","slug":"la-hongrie-vote-une-loi-pouvant-conduire-le-maire-de-budapest-ecologiste-en-prison","status":"publish","type":"post","link":"https:\/\/www.europesays.com\/fr\/605566\/","title":{"rendered":"La Hongrie vote une loi pouvant conduire le maire de Budapest, \u00e9cologiste, en prison"},"content":{"rendered":"<p>                      <img loading=\"lazy\" decoding=\"async\" src=\"https:\/\/www.europesays.com\/fr\/wp-content\/uploads\/2025\/12\/196c833_upload-1-dc3vlxngspqn-000-642t4h6.jpg\" alt=\"Le maire \u00e9cologiste de la capitale hongroise, Gergely Karacsony, \u00e0 Budapest, le 27\u00a0juin 2025.\"   width=\"664\" height=\"443\"\/>    Le maire \u00e9cologiste de la capitale hongroise, Gergely Karacsony, \u00e0 Budapest, le 27\u00a0juin 2025.  ATTILA KISBENEDEK\/AFP                          <\/p>\n<p class=\"article__paragraph  \">Le Parlement hongrois a vot\u00e9, mercredi 17\u00a0d\u00e9cembre, une loi qui pourrait obliger la municipalit\u00e9 de Budapest, \u00e0 court de liquidit\u00e9s, \u00e0 emprunter de l\u2019argent dans des conditions floues et pouvant conduire en prison le maire, membre de l\u2019opposition.<\/p>\n<p class=\"article__paragraph  \">La mesure concernant cette bou\u00e9e de sauvetage financi\u00e8re a \u00e9t\u00e9 adopt\u00e9e quelques semaines apr\u00e8s que le maire \u00e9cologiste, Gergely Karacsony, a annonc\u00e9 que la capitale, qui compte 1,6\u00a0million d\u2019habitants, risquait l\u2019insolvabilit\u00e9, en raison notamment des pr\u00e9l\u00e8vements impos\u00e9s par le gouvernement.<\/p>\n<p class=\"article__paragraph  \">M.\u00a0Karacsony accuse r\u00e9guli\u00e8rement le premier ministre, Viktor Orban, nationaliste, de saigner Budapest et les autres grandes municipalit\u00e9s afin de les emp\u00eacher d\u2019offrir un autre mod\u00e8le de gouvernance. Le parti de M.\u00a0Orban, Fidesz, affirme que les difficult\u00e9s financi\u00e8res de la capitale sont li\u00e9es aux \u00ab\u00a0d\u00e9penses irresponsables\u00a0\u00bb de son maire.<\/p>\n<p class=\"article__paragraph  \">La loi sur \u00ab\u00a0l\u2019octroi d\u2019un pr\u00eat pour emp\u00eacher la faillite de la municipalit\u00e9 de Budapest\u00a0\u00bb a \u00e9t\u00e9 vot\u00e9e par 136\u00a0voix favorables (34\u00a0s\u2019y sont oppos\u00e9es) en proc\u00e9dure acc\u00e9l\u00e9r\u00e9e au cours d\u2019une session extraordinaire.<\/p>\n<p>                    Un \u00ab\u00a0coup de massue politique\u00a0\u00bb                    <\/p>\n<p class=\"article__paragraph  \">En application de ses dispositions, la mairie peut solliciter un cr\u00e9dit aupr\u00e8s de la Banque hongroise de d\u00e9veloppement, si l\u2019\u00e9ch\u00e9ance pour verser les salaires a \u00e9t\u00e9 d\u00e9pass\u00e9e. Les services administratifs de la ville \u2013 dirig\u00e9s par un proche de M.\u00a0Orban \u2013 peuvent \u00e9galement l\u2019obliger \u00e0 contracter un pr\u00eat, dont le gouvernement a le droit de fixer les modalit\u00e9s, dont la dur\u00e9e, le taux d\u2019int\u00e9r\u00eat et les garanties.<\/p>\n<p class=\"article__paragraph  \">La loi oblige \u00e9galement le maire \u00e0 produire divers documents financiers et \u00e0 r\u00e9aliser des r\u00e9formes dans les six\u00a0mois, sous peine d\u2019\u00eatre condamn\u00e9 \u00e0 deux\u00a0ans d\u2019emprisonnement. Ce dernier a compar\u00e9 le projet de loi \u00e0 un \u00ab\u00a0coup de massue politique\u00a0\u00bb qui ne r\u00e9sout rien.<\/p>\n<p class=\"article__paragraph  \">La municipalit\u00e9 de Budapest est tenue de verser une contribution dite \u00ab\u00a0de solidarit\u00e9\u00a0\u00bb \u00e0 l\u2019Etat, qui a presque \u00e9t\u00e9 multipli\u00e9e par neuf depuis l\u2019\u00e9lection de M.\u00a0Karacsony, en\u00a02019, et l\u2019ampute actuellement d\u2019un cinqui\u00e8me de ses revenus. Elle a intent\u00e9 plusieurs proc\u00e8s ces derni\u00e8res ann\u00e9es, arguant que cette taxe est anticonstitutionnelle, mais le gouvernement en a d\u00e9fendu l\u2019existence au motif qu\u2019il doit redistribuer des fonds des villes les plus riches vers les communes les moins ais\u00e9es.<\/p>\n<p class=\"article__paragraph  \">M.\u00a0Karacsony avait, par ailleurs, annonc\u00e9 la semaine derni\u00e8re que la police avait recommand\u00e9 d\u2019entamer une action judiciaire \u00e0 son encontre pour avoir contourn\u00e9 l\u2019interdiction de <a href=\"https:\/\/www.lemonde.fr\/international\/article\/2025\/06\/28\/en-hongrie-a-la-marche-des-fiertes-de-budapest-interdite-par-viktor-orban-une-mobilisation-record-et-des-tensions-attendues_6616284_3210.html\" target=\"_blank\" rel=\"noopener\">la Marche des fiert\u00e9s dans la capitale hongroise<\/a>. Si la justice suit cette recommandation, il risque d\u2019\u00eatre condamn\u00e9 \u00e0 un an de prison.<\/p>\n<p>                                       Lire aussi le reportage\u00a0|  Article r\u00e9serv\u00e9 \u00e0 nos abonn\u00e9s  <a href=\"https:\/\/www.lemonde.fr\/international\/article\/2025\/06\/29\/a-la-marche-des-fiertes-de-budapest-une-foule-immense-defie-l-interdiction-de-viktor-orban-on-n-a-jamais-vu-autant-de-monde_6616349_3210.html\" class=\"js-article-read-also catcher--favoris__link\" data-premium=\"1\" id=\"article-title-3429253\" target=\"_blank\" rel=\"noopener\">A la Marche des fiert\u00e9s de Budapest, une foule immense d\u00e9fie l\u2019interdiction de Viktor Orban\u00a0: \u00ab\u00a0On n\u2019a jamais vu autant de monde\u00a0\u00bb<\/a>    <\/p>\n<p>   Lire plus tard  <\/p>\n<p class=\"author__detail\">  Le Monde avec AFP  <\/p>\n<p>                <a href=\"https:\/\/www.lemonde.fr\/syndication\/\" class=\"reuse__content\" title=\"R\u00e9utiliser ce contenu\" target=\"_blank\" rel=\"noopener\">R\u00e9utiliser ce contenu<\/a>      <\/p>\n","protected":false},"excerpt":{"rendered":"Le maire \u00e9cologiste de la capitale hongroise, Gergely Karacsony, \u00e0 Budapest, le 27\u00a0juin 2025. ATTILA KISBENEDEK\/AFP Le Parlement&hellip;\n","protected":false},"author":2,"featured_media":605567,"comment_status":"","ping_status":"","sticky":false,"template":"","format":"standard","meta":{"footnotes":""},"categories":[5],"tags":[11,1011,27,14,12,28],"class_list":{"0":"post-605566","1":"post","2":"type-post","3":"status-publish","4":"format-standard","5":"has-post-thumbnail","7":"category-international","8":"tag-actualites","9":"tag-fr","10":"tag-france","11":"tag-international","12":"tag-news","13":"tag-world"},"share_on_mastodon":{"url":"https:\/\/pubeurope.com\/@fr\/115735809090732212","error":""},"_links":{"self":[{"href":"https:\/\/www.europesays.com\/fr\/wp-json\/wp\/v2\/posts\/605566","targetHints":{"allow":["GET"]}}],"collection":[{"href":"https:\/\/www.europesays.com\/fr\/wp-json\/wp\/v2\/posts"}],"about":[{"href":"https:\/\/www.europesays.com\/fr\/wp-json\/wp\/v2\/types\/post"}],"author":[{"embeddable":true,"href":"https:\/\/www.europesays.com\/fr\/wp-json\/wp\/v2\/users\/2"}],"replies":[{"embeddable":true,"href":"https:\/\/www.europesays.com\/fr\/wp-json\/wp\/v2\/comments?post=605566"}],"version-history":[{"count":0,"href":"https:\/\/www.europesays.com\/fr\/wp-json\/wp\/v2\/posts\/605566\/revisions"}],"wp:featuredmedia":[{"embeddable":true,"href":"https:\/\/www.europesays.com\/fr\/wp-json\/wp\/v2\/media\/605567"}],"wp:attachment":[{"href":"https:\/\/www.europesays.com\/fr\/wp-json\/wp\/v2\/media?parent=605566"}],"wp:term":[{"taxonomy":"category","embeddable":true,"href":"https:\/\/www.europesays.com\/fr\/wp-json\/wp\/v2\/categories?post=605566"},{"taxonomy":"post_tag","embeddable":true,"href":"https:\/\/www.europesays.com\/fr\/wp-json\/wp\/v2\/tags?post=605566"}],"curies":[{"name":"wp","href":"https:\/\/api.w.org\/{rel}","templated":true}]}}