{"id":605568,"date":"2025-12-17T16:17:23","date_gmt":"2025-12-17T16:17:23","guid":{"rendered":"https:\/\/www.europesays.com\/fr\/605568\/"},"modified":"2025-12-17T16:17:23","modified_gmt":"2025-12-17T16:17:23","slug":"la-prefecture-refuse-la-demission-du-maire-sopposant-a-un-mariage-dun-etranger-sous-oqtf","status":"publish","type":"post","link":"https:\/\/www.europesays.com\/fr\/605568\/","title":{"rendered":"la pr\u00e9fecture refuse la d\u00e9mission du maire s&rsquo;opposant \u00e0 un mariage d\u2019un \u00e9tranger sous OQTF"},"content":{"rendered":"<p>\n    La pr\u00e9fecture a par ailleurs \u00abinvit\u00e9 (le maire) \u00e0 pr\u00e9server la continuit\u00e9 de la vie communale, particuli\u00e8rement \u00e0 l\u2019approche des prochaines \u00e9lections municipales\u00bb de mars 2026.<\/p>\n<p class=\"fig-paragraph\">La pr\u00e9fecture de\u00a0<a href=\"https:\/\/www.lefigaro.fr\/tag\/seine-et-marne\" target=\"_blank\" rel=\"sponsored noopener\" data-gtm-custom-categorie=\"navigation\" data-gtm-custom-action=\"crossclick\" data-gtm-custom-label=\"Contextuel\" data-gtm-event=\"customEventSPE\">Seine-et-Marne<\/a>\u00a0a refus\u00e9 la \u00abdemande de d\u00e9mission\u00bb du maire de Chessy \u00abainsi que celles de ses adjoints\u00bb qui\u00a0<a href=\"http:\/\/www.lefigaro.fr\/faits-divers\/val-de-marne-contraint-par-la-justice-de-celebrer-le-mariage-d-un-etranger-sous-oqtf-le-maire-de-chessy-demissionne-20251216\" data-fig-type=\"NewsFlash\" data-gtm-custom-categorie=\"navigation\" data-gtm-custom-action=\"crossclick\" data-gtm-custom-label=\"Contextuel\" data-gtm-event=\"customEventSPE\" data-fig-domain=\"LEFIGARO\" target=\"_blank\" rel=\"noopener\">refusaient de marier<\/a>\u00a0un couple dont l&rsquo;homme avait \u00e9t\u00e9 sous\u00a0<a href=\"http:\/\/www.lefigaro.fr\/international\/oqtf-l-epineuse-question-de-l-eloignement-des-clandestins-algeriens-20251113\" data-fig-type=\"Article\" data-gtm-custom-categorie=\"navigation\" data-gtm-custom-action=\"crossclick\" data-gtm-custom-label=\"Contextuel\" data-gtm-event=\"customEventSPE\" data-fig-domain=\"LEFIGARO\" target=\"_blank\" rel=\"noopener\">OQTF<\/a>, a indiqu\u00e9 mercredi \u00e0 l&rsquo;AFP la pr\u00e9fecture, confirmant des informations de presse.<\/p>\n<p class=\"fig-paragraph\">Cette d\u00e9cision de la pr\u00e9fecture, r\u00e9v\u00e9l\u00e9e par le quotidien La Marne, vise \u00e0 \u00abpr\u00e9venir toute perturbation \u00e9ventuelle du fonctionnement de la commune\u00bb, selon la confirmation re\u00e7ue par l&rsquo;AFP.<\/p>\n<p>                                            <a class=\"fig-a11y-skip\" href=\"#fig-a11y-skip-main-inarticle\" data-module=\"a11y-skip\" data-context=\"was @visible\"><br \/>\n    Passer la publicit\u00e9<br \/>\n<\/a>            <\/p>\n<p>                                            \u00abPr\u00e9server la continuit\u00e9 de la vie communale\u00bb<\/p>\n<p class=\"fig-paragraph\">La pr\u00e9fecture a par ailleurs \u00abinvit\u00e9 (le maire) \u00e0 pr\u00e9server la continuit\u00e9 de la vie communale, particuli\u00e8rement \u00e0 l&rsquo;approche des prochaines \u00e9lections municipales\u00bb de mars 2026. Le maire et ses sept adjoints avaient choisi de d\u00e9missionner pour ne pas avoir \u00e0 c\u00e9l\u00e9brer un mariage, comme les y obligeait la justice. En mai 2025, le parquet de Meaux avait re\u00e7u un signalement de la ville sur le projet de mariage entre une ressortissante europ\u00e9enne et un \u00e9tranger qui avait eu l&rsquo;obligation de quitter le territoire fran\u00e7ais (OQTF).<\/p>\n<p class=\"fig-paragraph\">Les investigations n&rsquo;ont \u00abpas permis de d\u00e9montrer l&rsquo;intention frauduleuse des membres du couple &#8211; ces derniers livrant au contraire plusieurs preuves sur la nature personnelle et amoureuse de leurs relations\u00bb, et une d\u00e9cision de \u00abnon-opposition\u00bb a \u00e9t\u00e9 rendue le 7 juillet, avait relat\u00e9 mardi le procureur de la R\u00e9publique de Meaux, Jean-Baptiste Bladier.<\/p>\n<p>                                            \u00abJe comprends que \u00e7a choque\u00bb<\/p>\n<p class=\"fig-paragraph\">La mairie ne souhaitant toujours pas marier le couple, ce dernier a initi\u00e9 une proc\u00e9dure de r\u00e9f\u00e9r\u00e9 civil qui a abouti, le 10 d\u00e9cembre 2025, \u00e0 une ordonnance enjoignant \u00e0 la mairie de proc\u00e9der \u00e0 la c\u00e9l\u00e9bration du mariage, le tribunal faisant notamment valoir que l&rsquo;OQTF n&rsquo;\u00e9tait \u00abplus valide\u00bb et que \u00abl&rsquo;officier d&rsquo;\u00e9tat-civil ne peut sans outre-passer ses comp\u00e9tences valablement substituer sa propre appr\u00e9ciation (&#8230;) \u00e0 la d\u00e9cision de non-opposition rendue par le parquet apr\u00e8s l&rsquo;enqu\u00eate\u00bb.<\/p>\n<p class=\"fig-paragraph\">C&rsquo;est en r\u00e9action \u00e0 cette d\u00e9cision que les \u00e9lus ont annonc\u00e9 leur d\u00e9mission afin, selon les mots du maire DVD de Chessy Olivier Bourjot, de \u00abrester fid\u00e8le \u00e0 (leurs) convictions\u00bb. Interrog\u00e9 par Franceinfo sur la d\u00e9cision de justice, le ministre de l&rsquo;Int\u00e9rieur Laurent Nunez a d\u00e9clar\u00e9 mercredi: \u00abJe comprends que \u00e7a choque\u00bb. \u00abApr\u00e8s, il y a les r\u00e8gles de droit qui s&rsquo;appliquent et \u00e7a rel\u00e8ve d&rsquo;abord du procureur de la R\u00e9publique qui peut, ou pas, d\u00e9cider d&rsquo;invalider le mariage quand il est saisi en ce sens par le maire\u00bb, a-t-il ajout\u00e9, tout en redisant qu&rsquo;il lui semblait \u00ababerrant\u00bb d&rsquo;\u00eatre oblig\u00e9 de marier quelqu&rsquo;un qui avait \u00e9t\u00e9 sous OQTF.<\/p>\n","protected":false},"excerpt":{"rendered":"La pr\u00e9fecture a par ailleurs \u00abinvit\u00e9 (le maire) \u00e0 pr\u00e9server la continuit\u00e9 de la vie communale, particuli\u00e8rement \u00e0&hellip;\n","protected":false},"author":2,"featured_media":605569,"comment_status":"","ping_status":"","sticky":false,"template":"","format":"standard","meta":{"footnotes":""},"categories":[4],"tags":[11,1011,27,6793,1930,12,4347,25,1937],"class_list":{"0":"post-605568","1":"post","2":"type-post","3":"status-publish","4":"format-standard","5":"has-post-thumbnail","7":"category-france","8":"tag-actualites","9":"tag-fr","10":"tag-france","11":"tag-maires","12":"tag-mariage","13":"tag-news","14":"tag-oqtf","15":"tag-republique-francaise","16":"tag-seine-et-marne"},"share_on_mastodon":{"url":"https:\/\/pubeurope.com\/@fr\/115735812202068362","error":""},"_links":{"self":[{"href":"https:\/\/www.europesays.com\/fr\/wp-json\/wp\/v2\/posts\/605568","targetHints":{"allow":["GET"]}}],"collection":[{"href":"https:\/\/www.europesays.com\/fr\/wp-json\/wp\/v2\/posts"}],"about":[{"href":"https:\/\/www.europesays.com\/fr\/wp-json\/wp\/v2\/types\/post"}],"author":[{"embeddable":true,"href":"https:\/\/www.europesays.com\/fr\/wp-json\/wp\/v2\/users\/2"}],"replies":[{"embeddable":true,"href":"https:\/\/www.europesays.com\/fr\/wp-json\/wp\/v2\/comments?post=605568"}],"version-history":[{"count":0,"href":"https:\/\/www.europesays.com\/fr\/wp-json\/wp\/v2\/posts\/605568\/revisions"}],"wp:featuredmedia":[{"embeddable":true,"href":"https:\/\/www.europesays.com\/fr\/wp-json\/wp\/v2\/media\/605569"}],"wp:attachment":[{"href":"https:\/\/www.europesays.com\/fr\/wp-json\/wp\/v2\/media?parent=605568"}],"wp:term":[{"taxonomy":"category","embeddable":true,"href":"https:\/\/www.europesays.com\/fr\/wp-json\/wp\/v2\/categories?post=605568"},{"taxonomy":"post_tag","embeddable":true,"href":"https:\/\/www.europesays.com\/fr\/wp-json\/wp\/v2\/tags?post=605568"}],"curies":[{"name":"wp","href":"https:\/\/api.w.org\/{rel}","templated":true}]}}