{"id":605571,"date":"2025-12-17T16:19:14","date_gmt":"2025-12-17T16:19:14","guid":{"rendered":"https:\/\/www.europesays.com\/fr\/605571\/"},"modified":"2025-12-17T16:19:14","modified_gmt":"2025-12-17T16:19:14","slug":"les-dispositifs-censes-nous-proteger-freinent-notre-activite","status":"publish","type":"post","link":"https:\/\/www.europesays.com\/fr\/605571\/","title":{"rendered":"\u00ab\u00a0Les dispositifs cens\u00e9s nous prot\u00e9ger freinent notre activit\u00e9\u00a0\u00bb"},"content":{"rendered":"<p>\u00ab\u00a0Ras-le-bol, incompr\u00e9hension, col\u00e8re, fatigue morale\u2026 \u00bb. Les adh\u00e9rents de la CAPEB (Conf\u00e9d\u00e9ration de l\u2019artisanat et des petites entreprises du b\u00e2timent) n\u2019y vont pas par quatre chemins pour \u00e9voquer leur v\u00e9cu face \u00e0 \u00ab\u00a0l\u2019instabilit\u00e9 et l\u2019inefficacit\u00e9 de dispositifs cens\u00e9s soutenir notre activit\u00e9, mais qui au final nous freine\u00a0\u00bb.<\/p>\n<p>Trois sujets br\u00fblants\u00a0: MaPrim\u2019R\u00e9nov, le REP (La Responsabilit\u00e9 \u00e9largie du producteur) et le statut des micro-entreprises. Forte de ses 60\u00a0000 adh\u00e9rents au niveau national (dont 9\u00a0000 en r\u00e9gion Auvergne-Rh\u00f4ne-Alpes et 800 dans la Loire), la Capeb veut d\u2019abord alerter les pouvoirs publics avant le vote du budget 2026.<\/p>\n<p>  \u00ab\u00a0On a form\u00e9 nos personnels et les politiques changent\u00a0\u00bb<\/p>\n<p>\u00ab\u00a0Si nous ne sommes pas entendus, nous allons durcir nos actions, fin janvier-d\u00e9but f\u00e9vrier\u00a0\u00bb, annonce Adrien Dessailly.<\/p>\n<p>Concernant MaPrimR\u00e9nov\u2019, les artisans du b\u00e2timent se mobilisent depuis l\u2019\u00e9t\u00e9 dernier. \u00ab <a href=\"https:\/\/www.leprogres.fr\/economie\/2025\/09\/30\/reouverture-du-guichet-maprimerenov-ce-mardi-quelles-sont-les-nouvelles-regles\" target=\"_blank\" rel=\"noopener\">Arr\u00eat brutal annonc\u00e9 en juin<\/a>, reprise en septembre, mais avec un nombre de dossiers limit\u00e9s, des r\u00e8gles qui varient. On va m\u00eame jusqu\u2019\u00e0 supprimer l\u2019isolation des murs et les chaudi\u00e8res biomasse au 1\u1d49\u02b3\u00a0janvier 2026. C\u2019est en contradiction totale avec le postulat de d\u00e9part, \u00e0 savoir r\u00e9gler le probl\u00e8me des passoires thermiques \u00bb.<\/p>\n<p>Il ajoute\u00a0: \u00ab\u00a0On nous a demand\u00e9 de nous pr\u00e9parer pour pouvoir \u00eatre pr\u00eats et lancer de nombreux chantiers de r\u00e9novation au moment du lancement de la prime. On a form\u00e9 nos personnels et les politiques changent les r\u00e8gles. On sait que 80\u00a0% des m\u00e9nages ne feront pas ces travaux s\u2019ils n\u2019ont pas acc\u00e8s \u00e0 la prime\u00a0\u00bb.<\/p>\n<p>  Les points de collecte des d\u00e9chets pas assez nombreux<\/p>\n<p>Autre sujet de m\u00e9contentement, la fili\u00e8re inadapt\u00e9e de gestion des d\u00e9chets de chantier\u00a0: \u00ab\u00a0La REP (responsabilit\u00e9 \u00e9largie des producteurs) devait simplifier la gestion de ces d\u00e9chets et rendre gratuite leur collecte. Nous payons une \u00e9co-contribution sur les mat\u00e9riaux achet\u00e9s pour \u00e7a. On a perdu une \u00e9nergie folle sur ce dossier et rien ce qui a \u00e9t\u00e9 annonc\u00e9 ne fonctionne\u00a0\u00bb.<\/p>\n<p>Il d\u00e9nonce\u00a0: \u00ab\u00a0Le maillage de point de collectes n\u2019est pas suffisant. Les collectivit\u00e9s ne nous ouvrent pas leurs d\u00e9chetteries, alors que le plus souvent les d\u00e9chets apport\u00e9s sont ceux de nos clients. S\u2019ils l\u2019apportaient eux-m\u00eames, ce serait gratuit\u00a0\u00bb. La Capeb souhaite mettre \u00e0 jour une carte des points de collecte efficace, avec des r\u00e8gles simples et identiques sur le territoire.<\/p>\n<p>Dernier sujet\u00a0: le statut de la micro-entreprise. Adrien Dessailly s\u2019inqui\u00e8te\u00a0: \u00ab\u00a0Ce r\u00e9gime nourrit la pr\u00e9carit\u00e9 de celui qui le choisit. Il est aussi, dans le b\u00e2timent, une source d\u2019iniquit\u00e9 fiscale de plus en plus difficile \u00e0 accepter dans un contexte \u00e9conomique d\u00e9grad\u00e9\u00a0\u00bb. La Capeb r\u00e9clame donc un seuil de TVA \u00e0 25\u00a0000\u00a0\u20ac et un statut limit\u00e9 \u00e0 deux ans.<\/p>\n","protected":false},"excerpt":{"rendered":"\u00ab\u00a0Ras-le-bol, incompr\u00e9hension, col\u00e8re, fatigue morale\u2026 \u00bb. Les adh\u00e9rents de la CAPEB (Conf\u00e9d\u00e9ration de l\u2019artisanat et des petites entreprises&hellip;\n","protected":false},"author":2,"featured_media":605572,"comment_status":"","ping_status":"","sticky":false,"template":"","format":"standard","meta":{"footnotes":""},"categories":[9653],"tags":[1111,11,1477,2430,4749,33,7539,1777,674,1011,27,3367,12,25,4001,7538],"class_list":{"0":"post-605571","1":"post","2":"type-post","3":"status-publish","4":"format-standard","5":"has-post-thumbnail","7":"category-saint-etienne","8":"tag-actu","9":"tag-actualites","10":"tag-artisanat","11":"tag-auvergne-rhone-alpes","12":"tag-btp-et-chantiers","13":"tag-economie","14":"tag-edition-loire-sud","15":"tag-eu","16":"tag-europe","17":"tag-fr","18":"tag-france","19":"tag-loire","20":"tag-news","21":"tag-republique-francaise","22":"tag-saint-etienne","23":"tag-saint-etienne-ville"},"share_on_mastodon":{"url":"https:\/\/pubeurope.com\/@fr\/115735819988156117","error":""},"_links":{"self":[{"href":"https:\/\/www.europesays.com\/fr\/wp-json\/wp\/v2\/posts\/605571","targetHints":{"allow":["GET"]}}],"collection":[{"href":"https:\/\/www.europesays.com\/fr\/wp-json\/wp\/v2\/posts"}],"about":[{"href":"https:\/\/www.europesays.com\/fr\/wp-json\/wp\/v2\/types\/post"}],"author":[{"embeddable":true,"href":"https:\/\/www.europesays.com\/fr\/wp-json\/wp\/v2\/users\/2"}],"replies":[{"embeddable":true,"href":"https:\/\/www.europesays.com\/fr\/wp-json\/wp\/v2\/comments?post=605571"}],"version-history":[{"count":0,"href":"https:\/\/www.europesays.com\/fr\/wp-json\/wp\/v2\/posts\/605571\/revisions"}],"wp:featuredmedia":[{"embeddable":true,"href":"https:\/\/www.europesays.com\/fr\/wp-json\/wp\/v2\/media\/605572"}],"wp:attachment":[{"href":"https:\/\/www.europesays.com\/fr\/wp-json\/wp\/v2\/media?parent=605571"}],"wp:term":[{"taxonomy":"category","embeddable":true,"href":"https:\/\/www.europesays.com\/fr\/wp-json\/wp\/v2\/categories?post=605571"},{"taxonomy":"post_tag","embeddable":true,"href":"https:\/\/www.europesays.com\/fr\/wp-json\/wp\/v2\/tags?post=605571"}],"curies":[{"name":"wp","href":"https:\/\/api.w.org\/{rel}","templated":true}]}}