{"id":605581,"date":"2025-12-17T16:26:14","date_gmt":"2025-12-17T16:26:14","guid":{"rendered":"https:\/\/www.europesays.com\/fr\/605581\/"},"modified":"2025-12-17T16:26:14","modified_gmt":"2025-12-17T16:26:14","slug":"poursuivre-la-dynamique-engagee-philippe-auge-reelu-president-de-luniversite-de-montpellier","status":"publish","type":"post","link":"https:\/\/www.europesays.com\/fr\/605581\/","title":{"rendered":"\u00ab\u00a0Poursuivre la dynamique engag\u00e9e\u00a0\u00bb\u00a0: Philippe Aug\u00e9 r\u00e9\u00e9lu Pr\u00e9sident de l\u2019Universit\u00e9 de Montpellier"},"content":{"rendered":"<p>\n                                                                Philippe Aug\u00e9 va poursuivre sa mission \u00e0 la t\u00eate de l\u2019Universit\u00e9 de Montpellier. Il a \u00e9t\u00e9 confirm\u00e9 dans ses fonctions ce mercredi 17\u00a0d\u00e9cembre.\n                            <\/p>\n<p>Le Conseil d\u2019Administration de l\u2019Universit\u00e9 de Montpellier s\u2019est r\u00e9uni ce mercredi 17\u00a0d\u00e9cembre 2025. \u00c0 cette occasion, Philippe Aug\u00e9, Professeur de droit public, a \u00e9t\u00e9 r\u00e9\u00e9lu Pr\u00e9sident de l\u2019Universit\u00e9 de Montpellier (UM), pour un mandat de quatre ans.<\/p>\n<p>\u00c9lu depuis 2015<\/p>\n<p>Natif de Millau, Philippe Aug\u00e9 est arriv\u00e9 \u00e0 Montpellier en 1985. Pour ne jamais quitter cette ville \u00e0 laquelle celui qui pr\u00e9side aujourd\u2019hui l\u2019Universit\u00e9 de Montpellier reste tr\u00e8s attach\u00e9.<\/p>\n<p>Professeur de droit public, sp\u00e9cialiste du droit fiscal et des finances publiques puis pr\u00e9sident de l\u2019universit\u00e9 Montpellier 1, il acc\u00e8de \u00e0 son poste actuel\u00a0en 2015, avant d\u2019\u00eatre r\u00e9\u00e9lu en 2019 puis en 2021 au moment du passage sous le\u00a0statut d\u2019\u00e9tablissement public exp\u00e9rimental.<\/p>\n<p>\u00ab\u00a0Je suis honor\u00e9 de la confiance qui m\u2019est renouvel\u00e9e. Avec mon \u00e9quipe et l\u2019ensemble de la communaut\u00e9 universitaire, nous agirons collectivement pour poursuivre la dynamique engag\u00e9e afin de renforcer l\u2019excellence scientifique, l\u2019innovation, la qualit\u00e9 et l\u2019insertion professionnelle de nos formations mais aussi le rayonnement international de notre universit\u00e9 tout en valorisant son histoire, ses singularit\u00e9s et ses valeurs\u00a0\u00bb, a indiqu\u00e9 le principal int\u00e9ress\u00e9 lors de son \u00e9lection.<\/p>\n","protected":false},"excerpt":{"rendered":"Philippe Aug\u00e9 va poursuivre sa mission \u00e0 la t\u00eate de l\u2019Universit\u00e9 de Montpellier. Il a \u00e9t\u00e9 confirm\u00e9 dans&hellip;\n","protected":false},"author":2,"featured_media":605582,"comment_status":"","ping_status":"","sticky":false,"template":"","format":"standard","meta":{"footnotes":""},"categories":[9599],"tags":[1111,11,1057,70461,1777,674,1011,27,7089,2208,12,2680,25],"class_list":{"0":"post-605581","1":"post","2":"type-post","3":"status-publish","4":"format-standard","5":"has-post-thumbnail","7":"category-montpellier","8":"tag-actu","9":"tag-actualites","10":"tag-education","11":"tag-enseignement-et-formation","12":"tag-eu","13":"tag-europe","14":"tag-fr","15":"tag-france","16":"tag-herault","17":"tag-montpellier","18":"tag-news","19":"tag-occitanie","20":"tag-republique-francaise"},"share_on_mastodon":{"url":"https:\/\/pubeurope.com\/@fr\/115735847464505401","error":""},"_links":{"self":[{"href":"https:\/\/www.europesays.com\/fr\/wp-json\/wp\/v2\/posts\/605581","targetHints":{"allow":["GET"]}}],"collection":[{"href":"https:\/\/www.europesays.com\/fr\/wp-json\/wp\/v2\/posts"}],"about":[{"href":"https:\/\/www.europesays.com\/fr\/wp-json\/wp\/v2\/types\/post"}],"author":[{"embeddable":true,"href":"https:\/\/www.europesays.com\/fr\/wp-json\/wp\/v2\/users\/2"}],"replies":[{"embeddable":true,"href":"https:\/\/www.europesays.com\/fr\/wp-json\/wp\/v2\/comments?post=605581"}],"version-history":[{"count":0,"href":"https:\/\/www.europesays.com\/fr\/wp-json\/wp\/v2\/posts\/605581\/revisions"}],"wp:featuredmedia":[{"embeddable":true,"href":"https:\/\/www.europesays.com\/fr\/wp-json\/wp\/v2\/media\/605582"}],"wp:attachment":[{"href":"https:\/\/www.europesays.com\/fr\/wp-json\/wp\/v2\/media?parent=605581"}],"wp:term":[{"taxonomy":"category","embeddable":true,"href":"https:\/\/www.europesays.com\/fr\/wp-json\/wp\/v2\/categories?post=605581"},{"taxonomy":"post_tag","embeddable":true,"href":"https:\/\/www.europesays.com\/fr\/wp-json\/wp\/v2\/tags?post=605581"}],"curies":[{"name":"wp","href":"https:\/\/api.w.org\/{rel}","templated":true}]}}