{"id":605583,"date":"2025-12-17T16:27:29","date_gmt":"2025-12-17T16:27:29","guid":{"rendered":"https:\/\/www.europesays.com\/fr\/605583\/"},"modified":"2025-12-17T16:27:29","modified_gmt":"2025-12-17T16:27:29","slug":"municipales-2026-a-montpellier-un-nouveau-sondage-tres-attendu-pour-eelv-et-jean-louis-roumegas-va-etre-devoile","status":"publish","type":"post","link":"https:\/\/www.europesays.com\/fr\/605583\/","title":{"rendered":"Municipales 2026 \u00e0 Montpellier\u00a0: un nouveau sondage tr\u00e8s attendu pour EELV et Jean-Louis Roum\u00e9gas va \u00eatre d\u00e9voil\u00e9"},"content":{"rendered":"<p>\n                                                                Une nouvelle enqu\u00eate Harris Interactive command\u00e9e par les \u00e9cologistes doit \u00eatre d\u00e9voil\u00e9e ce jeudi 18\u00a0d\u00e9cembre, avec en ligne de mire le score tr\u00e8s attendu du d\u00e9put\u00e9 Jean-Louis Roum\u00e9gas.\n                            <\/p>\n<p>\u00c7a sonde \u00e0 tout va \u00e0 Montpellier en vue des \u00e9lections municipales de mars\u00a02026. Apr\u00e8s le sondage Ifop pour M\u00e9tropolitain, un nouveau sondage Harris Interactive, command\u00e9 par Europe \u00c9cologie-Les Verts, sera d\u00e9voil\u00e9 ce jeudi matin. Et c\u2019est le d\u00e9put\u00e9 Jean-Louis Roum\u00e9gas, en personne, qui en livrera les r\u00e9sultats.<\/p>\n<p>Sond\u00e9 r\u00e9cemment \u00e0 4\u00a0%, sous la barre fatidique des 5\u00a0%, seuil qui permet \u00e0 la fois la fusion des listes et le remboursement des frais de campagne, il est probable que cette nouvelle \u00e9tude lui soit, cette fois, plus favorable. \u00c0 combien\u00a0? Le principal int\u00e9ress\u00e9 refuse tout commentaire et renvoie \u00e0 la communication officielle pr\u00e9vue ce jeudi.<\/p>\n<p>Un sondage \u00ab\u00a0orient\u00e9\u00a0\u00bb\u00a0?<\/p>\n<p>En revanche, dans le camp de la majorit\u00e9, plusieurs personnes disent avoir \u00e9t\u00e9 interrog\u00e9es et font remonter l\u2019image d\u2019un sondage jug\u00e9 \u00ab\u00a0tr\u00e8s orient\u00e9\u00a0\u00bb. \u00ab\u00a0On m\u2019a demand\u00e9 si je savais que les \u00e9cologistes avaient quitt\u00e9 la majorit\u00e9 \u00e0 cause de l\u2019incin\u00e9rateur, puis si j\u2019\u00e9tais pour ou contre. \u00c7a donnait l\u2019impression qu\u2019il fallait voter Roum\u00e9gas si on \u00e9tait \u00e9colo\u00a0\u00bb, conteste l\u2019un des sond\u00e9s. Qui n\u2019a pas manqu\u00e9 de faire remonter les informations\u2026<\/p>\n<p>Quoi qu\u2019il en soit, le score de Jean-Louis Roum\u00e9gas sera forc\u00e9ment tr\u00e8s comment\u00e9.<\/p>\n","protected":false},"excerpt":{"rendered":"Une nouvelle enqu\u00eate Harris Interactive command\u00e9e par les \u00e9cologistes doit \u00eatre d\u00e9voil\u00e9e ce jeudi 18\u00a0d\u00e9cembre, avec en ligne&hellip;\n","protected":false},"author":2,"featured_media":605584,"comment_status":"","ping_status":"","sticky":false,"template":"","format":"standard","meta":{"footnotes":""},"categories":[9599],"tags":[1111,11,5949,1777,674,1011,27,7089,2208,3434,12,2680,316,25],"class_list":{"0":"post-605583","1":"post","2":"type-post","3":"status-publish","4":"format-standard","5":"has-post-thumbnail","7":"category-montpellier","8":"tag-actu","9":"tag-actualites","10":"tag-elections","11":"tag-eu","12":"tag-europe","13":"tag-fr","14":"tag-france","15":"tag-herault","16":"tag-montpellier","17":"tag-municipales-2026","18":"tag-news","19":"tag-occitanie","20":"tag-politique","21":"tag-republique-francaise"},"share_on_mastodon":{"url":"https:\/\/pubeurope.com\/@fr\/115735851423941103","error":""},"_links":{"self":[{"href":"https:\/\/www.europesays.com\/fr\/wp-json\/wp\/v2\/posts\/605583","targetHints":{"allow":["GET"]}}],"collection":[{"href":"https:\/\/www.europesays.com\/fr\/wp-json\/wp\/v2\/posts"}],"about":[{"href":"https:\/\/www.europesays.com\/fr\/wp-json\/wp\/v2\/types\/post"}],"author":[{"embeddable":true,"href":"https:\/\/www.europesays.com\/fr\/wp-json\/wp\/v2\/users\/2"}],"replies":[{"embeddable":true,"href":"https:\/\/www.europesays.com\/fr\/wp-json\/wp\/v2\/comments?post=605583"}],"version-history":[{"count":0,"href":"https:\/\/www.europesays.com\/fr\/wp-json\/wp\/v2\/posts\/605583\/revisions"}],"wp:featuredmedia":[{"embeddable":true,"href":"https:\/\/www.europesays.com\/fr\/wp-json\/wp\/v2\/media\/605584"}],"wp:attachment":[{"href":"https:\/\/www.europesays.com\/fr\/wp-json\/wp\/v2\/media?parent=605583"}],"wp:term":[{"taxonomy":"category","embeddable":true,"href":"https:\/\/www.europesays.com\/fr\/wp-json\/wp\/v2\/categories?post=605583"},{"taxonomy":"post_tag","embeddable":true,"href":"https:\/\/www.europesays.com\/fr\/wp-json\/wp\/v2\/tags?post=605583"}],"curies":[{"name":"wp","href":"https:\/\/api.w.org\/{rel}","templated":true}]}}