{"id":605585,"date":"2025-12-17T16:29:14","date_gmt":"2025-12-17T16:29:14","guid":{"rendered":"https:\/\/www.europesays.com\/fr\/605585\/"},"modified":"2025-12-17T16:29:14","modified_gmt":"2025-12-17T16:29:14","slug":"des-operations-de-controle-menees-sur-les-routes","status":"publish","type":"post","link":"https:\/\/www.europesays.com\/fr\/605585\/","title":{"rendered":"des op\u00e9rations de contr\u00f4le men\u00e9es sur les routes"},"content":{"rendered":"<p melodystyle=\"texte\"><a href=\"https:\/\/www.lecourriercauchois.fr\/actualite-393550-agriculture-l-eleveur-la-dermatose-et-le-marche-mondial\" target=\"_blank\" rel=\"noopener\">La dermatose nodulaire contagieuse (DNC)<\/a>, d\u00e9tect\u00e9e en France d\u00e8s le mois de juin, continue sa progression avec la d\u00e9couverte de trois foyers de bovins contamin\u00e9s en Ari\u00e8ge, dans les Hautes-Pyr\u00e9n\u00e9es et en Haute-Garonne. Face \u00e0 cette situation, l&rsquo;Etat redouble de vigilance et met en place diverses mesures dont des contr\u00f4les sanitaires sur les transports de bovins.<\/p>\n<p>Des contr\u00f4les sur les routes<\/p>\n<p melodystyle=\"texte\">Deux premi\u00e8res op\u00e9rations de contr\u00f4le ont eu lieu le 17 d\u00e9cembre en Seine-Maritime, de 6 \u00e0 9 heures respectivement en sortie du Pont de Normandie (A29) dans le sens Caen-Le Havre et en sortie du p\u00e9age d&rsquo;Haudricourt (A29) dans le sens Amiens-Rouen. Ces op\u00e9rations, visant \u00e0 l&rsquo;inspection des b\u00e9taill\u00e8res de bovins, ont mobilis\u00e9 quatre agents de la Direction d\u00e9partementale de la protection des populations de la Seine-Maritime et six militaires des pelotons motoris\u00e9s de la gendarmerie de la Seine-Maritime. \u00ab\u00a0De nouvelles op\u00e9rations seront r\u00e9alis\u00e9es dans les jours \u00e0 venir\u00a0\u00bb, pr\u00e9cise la Pr\u00e9fecture.<\/p>\n<p melodystyle=\"texte\">Le pr\u00e9fet de la Seine-Maritime invite les \u00e9leveurs de bovins du d\u00e9partement \u00e0 la plus grande vigilance\u00a0: le respect des r\u00e9glementations sanitaires et une mobilisation g\u00e9n\u00e9rale de chaque acteur du secteur agricole sont n\u00e9cessaires pour limiter la propagation du virus. \u00ab\u00a0Il est de la responsabilit\u00e9 de chacun (\u00e9leveur, transporteur, n\u00e9gociant, organisations professionnelles&#8230;) de veiller \u00e0 respecter strictement les r\u00e8gles en vigueur, notamment relatives au transport et au commerce d&rsquo;animaux vivants, afin de ne pas faire entrer la DNC dans le d\u00e9partement et de prot\u00e9ger ainsi tous les \u00e9leveurs des cons\u00e9quences de l&rsquo;introduction de cette maladie hautement contagieuse\u00a0\u00bb, indique-t-il.<\/p>\n<p melodystyle=\"texte\">De m\u00eame, il rappelle l&rsquo;importance pour les responsables des centres de rassemblement de notifier toutes les entr\u00e9es et sorties de bovins sous un d\u00e9lai de 24\u00a0heures.<\/p>\n","protected":false},"excerpt":{"rendered":"La dermatose nodulaire contagieuse (DNC), d\u00e9tect\u00e9e en France d\u00e8s le mois de juin, continue sa progression avec la&hellip;\n","protected":false},"author":2,"featured_media":605586,"comment_status":"","ping_status":"","sticky":false,"template":"","format":"standard","meta":{"footnotes":""},"categories":[9587],"tags":[1111,11,1777,674,1011,27,12,5161,25,9590],"class_list":{"0":"post-605585","1":"post","2":"type-post","3":"status-publish","4":"format-standard","5":"has-post-thumbnail","7":"category-rouen","8":"tag-actu","9":"tag-actualites","10":"tag-eu","11":"tag-europe","12":"tag-fr","13":"tag-france","14":"tag-news","15":"tag-normandie","16":"tag-republique-francaise","17":"tag-rouen"},"share_on_mastodon":{"url":"https:\/\/pubeurope.com\/@fr\/115735859347365733","error":""},"_links":{"self":[{"href":"https:\/\/www.europesays.com\/fr\/wp-json\/wp\/v2\/posts\/605585","targetHints":{"allow":["GET"]}}],"collection":[{"href":"https:\/\/www.europesays.com\/fr\/wp-json\/wp\/v2\/posts"}],"about":[{"href":"https:\/\/www.europesays.com\/fr\/wp-json\/wp\/v2\/types\/post"}],"author":[{"embeddable":true,"href":"https:\/\/www.europesays.com\/fr\/wp-json\/wp\/v2\/users\/2"}],"replies":[{"embeddable":true,"href":"https:\/\/www.europesays.com\/fr\/wp-json\/wp\/v2\/comments?post=605585"}],"version-history":[{"count":0,"href":"https:\/\/www.europesays.com\/fr\/wp-json\/wp\/v2\/posts\/605585\/revisions"}],"wp:featuredmedia":[{"embeddable":true,"href":"https:\/\/www.europesays.com\/fr\/wp-json\/wp\/v2\/media\/605586"}],"wp:attachment":[{"href":"https:\/\/www.europesays.com\/fr\/wp-json\/wp\/v2\/media?parent=605585"}],"wp:term":[{"taxonomy":"category","embeddable":true,"href":"https:\/\/www.europesays.com\/fr\/wp-json\/wp\/v2\/categories?post=605585"},{"taxonomy":"post_tag","embeddable":true,"href":"https:\/\/www.europesays.com\/fr\/wp-json\/wp\/v2\/tags?post=605585"}],"curies":[{"name":"wp","href":"https:\/\/api.w.org\/{rel}","templated":true}]}}