{"id":605587,"date":"2025-12-17T16:30:20","date_gmt":"2025-12-17T16:30:20","guid":{"rendered":"https:\/\/www.europesays.com\/fr\/605587\/"},"modified":"2025-12-17T16:30:20","modified_gmt":"2025-12-17T16:30:20","slug":"comme-le-client-est-perdu-il-laisse-tomber-ses-travaux-de-renovation","status":"publish","type":"post","link":"https:\/\/www.europesays.com\/fr\/605587\/","title":{"rendered":"Comme le client est perdu, il laisse tomber ses travaux de r\u00e9novation"},"content":{"rendered":"<p melodystyle=\"texte\">\u00ab\u00a0Y&rsquo;en a marre\u00a0\u00bb, lit-on sur une banderole accroch\u00e9e sur les grilles de la pr\u00e9fecture de Seine-Maritime de Rouen. Ce mercredi 17 d\u00e9cembre, une dizaine d&rsquo;artisans du b\u00e2timent de Seine-Maritime se sont donn\u00e9 rendez-vous devant la pr\u00e9fecture de Seine-Maritime. Ils souhaitaient alerter sur l&rsquo;instabilit\u00e9 et \u00ab\u00a0l&rsquo;inefficacit\u00e9 de dispositifs\u00a0\u00bb tels que MaPrimeR\u00e9nov, dont \u00ab\u00a0l&rsquo;avenir du budget d\u00e9pend du vote du 23 d\u00e9cembre\u00a0\u00bb, selon Jean-Christophe Repon, pr\u00e9sident de la Conf\u00e9d\u00e9ration de l&rsquo;artisanat et des petites entreprises du b\u00e2timent (Capeb). Les artisans se sont \u00e9galement mobilis\u00e9s concernant la REP B\u00e2timent, un dispositif qui permet de financer la reprise et le recyclage des d\u00e9chets de chantier.<\/p>\n<p>\u00ab\u00a0Plus les chantiers sont gros, plus il y a de bennes\u00a0\u00bb<\/p>\n<p melodystyle=\"texte\">\u00ab\u00a0Aujourd&rsquo;hui, nous devons trier nos d\u00e9chets en raison du dispositif REP B\u00e2timent et cela co\u00fbte beaucoup d&rsquo;argent aux entreprises\u00a0\u00bb, confie Cyrille Vauchel, pr\u00e9sident de la\u00a0<b\/>Conf\u00e9d\u00e9ration de l&rsquo;artisanat et des petites entreprises du b\u00e2timent de Seine-Maritime. \u00ab\u00a0Plus les chantiers sont gros, plus il y a de bennes et donc plus \u00e7a co\u00fbte de l&rsquo;argent\u00a0\u00bb, explique-t-il. \u00ab\u00a0Aujourd&rsquo;hui, beaucoup d&rsquo;entreprises n&rsquo;y arrivent plus.\u00a0\u00bb\u00a0L&rsquo;autre sujet que le pr\u00e9sident de la Capeb pointe du doigt concerne le label Reconnu garant de l&rsquo;environnement (RGE). Il s&rsquo;adresse aux artisans et entreprises \u00e0 l&rsquo;origine de travaux d&rsquo;am\u00e9lioration \u00e9nerg\u00e9tique, d&rsquo;installation d&rsquo;\u00e9quipements utilisant une source d&rsquo;\u00e9nergie renouvelable, ou d&rsquo;\u00e9tudes concourant \u00e0 la r\u00e9novation \u00e9nerg\u00e9tique ou \u00e0 l&rsquo;installation d&rsquo;\u00e9nergies renouvelables. \u00ab\u00a0L&rsquo;Etat a mis ce syst\u00e8me en route avec des auditeurs qui viennent v\u00e9rifier les chantiers et aujourd&rsquo;hui le probl\u00e8me c&rsquo;est qu&rsquo;avec le syst\u00e8me actuel, un jour il y a des aides et l&rsquo;autre jour, il n&rsquo;y en a pas\u00a0\u00bb, rench\u00e9rit Cyrille Vauchel.<\/p>\n<p class=\"article_photo\" data-num=\"2\"><img decoding=\"async\" alt=\"Cyrille Vauchel est le pr\u00e9sident de la Conf\u00e9d\u00e9ration de l'artisanat et des petites entreprises du b\u00e2timent de Seine-Maritime.\" src=\"https:\/\/www.europesays.com\/fr\/wp-content\/uploads\/2025\/12\/5162-tab.jpg\"\/>Cyrille Vauchel est le pr\u00e9sident de la Conf\u00e9d\u00e9ration de l&rsquo;artisanat et des petites entreprises du b\u00e2timent de Seine-Maritime. &#8211; Justine Carr\u00e8re<\/p>\n<p>\u00ab\u00a0Les changements sont incessants\u00a0\u00bb<\/p>\n<p melodystyle=\"texte\">\u00ab\u00a0Le probl\u00e8me de MaPrimeR\u00e9nov, c&rsquo;est que les changements sont incessants. Nous qui sommes professionnels, nous ne pouvons pas conseiller nos clients sur les d\u00e9marches \u00e0 r\u00e9aliser, on est compl\u00e8tement perdu\u00a0\u00bb, relate Philippe Geneste, g\u00e9rant de la soci\u00e9t\u00e9 Iso-Seine \u00e0 Blainville-Crevon, sp\u00e9cialis\u00e9e dans les travaux d&rsquo;isolation et de ventilation en r\u00e9novation chez les particuliers. \u00ab\u00a0Bien souvent comme le client est perdu, il laisse tomber ses travaux de r\u00e9novation et donc \u00e7a a un impact sur l&rsquo;entreprise, c&rsquo;est de l&rsquo;activit\u00e9 en moins\u00a0\u00bb, compl\u00e8te-t-il.<\/p>\n<p melodystyle=\"texte\">Vers 16h30, les repr\u00e9sentants de la Capeb ont \u00e9t\u00e9 re\u00e7us par le pr\u00e9fet de Seine-Maritime.<\/p>\n","protected":false},"excerpt":{"rendered":"\u00ab\u00a0Y&rsquo;en a marre\u00a0\u00bb, lit-on sur une banderole accroch\u00e9e sur les grilles de la pr\u00e9fecture de Seine-Maritime de Rouen.&hellip;\n","protected":false},"author":2,"featured_media":605588,"comment_status":"","ping_status":"","sticky":false,"template":"","format":"standard","meta":{"footnotes":""},"categories":[9587],"tags":[1111,11,1777,674,1011,27,12,5161,25,9590],"class_list":{"0":"post-605587","1":"post","2":"type-post","3":"status-publish","4":"format-standard","5":"has-post-thumbnail","7":"category-rouen","8":"tag-actu","9":"tag-actualites","10":"tag-eu","11":"tag-europe","12":"tag-fr","13":"tag-france","14":"tag-news","15":"tag-normandie","16":"tag-republique-francaise","17":"tag-rouen"},"share_on_mastodon":{"url":"https:\/\/pubeurope.com\/@fr\/115735864414046193","error":""},"_links":{"self":[{"href":"https:\/\/www.europesays.com\/fr\/wp-json\/wp\/v2\/posts\/605587","targetHints":{"allow":["GET"]}}],"collection":[{"href":"https:\/\/www.europesays.com\/fr\/wp-json\/wp\/v2\/posts"}],"about":[{"href":"https:\/\/www.europesays.com\/fr\/wp-json\/wp\/v2\/types\/post"}],"author":[{"embeddable":true,"href":"https:\/\/www.europesays.com\/fr\/wp-json\/wp\/v2\/users\/2"}],"replies":[{"embeddable":true,"href":"https:\/\/www.europesays.com\/fr\/wp-json\/wp\/v2\/comments?post=605587"}],"version-history":[{"count":0,"href":"https:\/\/www.europesays.com\/fr\/wp-json\/wp\/v2\/posts\/605587\/revisions"}],"wp:featuredmedia":[{"embeddable":true,"href":"https:\/\/www.europesays.com\/fr\/wp-json\/wp\/v2\/media\/605588"}],"wp:attachment":[{"href":"https:\/\/www.europesays.com\/fr\/wp-json\/wp\/v2\/media?parent=605587"}],"wp:term":[{"taxonomy":"category","embeddable":true,"href":"https:\/\/www.europesays.com\/fr\/wp-json\/wp\/v2\/categories?post=605587"},{"taxonomy":"post_tag","embeddable":true,"href":"https:\/\/www.europesays.com\/fr\/wp-json\/wp\/v2\/tags?post=605587"}],"curies":[{"name":"wp","href":"https:\/\/api.w.org\/{rel}","templated":true}]}}