{"id":605591,"date":"2025-12-17T16:33:14","date_gmt":"2025-12-17T16:33:14","guid":{"rendered":"https:\/\/www.europesays.com\/fr\/605591\/"},"modified":"2025-12-17T16:33:14","modified_gmt":"2025-12-17T16:33:14","slug":"les-agriculteurs-forment-un-barrage-aux-portes-de-grenoble-ils-expliquent-leur-colere","status":"publish","type":"post","link":"https:\/\/www.europesays.com\/fr\/605591\/","title":{"rendered":"Les agriculteurs forment un barrage aux portes de Grenoble : ils expliquent leur col\u00e8re"},"content":{"rendered":"<p>                    Par<br \/>\n        <strong><br \/>\n            <a href=\"https:\/\/actu.fr\/auteur\/lisa-rodrigues\" title=\"Consulter tous les articles de Lisa Rodrigues\" target=\"_blank\" rel=\"noopener\">Lisa Rodrigues<\/a><br \/>\n                    <\/strong><\/p>\n<p>        Publi\u00e9 le<\/p>\n<p>            17 d\u00e9c. 2025 \u00e0 17h21        <\/p>\n<p>Une dizaine de tracteurs et une soixantaine d\u2019agriculteurs au plus fort de la matin\u00e9e pour la <a href=\"https:\/\/actu.fr\/auvergne-rhone-alpes\/voreppe_38565\/blocage-des-agriculteurs-aux-portes-de-grenoble-une-premiere-action-d-ampleur-annoncee_63583857.html\" target=\"_blank\" rel=\"noopener\">premi\u00e8re action paysanne d\u2019ampleur<\/a> aux portes de <a href=\"https:\/\/actu.fr\/auvergne-rhone-alpes\/grenoble_38185\" target=\"_blank\" rel=\"noopener\">Grenoble<\/a> en Is\u00e8re, mercredi 17 d\u00e9cembre. \u00c0 l\u2019appel de la Conf\u00e9d\u00e9ration paysanne, agriculteurs syndiqu\u00e9s ou non du Voironnais jusqu\u2019\u00e0 la Matheysine ont r\u00e9pondu pr\u00e9sents sur le rond-point de Voreppe, \u00e0 la jonction entre la route de Lyon et de Voiron, pour une op\u00e9ration tractage et barrage filtrant.<br \/>Leurs <a href=\"https:\/\/actu.fr\/societe\/dermatose-nodulaire-mercosur-la-colere-des-agriculteurs-va-t-elle-se-reveiller-une-nouvelle-fois-en-france_63530576.html\" target=\"_blank\" rel=\"noopener\">demandes<\/a> m\u00ealent rejet des accords de libre-\u00e9change \u2013 notamment celui du Mercosur \u2013 et surtout un appel \u00e0 <strong>revenir sur l\u2019abattage syst\u00e9matique de l\u2019ensemble du troupeau<\/strong> en cas de d\u00e9tection d\u2019un cas de dermatose nodulaire contagieuse, maladie qui touche les bovins.<\/p>\n<p>Oui \u00e0 la vaccination<\/p>\n<p class=\" wall-content\">Pierre Berthet, membre du syndicat, a son exploitation \u00e0 quelques kilom\u00e8tres de <a href=\"https:\/\/actu.fr\/auvergne-rhone-alpes\/voiron_38563\" target=\"_blank\" rel=\"noopener\">Voiron<\/a>. Lui a pu faire vacciner ses vaches, apr\u00e8s avoir \u00e9t\u00e9 <a href=\"https:\/\/actu.fr\/societe\/isere-128-communes-sous-surveillance-a-cause-d-une-maladie-touchant-les-bovins_63084154.html\" target=\"_blank\" rel=\"noopener\">en zone r\u00e9glement\u00e9e cet \u00e9t\u00e9<\/a>. \u00ab\u00a0<strong>\u00c7a nous rassure<\/strong>, mais la vaccination n\u2019interdit pas l\u2019abattage total pour autant : vos b\u00eates peuvent \u00eatre vaccin\u00e9es, mais avoir attrap\u00e9 le virus avant.\u00a0\u00bb<\/p>\n<p>    <img   decoding=\"async\" loading=\"lazy\" src=\"https:\/\/www.europesays.com\/fr\/wp-content\/uploads\/2025\/12\/manif-agriculteurs-voreppe-isere-grenoble-10-960x640.jpg\" alt=\"Une dizaine de tracteurs et jusqu'\u00e0 une soixantaine d'agriculteurs is\u00e9rois ont men\u00e9 la premi\u00e8re action du monde agricole en entr\u00e9e d'agglom\u00e9ration de Grenoble, mercredi 17 d\u00e9cembre. Leurs principales revendications concernent les mesures d\u00e9cid\u00e9es par le gouvernement contre la dermatose nodulaire contagieuse.\" width=\"960\" height=\"640\"\/><br \/>\n    Une dizaine de tracteurs et jusqu\u2019\u00e0 une soixantaine d\u2019agriculteurs is\u00e9rois ont men\u00e9 la premi\u00e8re action du monde agricole en entr\u00e9e d\u2019agglom\u00e9ration de Grenoble, mercredi 17 d\u00e9cembre. Leurs principales revendications concernent les mesures d\u00e9cid\u00e9es par le gouvernement contre la dermatose nodulaire contagieuse. (\u00a9Lisa Rodrigues \/ actu Grenoble)<\/p>\n<p class=\" wall-content\">Une peur chez des \u00e9leveurs is\u00e9rois que constate \u00e9galement Maud Charat, \u00e9lue \u00e0 la Chambre d\u2019agriculture de l\u2019Is\u00e8re et membre du conseil d\u2019administration de la Conf\u00e9d\u00e9ration Paysanne 38.<\/p>\n<blockquote class=\"ac-article-quote wall-content\">\n<p>On est \u00e0 plus de deux mois de vaccination pour les zones concern\u00e9es. On peut dire que nos troupeaux vaccin\u00e9s sont hors d&rsquo;atteinte, mais pour les coll\u00e8gues en zone indemne, c&rsquo;est flippant, ils ont peur que \u00e7a revienne.<\/p>\n<p>    <strong>Maud Charat<\/strong><br \/>\n        \u00c9lue \u00e0 la Chambre d&rsquo;agriculture de l&rsquo;Is\u00e8re et membre de la Conf\u00e9d\u00e9ration Paysanne 38    <\/p><\/blockquote>\n<p class=\" wall-content\">Car si le virus est parti des deux Savoie pour arriver dans l\u2019Ain, le Jura, le Rh\u00f4ne ou <a href=\"https:\/\/actu.fr\/occitanie\/toulouse_31555\/dermatose-nodulaire-decus-par-la-ministre-les-agriculteurs-renforcent-les-blocages-en-haute-garonne_63581578.html\" target=\"_blank\" rel=\"noopener\">dans le Sud-Ouest<\/a>, c\u2019est notamment \u00e0 cause <strong>des transports d\u2019animaux<\/strong> d\u2019une r\u00e9gion \u00e0 l\u2019autre. \u00ab\u00a0C\u2019est contr\u00f4l\u00e9, mais on a bien vu que ce n\u2019est pas infaillible, souffle Maud Charat. <strong>Il y en a qui n\u2019ont pas jou\u00e9 le jeu<\/strong>. Si \u00e7a arrive aux gros foyers d\u2019\u00e9levage dans le Limousin, en Bretagne ou en Normandie, \u00e7a va \u00eatre une autre paire de manches !\u00a0\u00bb<\/p>\n<blockquote class=\"tiktok-embed\" cite=\"https:\/\/www.tiktok.com\/@actufrgrenoble\/video\/7584857376335924502\" data-video-id=\"7584857376335924502\" data-embed-from=\"oembed\" style=\"max-width:605px; min-width:325px;\"><p>\n<a target=\"_blank\" title=\"@actufrgrenoble\" href=\"https:\/\/www.tiktok.com\/@actufrgrenoble?refer=embed\" rel=\"noopener\">@actufrgrenoble<\/a> <\/p>\n<p>\ud83d\ude9c Apr\u00e8s une op\u00e9ration escargot sur l\u2019A43, les agriculteurs is\u00e9rois ont occup\u00e9 un rond-point \u00e0 Voreppe, pr\u00e8s de Grenoble, mercredi 17 d\u00e9cembre. \u00c0 l\u2019initiative de la Conf\u00e9d\u00e9ration paysanne, une soixantaine de paysans a tenu un barrage filtrant \ud83d\ude97\ud83d\ude99 <a title=\"actu\" target=\"_blank\" href=\"https:\/\/www.tiktok.com\/tag\/actu?refer=embed\" rel=\"noopener\">#actu<\/a> <a title=\"foru\" target=\"_blank\" href=\"https:\/\/www.tiktok.com\/tag\/foru?refer=embed\" rel=\"noopener\">#foru<\/a> <a title=\"pourtoi\" target=\"_blank\" href=\"https:\/\/www.tiktok.com\/tag\/pourtoi?refer=embed\" rel=\"noopener\">#pourtoi<\/a> <a title=\"agri\" target=\"_blank\" href=\"https:\/\/www.tiktok.com\/tag\/agri?refer=embed\" rel=\"noopener\">#agri<\/a> <a title=\"agriculteur\" target=\"_blank\" href=\"https:\/\/www.tiktok.com\/tag\/agriculteur?refer=embed\" rel=\"noopener\">#agriculteur<\/a> <\/p>\n<p> <a target=\"_blank\" title=\"\u266c Inspire - Bensound\" href=\"https:\/\/www.tiktok.com\/music\/Inspire-6803676671032428545?refer=embed\" rel=\"noopener\">\u266c Inspire \u2013 Bensound<\/a> <\/p>\n<\/blockquote>\n<p>Votre r\u00e9gion, votre actu !<\/p>\n<p>Recevez chaque jour les infos qui comptent pour vous.<\/p>\n<p>\t<a href=\"https:\/\/actu.fr\/newsletter\" class=\"ac-btn ac-btn--corner ac-btn--medium ac-btn--blue800\" target=\"_blank\" rel=\"noopener\">S&rsquo;incrire<\/a><br \/>\n\u00ab\u00a0Nos vaches sont des \u00eatres vivants\u00a0\u00bb<\/p>\n<p class=\" wall-content\">En revanche, hors de question de continuer \u00e0 r\u00e9aliser les <a href=\"https:\/\/actu.fr\/normandie\/saint-langis-les-mortagne_61414\/dermatose-nodulaire-comment-cette-usine-dequarrissage-de-lorne-gere-les-cadavres-du-sud-de-la-france_63588628.html\" target=\"_blank\" rel=\"noopener\">abattages des troupeaux<\/a> dans leur enti\u00e8ret\u00e9, comme cela a \u00e9t\u00e9 le cas r\u00e9cemment dans le Sud-Ouest, point de d\u00e9part de l\u2019actuelle vague de manifestations agricoles en France.<\/p>\n<p class=\" wall-content\">\u00ab\u00a0Qu\u2019on abatte les b\u00eates qui en ont besoin, qui souffrent parce qu\u2019elles sont malades, oui, mais pas les b\u00eates saines, plaide Pierre Berthet. Nos vaches sont des \u00eatres vivants. <strong>C\u2019est inadmissible de tuer pour mettre \u00e0 la poubelle des animaux sains<\/strong>.\u00a0\u00bb<\/p>\n<p>Mieux conna\u00eetre la maladie<\/p>\n<p class=\" wall-content\">D\u2019autant que d\u2019apr\u00e8s lui, la maladie \u00ab\u00a0n\u2019est pas plus probl\u00e9matique qu\u2019une autre\u00a0\u00bb. Elle est certes relativement nouvelle sur le sol fran\u00e7ais, mais elle est pr\u00e9sente depuis des ann\u00e9es dans les pays de l\u2019Est ou en Afrique.\u00a0<\/p>\n<p class=\" wall-content\">L\u2019\u00e9leveur is\u00e9rois plaide ainsi pour des \u00ab\u00a0fermes exp\u00e9rimentales\u00a0\u00bb, pour <a href=\"https:\/\/actu.fr\/societe\/dermatose-nodulaire-contagieuse-la-maladie-pourrait-tuer-10-des-bovins-en-france_63541625.html\" target=\"_blank\" rel=\"noopener\">\u00e9tudier davantage la maladie<\/a>. \u00ab\u00a0De ce qu\u2019on sait dans 95% des cas, la vache va vivre avec cette maladie sans aucun probl\u00e8me. <strong>C\u2019est mortel, a priori, sur moins de 5% du troupeau<\/strong>.\u00a0\u00bb<\/p>\n<p class=\" wall-content\">Et de citer le cas d\u2019une ferme en Savoie, o\u00f9 l\u2019un des premiers foyers a \u00e9t\u00e9 d\u00e9tect\u00e9 cet \u00e9t\u00e9. Sur les 83 vaches mises en s\u00e9curit\u00e9 dans un endroit surveill\u00e9 et ventil\u00e9 \u2013 sans mouches ou taons, vecteurs de la dermatose nodulaire \u2013 deux ont effectivement \u00e9t\u00e9 malades, avant d\u2019aller mieux quelques jours plus tard.<\/p>\n<p class=\" wall-content\">\u00ab\u00a0L\u2019\u00e9leveur a fini par dire qu\u2019il ne s\u2019opposait plus \u00e0 l\u2019abattage de son troupeau, tellement il avait de pression de la part des autorit\u00e9s sanitaires et politiques, soupire Pierre Berthet. L\u2019\u00e9leveur aujourd\u2019hui, il n\u2019a pas peur de cette maladie, <strong>il a peur de l\u2019\u00c9tat qui veut tuer l\u2019ensemble de son troupeau<\/strong>.\u00a0\u00bb<\/p>\n<p>Peut-\u00eatre d\u2019autres actions \u00e0 venir<\/p>\n<p class=\" wall-content\">L\u2019op\u00e9ration barrage filtrant sur le rond-point doit durer une grande partie de la journ\u00e9e de mercredi. \u00ab\u00a0<strong>On n\u2019a pas pr\u00e9vu de rester ce soir<\/strong>\u00ab\u00a0, confirme Maud Charat.<\/p>\n<p class=\" wall-content\">Une partie des agriculteurs va ensuite se rendre <a href=\"https:\/\/actu.fr\/auvergne-rhone-alpes\/lyon_69123\/lyon-les-agriculteurs-en-colere-vont-manifester-dans-les-rues-ce-qui-est-prevu_63582854.html\" target=\"_blank\" rel=\"noopener\">jeudi \u00e0 Lyon<\/a>, pour le grand rassemblement r\u00e9gional de la Conf\u00e9d\u00e9ration paysanne.<\/p>\n<p class=\" wall-content\">Et pour la suite en <a href=\"https:\/\/actu.fr\/auvergne-rhone-alpes\/isere_38\" target=\"_blank\" rel=\"noopener\">Is\u00e8re<\/a> ? \u00ab\u00a0On avisera, continue la porte-parole syndicale. <strong>On attend de savoir ce qu\u2019il va se passer au gouvernement<\/strong>, s\u2019ils vont nous entendre un peu ou s\u2019ils vont continuer \u00e0 suivre le syndicat majoritaire\u00a0\u00bb la FNSEA, qui soutient l\u2019abattage et qui va manifester mercredi soir dans le centre-ville de Grenoble\u2026 contre le Mercosur.<\/p>\n<p class=\" wall-content\">Personnalisez votre actualit\u00e9 en ajoutant vos villes et m\u00e9dias en favori avec <a href=\"https:\/\/moncompte.actu.fr\" title=\"D\u00e9couvez Mon Actu\" rel=\"nofollow noopener\" data-trk=\"{&quot;cta&quot;:{&quot;action&quot;:&quot;https:\\\/\\\/moncompte.actu.fr&quot;,&quot;category&quot;:&quot;mon compte&quot;,&quot;from&quot;:&quot;article footer&quot;,&quot;name&quot;:&quot;Mon actu&quot;,&quot;type&quot;:&quot;cta&quot;}}\" target=\"_blank\">Mon Actu<\/a>.<\/p>\n<p>                    <script async src=\"\/\/www.tiktok.com\/embed.js\"><\/script><\/p>\n","protected":false},"excerpt":{"rendered":"Par Lisa Rodrigues Publi\u00e9 le 17 d\u00e9c. 2025 \u00e0 17h21 Une dizaine de tracteurs et une soixantaine d\u2019agriculteurs&hellip;\n","protected":false},"author":2,"featured_media":605592,"comment_status":"","ping_status":"","sticky":false,"template":"","format":"standard","meta":{"footnotes":""},"categories":[9566],"tags":[1111,11,327,2430,1777,674,1011,27,2731,1272,12,25,104],"class_list":{"0":"post-605591","1":"post","2":"type-post","3":"status-publish","4":"format-standard","5":"has-post-thumbnail","7":"category-grenoble","8":"tag-actu","9":"tag-actualites","10":"tag-agriculture","11":"tag-auvergne-rhone-alpes","12":"tag-eu","13":"tag-europe","14":"tag-fr","15":"tag-france","16":"tag-grenoble","17":"tag-manifestations","18":"tag-news","19":"tag-republique-francaise","20":"tag-societe"},"share_on_mastodon":{"url":"https:\/\/pubeurope.com\/@fr\/115735876558943546","error":""},"_links":{"self":[{"href":"https:\/\/www.europesays.com\/fr\/wp-json\/wp\/v2\/posts\/605591","targetHints":{"allow":["GET"]}}],"collection":[{"href":"https:\/\/www.europesays.com\/fr\/wp-json\/wp\/v2\/posts"}],"about":[{"href":"https:\/\/www.europesays.com\/fr\/wp-json\/wp\/v2\/types\/post"}],"author":[{"embeddable":true,"href":"https:\/\/www.europesays.com\/fr\/wp-json\/wp\/v2\/users\/2"}],"replies":[{"embeddable":true,"href":"https:\/\/www.europesays.com\/fr\/wp-json\/wp\/v2\/comments?post=605591"}],"version-history":[{"count":0,"href":"https:\/\/www.europesays.com\/fr\/wp-json\/wp\/v2\/posts\/605591\/revisions"}],"wp:featuredmedia":[{"embeddable":true,"href":"https:\/\/www.europesays.com\/fr\/wp-json\/wp\/v2\/media\/605592"}],"wp:attachment":[{"href":"https:\/\/www.europesays.com\/fr\/wp-json\/wp\/v2\/media?parent=605591"}],"wp:term":[{"taxonomy":"category","embeddable":true,"href":"https:\/\/www.europesays.com\/fr\/wp-json\/wp\/v2\/categories?post=605591"},{"taxonomy":"post_tag","embeddable":true,"href":"https:\/\/www.europesays.com\/fr\/wp-json\/wp\/v2\/tags?post=605591"}],"curies":[{"name":"wp","href":"https:\/\/api.w.org\/{rel}","templated":true}]}}