{"id":605595,"date":"2025-12-17T16:35:12","date_gmt":"2025-12-17T16:35:12","guid":{"rendered":"https:\/\/www.europesays.com\/fr\/605595\/"},"modified":"2025-12-17T16:35:12","modified_gmt":"2025-12-17T16:35:12","slug":"elles-viennent-detre-renovees-voici-a-quoi-ressemblent-les-cellules-du-commissariat-de-rennes","status":"publish","type":"post","link":"https:\/\/www.europesays.com\/fr\/605595\/","title":{"rendered":"Elles viennent d\u2019\u00eatre r\u00e9nov\u00e9es\u00a0: voici \u00e0 quoi ressemblent les cellules du commissariat de Rennes"},"content":{"rendered":"<p>C\u2019\u00e9tait il y a un an jour pour jour. Le 17 d\u00e9cembre 2024, l\u2019ordre des avocats de Rennes d\u00e9posait un recours devant le tribunal administratif pour \u00ab conditions indignes de d\u00e9tention \u00bb dans les cellules de garde \u00e0 vue du commissariat central de Rennes. Un an apr\u00e8s, pouss\u00e9 par une d\u00e9cision du tribunal administratif enjoignant le minist\u00e8re de l\u2019int\u00e9rieur \u00e0 r\u00e9nover les gardes \u00e0 vue rapidement, les travaux sont termin\u00e9s. Une c\u00e9l\u00e9rit\u00e9 qui a mis fin \u00e0 des ann\u00e9es d\u2019absence d\u2019investissements.<\/p>\n<p>En mai 2010, d\u00e9j\u00e0, le contr\u00f4leur g\u00e9n\u00e9ral des lieux de privation de libert\u00e9 d\u00e9taillait dans son rapport de visite l\u2019inadaptation et l\u2019extr\u00eame v\u00e9tust\u00e9 des locaux. R\u00e9guli\u00e8rement pendant pr\u00e8s de 15 ans, les b\u00e2tonniers, d\u00e9put\u00e9s et s\u00e9nateurs s\u2019\u00e9mouvaient de la situation. \u00ab En juillet 2024, donc avant le recours de l\u2019ordre des avocats, nous avions pr\u00e9vu un r\u00e9agencement des locaux de garde \u00e0 vue, rappelle St\u00e9phanie Taillandier, chef du service d\u00e9partemental du soutien op\u00e9rationnel. Nous avions d\u00e9cid\u00e9 de cr\u00e9er un local d\u00e9di\u00e9 de fouilles, un bureau pour que les avocats puissent s\u2019entretenir avec leurs clients et un local de consultation pour le m\u00e9decin avec une table d\u2019occultation, une paillasse et un point d\u2019eau. Nous souhaitions aussi mettre des cam\u00e9ras de surveillance suppl\u00e9mentaire dans les petits couloirs. Et refaire les r\u00e9sines qui recouvrent enti\u00e8rement les cellules de garde \u00e0 vue, et repeindre les murs. \u00bb<\/p>\n<p>Dans son jugement, le tribunal administratif a enjoint le Minist\u00e8re de l\u2019int\u00e9rieur \u00e0 \u00e9toffer sa r\u00e9novation en ajoutant : un syst\u00e8me d\u2019appel des surveillants et une horloge dans chaque cellule. Il a aussi demand\u00e9 que le chauffage soit diffus\u00e9 via la centrale de ventilation dans les cellules et pas uniquement dans les parties communes. Enfin, dans les ge\u00f4les de d\u00e9grisement, les gard\u00e9s \u00e0 vue peuvent d\u00e9sormais actionner eux-m\u00eames la chasse d\u2019eau des toilettes \u00e0 la turque. Men\u00e9s avec l\u2019appui du Sgami, les travaux ont co\u00fbt\u00e9 environ 75 000 euros.<\/p>\n<p>Pour autant, cette r\u00e9novation n\u2019aura pas augment\u00e9 la capacit\u00e9 d\u2019accueil. 24 personnes peuvent \u00eatre retenues en m\u00eame temps. Pourtant dans la r\u00e9alit\u00e9, des matelas suppl\u00e9mentaires sont souvent pos\u00e9s au sol. Il est arriv\u00e9 que 35 personnes soient retenues en 24 h. Un sous-dimensionnement qui oblige les fonctionnaires, dans certaines affaires particuli\u00e8rement sensibles, \u00e0 transf\u00e9rer des justiciables dans les commissariats de Foug\u00e8res ou Saint-Malo ou dans les locaux de la police aux fronti\u00e8res \u00e0 Saint-Jacques de la Lande. Se posent alors des questions de s\u00e9curit\u00e9 et de mobilisation des escortes.<\/p>\n<p>Le commissariat reste \u00e0 l\u2019\u00e9troit. Un nouveau b\u00e2timent de six ou sept \u00e9tages pourrait \u00eatre construit \u00e0 la place du parking silo qui h\u00e9berge le stand de tir. Mais cette construction ne pourra pas se faire avant 5 ou 10 ans. \u00ab Nous souhaitons une \u00e9tude afin d\u2019estimer le co\u00fbt des travaux et les r\u00e9alisations possibles, ajoute Catherine Jaun\u00e2tre, responsable de la communication. La premi\u00e8re \u00e9tape sera de financer cette \u00e9tude de faisabilit\u00e9. \u00bb<\/p>\n","protected":false},"excerpt":{"rendered":"C\u2019\u00e9tait il y a un an jour pour jour. Le 17 d\u00e9cembre 2024, l\u2019ordre des avocats de Rennes&hellip;\n","protected":false},"author":2,"featured_media":605596,"comment_status":"","ping_status":"","sticky":false,"template":"","format":"standard","meta":{"footnotes":""},"categories":[2821],"tags":[1111,11,829,1777,674,118,3383,1011,27,12,584,25],"class_list":{"0":"post-605595","1":"post","2":"type-post","3":"status-publish","4":"format-standard","5":"has-post-thumbnail","7":"category-rennes","8":"tag-actu","9":"tag-actualites","10":"tag-bretagne","11":"tag-eu","12":"tag-europe","13":"tag-faits-divers","14":"tag-faits-divers-a-rennes","15":"tag-fr","16":"tag-france","17":"tag-news","18":"tag-rennes","19":"tag-republique-francaise"},"share_on_mastodon":{"url":"","error":""},"_links":{"self":[{"href":"https:\/\/www.europesays.com\/fr\/wp-json\/wp\/v2\/posts\/605595","targetHints":{"allow":["GET"]}}],"collection":[{"href":"https:\/\/www.europesays.com\/fr\/wp-json\/wp\/v2\/posts"}],"about":[{"href":"https:\/\/www.europesays.com\/fr\/wp-json\/wp\/v2\/types\/post"}],"author":[{"embeddable":true,"href":"https:\/\/www.europesays.com\/fr\/wp-json\/wp\/v2\/users\/2"}],"replies":[{"embeddable":true,"href":"https:\/\/www.europesays.com\/fr\/wp-json\/wp\/v2\/comments?post=605595"}],"version-history":[{"count":0,"href":"https:\/\/www.europesays.com\/fr\/wp-json\/wp\/v2\/posts\/605595\/revisions"}],"wp:featuredmedia":[{"embeddable":true,"href":"https:\/\/www.europesays.com\/fr\/wp-json\/wp\/v2\/media\/605596"}],"wp:attachment":[{"href":"https:\/\/www.europesays.com\/fr\/wp-json\/wp\/v2\/media?parent=605595"}],"wp:term":[{"taxonomy":"category","embeddable":true,"href":"https:\/\/www.europesays.com\/fr\/wp-json\/wp\/v2\/categories?post=605595"},{"taxonomy":"post_tag","embeddable":true,"href":"https:\/\/www.europesays.com\/fr\/wp-json\/wp\/v2\/tags?post=605595"}],"curies":[{"name":"wp","href":"https:\/\/api.w.org\/{rel}","templated":true}]}}