{"id":60560,"date":"2025-04-29T00:46:20","date_gmt":"2025-04-29T00:46:20","guid":{"rendered":"https:\/\/www.europesays.com\/fr\/60560\/"},"modified":"2025-04-29T00:46:20","modified_gmt":"2025-04-29T00:46:20","slug":"a-lyon-un-rassemblement-contre-les-morts-au-travail","status":"publish","type":"post","link":"https:\/\/www.europesays.com\/fr\/60560\/","title":{"rendered":"\u00e0 Lyon, un rassemblement contre les morts au travail"},"content":{"rendered":"<p class=\"wp-block-post-excerpt__excerpt\">\u00c0 l\u2019occasion de la journ\u00e9e mondiale de la s\u00e9curit\u00e9 et de la sant\u00e9 au travail, la CGT a organis\u00e9 un rassemblement devant l\u2019h\u00f4pital \u00c9douard-Herriot (Lyon 3e) lundi 28 avril. L\u2019occasion de r\u00e9affirmer leurs revendications \u00e0 la veille du 1er-Mai et de rendre hommage aux salari\u00e9s morts au travail. <\/p>\n<p class=\"font-sans\">\n\t\t\tCet article est en acc\u00e8s libre. Pour soutenir Rue89 Lyon,<br \/>\n\t\t\t<a class=\"underline\" href=\"https:\/\/www.rue89lyon.fr\/abonnement\/\" target=\"_blank\" rel=\"noopener\">abonnez-vous<\/a>.\n\t\t<\/p>\n<p>Sol\u00e8ne Guili<\/p>\n<p>Publi\u00e9 le 28 avril 2025\u00a0\u00a0\u00b7\u00a0\u00a0<\/p>\n<p>Imprim\u00e9 le 29 avril 2025 \u00e0 02h46\u00a0\u00a0\u00b7\u00a0\u00a0<\/p>\n<p>\t\t\t\t\t2\u00a0minutes\n<\/p>\n<p>Au centre de la cinquantaine de personnes rassembl\u00e9es sur la place devant l\u2019h\u00f4pital Edouard-Herriot, dans le 3\u00e8me arrondissement, 211 casques de protection sont align\u00e9s au sol. 211, <a href=\"https:\/\/www.assurance-maladie.ameli.fr\/etudes-et-donnees\/2023-rapport-annuel-assurance-maladie-risques-professionnels\" target=\"_blank\" rel=\"noreferrer noopener\">comme le nombre de salari\u00e9s morts sur un chantier en 2023<\/a> en France. \u00ab\u00a0Nous sommes ici pour honorer la m\u00e9moire de celles et ceux qui ont perdu leur vie au travail\u00a0\u00bb, d\u00e9clare Lionel Salomon, secr\u00e9taire f\u00e9d\u00e9ral de la FNSCBA-CGT (salari\u00e9s de la construction du bois et de l\u2019ameublement).<\/p>\n<p>Les repr\u00e9sentants CGT de diff\u00e9rents secteurs se sont rassembl\u00e9s, ce lundi 28 avril \u00e0 10 heures du matin, \u00e0 l\u2019occasion de la journ\u00e9e mondiale de la s\u00e9curit\u00e9 et de la sant\u00e9 au travail. Le syndicat d\u00e9nonce une \u00ab\u00a0h\u00e9catombe silencieuse\u00a0\u00bb, alors que la France fait figure de mauvaise \u00e9l\u00e8ve en Europe. <\/p>\n<p><img loading=\"lazy\" decoding=\"async\" width=\"792\" height=\"528\" src=\"https:\/\/www.europesays.com\/fr\/wp-content\/uploads\/2025\/04\/morts_travail2-792x528.jpg\" alt=\"Rassemblement de la CGT \u00e0 l'occasion de la journ\u00e9e internationale d'hommage aux morts au travail, lundi 28 avril devant l'h\u00f4pital Edouard-Herriot (Lyon 3e).\" class=\"wp-image-233709\"  \/> Les casques de chantier, comme t\u00e2ch\u00e9s de faux sang, sont align\u00e9s en hommage aux salari\u00e9s du BTP morts au travail en 2023.Photo\u00a0: SG\/Rue89Lyon<\/p>\n<p>\u00ab\u00a0Chaque matin, il y a quatre salari\u00e9s qui vont au travail et qui ne rentreront pas chez eux, ass\u00e8ne Ian Dufour, de la CGT Minist\u00e8re du Travail. On ne doit pas perdre sa vie \u00e0 la gagner.\u00a0\u00bb La moiti\u00e9 d\u00e9c\u00e8dent sur les chantiers. <\/p>\n<p>Dans le Rh\u00f4ne, selon des chiffres de l\u2019Assurance maladie r\u00e9v\u00e9l\u00e9s par Rue89Lyon, 25 personnes sont mortes au travail en 2023 dans le d\u00e9partement. Des chiffres, selon les syndicats, largement sous-estim\u00e9s.<\/p>\n<p>\u00c0 lire aussi sur Rue89Lyon<\/p>\n<p>\t\tMorts au travail : un \u00ab\u00a0enjeu national\u00a0\u00bb<\/p>\n<p>La CGT demande une am\u00e9lioration des conditions de travail, une augmentation des effectifs et plus de pr\u00e9vention. Le syndicat insiste aussi sur la cr\u00e9ation de crit\u00e8res de p\u00e9nibilit\u00e9 adapt\u00e9s \u00e0 chaque cat\u00e9gorie socio-professionnelle, comme pour le secteur de la sant\u00e9 o\u00f9 burn-out et suicides se multiplient. Il demande au gouvernement de faire des morts au travail un \u00ab\u00a0enjeu national\u00a0\u00bb.<\/p>\n<p>L\u2019organisation souligne aussi le manque de condamnation des entreprises lors d\u2019accidents ou de d\u00e9c\u00e8s au travail.\u00a0<a href=\"https:\/\/www.rue89lyon.fr\/2024\/04\/17\/droit-travail-lyon-deni-justice-atteint-niveaux-records\/\" target=\"_blank\" rel=\"noreferrer noopener\">Une enqu\u00eate de Rue89Lyon<\/a>\u00a0avait r\u00e9v\u00e9l\u00e9 que 75\u00a0% des proc\u00e8s-verbaux dress\u00e9s par l\u2019Inspection du travail n\u2019obtenaient aucune suite de la part du procureur de Lyon. \u00ab\u00a0Les responsables doivent payer le prix de leur n\u00e9gligence\u00a0\u00bb, termine Ian Dufour. Avant d\u2019appeler \u00e0 se retrouver \u00e0 nouveau dans la rue le 1er-Mai.<\/p>\n","protected":false},"excerpt":{"rendered":"\u00c0 l\u2019occasion de la journ\u00e9e mondiale de la s\u00e9curit\u00e9 et de la sant\u00e9 au travail, la CGT a&hellip;\n","protected":false},"author":2,"featured_media":60561,"comment_status":"","ping_status":"","sticky":false,"template":"","format":"standard","meta":{"footnotes":""},"categories":[1889],"tags":[1111,11,2430,1777,674,1011,27,2428,2088,12,25,3427,3847],"class_list":{"0":"post-60560","1":"post","2":"type-post","3":"status-publish","4":"format-standard","5":"has-post-thumbnail","7":"category-lyon","8":"tag-actu","9":"tag-actualites","10":"tag-auvergne-rhone-alpes","11":"tag-eu","12":"tag-europe","13":"tag-fr","14":"tag-france","15":"tag-lyon","16":"tag-manifestation","17":"tag-news","18":"tag-republique-francaise","19":"tag-syndicats","20":"tag-travail"},"share_on_mastodon":{"url":"https:\/\/pubeurope.com\/@fr\/114418495213794038","error":""},"_links":{"self":[{"href":"https:\/\/www.europesays.com\/fr\/wp-json\/wp\/v2\/posts\/60560","targetHints":{"allow":["GET"]}}],"collection":[{"href":"https:\/\/www.europesays.com\/fr\/wp-json\/wp\/v2\/posts"}],"about":[{"href":"https:\/\/www.europesays.com\/fr\/wp-json\/wp\/v2\/types\/post"}],"author":[{"embeddable":true,"href":"https:\/\/www.europesays.com\/fr\/wp-json\/wp\/v2\/users\/2"}],"replies":[{"embeddable":true,"href":"https:\/\/www.europesays.com\/fr\/wp-json\/wp\/v2\/comments?post=60560"}],"version-history":[{"count":0,"href":"https:\/\/www.europesays.com\/fr\/wp-json\/wp\/v2\/posts\/60560\/revisions"}],"wp:featuredmedia":[{"embeddable":true,"href":"https:\/\/www.europesays.com\/fr\/wp-json\/wp\/v2\/media\/60561"}],"wp:attachment":[{"href":"https:\/\/www.europesays.com\/fr\/wp-json\/wp\/v2\/media?parent=60560"}],"wp:term":[{"taxonomy":"category","embeddable":true,"href":"https:\/\/www.europesays.com\/fr\/wp-json\/wp\/v2\/categories?post=60560"},{"taxonomy":"post_tag","embeddable":true,"href":"https:\/\/www.europesays.com\/fr\/wp-json\/wp\/v2\/tags?post=60560"}],"curies":[{"name":"wp","href":"https:\/\/api.w.org\/{rel}","templated":true}]}}