{"id":605605,"date":"2025-12-17T16:40:11","date_gmt":"2025-12-17T16:40:11","guid":{"rendered":"https:\/\/www.europesays.com\/fr\/605605\/"},"modified":"2025-12-17T16:40:11","modified_gmt":"2025-12-17T16:40:11","slug":"elie-semoun-cactus-la-cite","status":"publish","type":"post","link":"https:\/\/www.europesays.com\/fr\/605605\/","title":{"rendered":"ELIE SEMOUN &#8211; CACTUS &#8211; La Cit\u00e9"},"content":{"rendered":"<p>A la Cit\u00e9 des congr\u00e8s de Nantes,\u00a0<br \/>Ce billet donne acc\u00e8s aux transports en commun Naolib* 2h avant et 2h apr\u00e8s le spectacle dans la limite des horaires de service.<br \/>* Hors Navette A\u00e9roport, TER, tram-train, Parking Relais pour les dates de validit\u00e9 de ce billet.<\/p>\n<p>Inutile de chercher bien loin pour comprendre le ton de CACTUS ! En donnant ce nom \u00e0 son nouveau spectacle, Elie Semoun annonce la couleur : \u00e7a va piquer !<br \/>Depuis 30 ans, l&rsquo;humoriste s\u2019est impos\u00e9 comme l\u2019un des humoristes les plus incisifs et d\u00e9licieusement d\u00e9cal\u00e9s de la sc\u00e8ne fran\u00e7aise. Son style, qui m\u00eale finesse et audace, a inspir\u00e9 de nombreuses g\u00e9n\u00e9rations d&rsquo;artistes.<br \/>Pour son huiti\u00e8me spectacle, Elie Semoun op\u00e8re un l\u00e9ger virage : le stand-up occupe d\u00e9sormais une place plus importante, une nouveaut\u00e9 pour lui. Mais ne vous y trompez pas, CACTUS reste fid\u00e8le \u00e0 son go\u00fbt pour les personnages. Parmi la galerie de ses nouveaux monstres, vous croiserez Jean Abdul, qui assurera sa premi\u00e8re partie, un fils qui emm\u00e8ne son p\u00e8re visiter un EHPAD, Xavier l\u2019handicap\u00e9 moteur qui pr\u00e9sente sa femme \u00e0 sa m\u00e8re, un p\u00e8re confront\u00e9 \u00e0 la transition de son fils, un professeur de karat\u00e9 raciste, ou encore un regard mordant sur le harc\u00e8lement sexuel et la religion.<br \/>Avec CACTUS, Elie Semoun nous propose une vision \u00e0 la fois profonde et l\u00e9g\u00e8re de notre soci\u00e9t\u00e9, entre violence et inspiration, o\u00f9 les th\u00e8mes de l\u2019intol\u00e9rance, du tabou et de l\u2019injustice sont abord\u00e9s sans fard, mais toujours avec cette touche incisive qui le caract\u00e9rise.<\/p>\n<p>Pour votre tranquillit\u00e9, r\u00e9servez vos billets sur le site de l&rsquo;organisateur ou via les r\u00e9seaux habituels.<br \/>La Cit\u00e9 des congr\u00e8s ne g\u00e8re pas la billetterie des spectacles qu&rsquo;elle accueille.\u00a0<\/p>\n<p><strong>Auditorium 800 &#8211; Placement libre<\/strong>\n\t\t\t\t\t\t\t<\/p>\n<p>La Cit\u00e9 des Congr\u00e8s<\/p>\n","protected":false},"excerpt":{"rendered":"A la Cit\u00e9 des congr\u00e8s de Nantes,\u00a0Ce billet donne acc\u00e8s aux transports en commun Naolib* 2h avant et&hellip;\n","protected":false},"author":2,"featured_media":605606,"comment_status":"","ping_status":"","sticky":false,"template":"","format":"standard","meta":{"footnotes":""},"categories":[2818],"tags":[1111,11,1777,674,1011,27,766,12,2636,25],"class_list":{"0":"post-605605","1":"post","2":"type-post","3":"status-publish","4":"format-standard","5":"has-post-thumbnail","7":"category-nantes","8":"tag-actu","9":"tag-actualites","10":"tag-eu","11":"tag-europe","12":"tag-fr","13":"tag-france","14":"tag-nantes","15":"tag-news","16":"tag-pays-de-la-loire","17":"tag-republique-francaise"},"share_on_mastodon":{"url":"https:\/\/pubeurope.com\/@fr\/115735902640557377","error":""},"_links":{"self":[{"href":"https:\/\/www.europesays.com\/fr\/wp-json\/wp\/v2\/posts\/605605","targetHints":{"allow":["GET"]}}],"collection":[{"href":"https:\/\/www.europesays.com\/fr\/wp-json\/wp\/v2\/posts"}],"about":[{"href":"https:\/\/www.europesays.com\/fr\/wp-json\/wp\/v2\/types\/post"}],"author":[{"embeddable":true,"href":"https:\/\/www.europesays.com\/fr\/wp-json\/wp\/v2\/users\/2"}],"replies":[{"embeddable":true,"href":"https:\/\/www.europesays.com\/fr\/wp-json\/wp\/v2\/comments?post=605605"}],"version-history":[{"count":0,"href":"https:\/\/www.europesays.com\/fr\/wp-json\/wp\/v2\/posts\/605605\/revisions"}],"wp:featuredmedia":[{"embeddable":true,"href":"https:\/\/www.europesays.com\/fr\/wp-json\/wp\/v2\/media\/605606"}],"wp:attachment":[{"href":"https:\/\/www.europesays.com\/fr\/wp-json\/wp\/v2\/media?parent=605605"}],"wp:term":[{"taxonomy":"category","embeddable":true,"href":"https:\/\/www.europesays.com\/fr\/wp-json\/wp\/v2\/categories?post=605605"},{"taxonomy":"post_tag","embeddable":true,"href":"https:\/\/www.europesays.com\/fr\/wp-json\/wp\/v2\/tags?post=605605"}],"curies":[{"name":"wp","href":"https:\/\/api.w.org\/{rel}","templated":true}]}}