{"id":605607,"date":"2025-12-17T16:41:18","date_gmt":"2025-12-17T16:41:18","guid":{"rendered":"https:\/\/www.europesays.com\/fr\/605607\/"},"modified":"2025-12-17T16:41:18","modified_gmt":"2025-12-17T16:41:18","slug":"le-celebre-streamer-zack-nani-ouvre-un-nouveau-restaurant-a-nantes","status":"publish","type":"post","link":"https:\/\/www.europesays.com\/fr\/605607\/","title":{"rendered":"Le c\u00e9l\u00e8bre streamer Zack Nani ouvre un nouveau restaurant \u00e0 Nantes"},"content":{"rendered":"<p>                    Par<br \/>\n        <strong><br \/>\n            <a href=\"https:\/\/actu.fr\/auteur\/thomas-bernard\" title=\"Consulter tous les articles de Thomas Bernard\" target=\"_blank\" rel=\"noopener\">Thomas Bernard<\/a><br \/>\n                    <\/strong><\/p>\n<p>        Publi\u00e9 le<\/p>\n<p>            17 d\u00e9c. 2025 \u00e0 17h08        <\/p>\n<p>Une nouvelle adresse de restauration rapide s\u2019invite dans le centre-ville de Nantes, au 9 all\u00e9e Duguay Trouin, pr\u00e8s de l\u2019arr\u00eat de tramway de la ligne 1, \u00e0 Commerce. L\u2019enseigne verte de la Kazdalerie, tenue par <b>Zack Nani<\/b>,<\/p>\n<p class=\" wall-content\">Apr\u00e8s Paris, <a href=\"https:\/\/actu.fr\/ile-de-france\/levallois-perret_92044\/apres-paris-le-youtubeur-zack-nani-ouvre-un-nouveau-restaurant-dans-cette-ville-des-hauts-de-seine_61376233.html\" target=\"_blank\" rel=\"noopener\">Levallois<\/a>, Lyon et Grenoble, le streamer lyonnais ouvre un nouveau point de vente dans la cit\u00e9 des ducs de Bretagne.<\/p>\n<p>Zack Nani pr\u00e9sent \u00e0 Nantes<\/p>\n<p class=\" wall-content\">La Kazdalerie propose <b>des msemens<\/b>, des sandwichs compos\u00e9s d\u2019une sorte de cr\u00eape feuillet\u00e9e. <b>Une sp\u00e9cialit\u00e9 culinaire issue du Maghreb<\/b>. Sur place ou \u00e0 emporter, la carte propose des sandwichs au kefta, au poulet, au kebab ou bien au thon.<\/p>\n<p class=\" wall-content\">Une soir\u00e9e d\u2019ouverture est pr\u00e9vue ce jeudi 18 d\u00e9cembre 2025, <b>\u00e0 partir de 16 h<\/b>. Un \u00e9v\u00e9nement auquel participera Zack Nani. Celui qui a <a href=\"https:\/\/actu.fr\/sports\/football\/france-espoirs-vous-pourrez-regarder-les-matchs-des-bleuets-sur-youtube-et-twitch-grace-a-zack-nani_63295348.html\" target=\"_blank\" rel=\"noopener\">rachet\u00e9 les droits des matchs de l\u2019\u00e9quipe de France Espoirs<\/a> sera pr\u00e9sent aux alentours de 20 h.\u00a0<\/p>\n<p class=\" wall-content\">\n<p class=\" wall-content\">\u00ab\u2009De grosses surprises arrivent\u2009\u00bb, a indiqu\u00e9 la Kazdalerie sur son compte Instagram. La grande inauguration du nouveau restaurant aura lieu<b> le samedi 20 d\u00e9cembre, \u00e0 partir de 11 h 30<\/b>.\u00a0<\/p>\n<p>Kazdalerie, 9 All\u00e9e Duguay-Trouin, Nantes.\u00a0<br \/>Ouverture le samedi 20 d\u00e9cembre 2025.Ouvert du lundi au dimanche de 11 h 30 \u00e0 23 h.\u00a0<\/p>\n<p class=\" wall-content\">Personnalisez votre actualit\u00e9 en ajoutant vos villes et m\u00e9dias en favori avec <a href=\"https:\/\/moncompte.actu.fr\" title=\"D\u00e9couvez Mon Actu\" rel=\"nofollow noopener\" data-trk=\"{&quot;cta&quot;:{&quot;action&quot;:&quot;https:\\\/\\\/moncompte.actu.fr&quot;,&quot;category&quot;:&quot;mon compte&quot;,&quot;from&quot;:&quot;article footer&quot;,&quot;name&quot;:&quot;Mon actu&quot;,&quot;type&quot;:&quot;cta&quot;}}\" target=\"_blank\">Mon Actu<\/a>.<\/p>\n","protected":false},"excerpt":{"rendered":"Par Thomas Bernard Publi\u00e9 le 17 d\u00e9c. 2025 \u00e0 17h08 Une nouvelle adresse de restauration rapide s\u2019invite dans&hellip;\n","protected":false},"author":2,"featured_media":605608,"comment_status":"","ping_status":"","sticky":false,"template":"","format":"standard","meta":{"footnotes":""},"categories":[2818],"tags":[1111,11,215,1777,674,1011,27,766,12,2636,25,938,1340,104],"class_list":{"0":"post-605607","1":"post","2":"type-post","3":"status-publish","4":"format-standard","5":"has-post-thumbnail","7":"category-nantes","8":"tag-actu","9":"tag-actualites","10":"tag-commerce","11":"tag-eu","12":"tag-europe","13":"tag-fr","14":"tag-france","15":"tag-nantes","16":"tag-news","17":"tag-pays-de-la-loire","18":"tag-republique-francaise","19":"tag-reseaux-sociaux","20":"tag-restaurant","21":"tag-societe"},"share_on_mastodon":{"url":"https:\/\/pubeurope.com\/@fr\/115735906626643688","error":""},"_links":{"self":[{"href":"https:\/\/www.europesays.com\/fr\/wp-json\/wp\/v2\/posts\/605607","targetHints":{"allow":["GET"]}}],"collection":[{"href":"https:\/\/www.europesays.com\/fr\/wp-json\/wp\/v2\/posts"}],"about":[{"href":"https:\/\/www.europesays.com\/fr\/wp-json\/wp\/v2\/types\/post"}],"author":[{"embeddable":true,"href":"https:\/\/www.europesays.com\/fr\/wp-json\/wp\/v2\/users\/2"}],"replies":[{"embeddable":true,"href":"https:\/\/www.europesays.com\/fr\/wp-json\/wp\/v2\/comments?post=605607"}],"version-history":[{"count":0,"href":"https:\/\/www.europesays.com\/fr\/wp-json\/wp\/v2\/posts\/605607\/revisions"}],"wp:featuredmedia":[{"embeddable":true,"href":"https:\/\/www.europesays.com\/fr\/wp-json\/wp\/v2\/media\/605608"}],"wp:attachment":[{"href":"https:\/\/www.europesays.com\/fr\/wp-json\/wp\/v2\/media?parent=605607"}],"wp:term":[{"taxonomy":"category","embeddable":true,"href":"https:\/\/www.europesays.com\/fr\/wp-json\/wp\/v2\/categories?post=605607"},{"taxonomy":"post_tag","embeddable":true,"href":"https:\/\/www.europesays.com\/fr\/wp-json\/wp\/v2\/tags?post=605607"}],"curies":[{"name":"wp","href":"https:\/\/api.w.org\/{rel}","templated":true}]}}