{"id":605609,"date":"2025-12-17T16:42:12","date_gmt":"2025-12-17T16:42:12","guid":{"rendered":"https:\/\/www.europesays.com\/fr\/605609\/"},"modified":"2025-12-17T16:42:12","modified_gmt":"2025-12-17T16:42:12","slug":"a-bordeaux-la-promotion-des-vins-ukrainiens-seme-la-discorde","status":"publish","type":"post","link":"https:\/\/www.europesays.com\/fr\/605609\/","title":{"rendered":"\u00e0 Bordeaux, la promotion des vins ukrainiens s\u00e8me la discorde"},"content":{"rendered":"<p>    Image d\u2019illustration\u00a0: plusieurs milliers de vignerons sont descendus dans la rue \u00e0 B\u00e9ziers le 15 novembre dernier.<br \/>\n                SYLVAIN THOMAS \/ AFP<\/p>\n<p>\n    Un syndicat agricole a annonc\u00e9 son souhait de manifester devant la Cit\u00e9 du Vin de Bordeaux o\u00f9 se tiendra, ce jeudi, une d\u00e9gustation de vins ukrainiens. Les viticulteurs d\u00e9plorent le manque de soutien d\u2019une fili\u00e8re fran\u00e7aise en crise.<\/p>\n<p class=\"fig-paragraph\">\u00abFaire la promotion des vins ukrainiens sur un territoire en crise profonde affiche un v\u00e9ritable m\u00e9pris pour les violences subies en Gironde par les viticulteurs. C\u2019est la goutte d\u2019eau qui fait d\u00e9border le vase\u00bb, temp\u00eate Th\u00e9o Hernandez, viticulteur et secr\u00e9taire g\u00e9n\u00e9ral adjoint des Jeunes Agriculteurs. C\u2019est ce constat qui pousse les agriculteurs et viticulteurs \u00e0 mener cette action qui se tiendra ce jeudi 18 novembre devant la Cit\u00e9 du Vin de Bordeaux. Le syndicat des Jeunes Agriculteurs compte mener une action en organisant \u00ables obs\u00e8ques de l\u2019agriculture fran\u00e7aise\u00bb. Une d\u00e9cision qui intervient alors que la Cit\u00e9 du Vin de Bordeaux organise un afterwork ce jour m\u00eame durant lequel des\u00a0<a href=\"https:\/\/avis-vin.lefigaro.fr\/agenda\/nous-sommes-heureux-de-les-soutenir-a-bordeaux-la-cite-du-vin-va-proposer-une-degustation-de-vins-ukrainiens-20251216\" target=\"_blank\" data-fig-type=\"NewsFlash\" rel=\"noopener\" data-gtm-custom-categorie=\"navigation\" data-gtm-custom-action=\"crossclick\" data-gtm-custom-label=\"Contextuel\" data-gtm-event=\"customEventSPE\" data-fig-domain=\"AVIS_VIN\">vins ukrainiens seront d\u00e9gust\u00e9s<\/a>.<\/p>\n<p class=\"fig-paragraph\">Une initiative pleine de bonnes intentions, mais qui tombe mal pour les Jeunes Agriculteurs de Gironde, qui d\u00e9plorent la promotion de vins \u00e9trangers et pas sp\u00e9cifiquement ukrainiens\u00a0: \u00abOn trouve extr\u00eamement d\u00e9plac\u00e9 d\u2019organiser une soir\u00e9e en l\u2019honneur des vins ukrainiens \u00e0 Bordeaux alors que la<a href=\"https:\/\/avis-vin.lefigaro.fr\/economie-du-vin\/si-ca-continue-comme-ca-j-arrete-dans-le-bordelais-des-vignerons-desabuses-et-des-chais-qui-debordent-20250917\" target=\"_blank\" data-fig-type=\"Article\" rel=\"noopener\" data-gtm-custom-categorie=\"navigation\" data-gtm-custom-action=\"crossclick\" data-gtm-custom-label=\"Contextuel\" data-gtm-event=\"customEventSPE\" data-fig-domain=\"AVIS_VIN\">\u00a0fili\u00e8re bordelaise est en pleine crise<\/a> . Ce pays est en guerre, ce que tout le monde comprend humainement. Mais pendant ce temps\u2011l\u00e0, dans le Bordelais comme\u00a0<a href=\"https:\/\/avis-vin.lefigaro.fr\/economie-du-vin\/en-plein-desarroi-la-filiere-vin-recue-ce-lundi-par-la-ministre-de-l-agriculture-20251124\" target=\"_blank\" data-fig-type=\"NewsFlash\" rel=\"noopener\" data-gtm-custom-categorie=\"navigation\" data-gtm-custom-action=\"crossclick\" data-gtm-custom-label=\"Contextuel\" data-gtm-event=\"customEventSPE\" data-fig-domain=\"AVIS_VIN\">au niveau national, les viticulteurs sont en train de crever<\/a> \u00bb, explique Th\u00e9o Hernandez. \u00abLa Cit\u00e9 du Vin a \u00e9t\u00e9 en grande partie financ\u00e9e par les viticulteurs de la r\u00e9gion\u00bb, ajoute-t-il.<\/p>\n<p>                                                                <a class=\"fig-a11y-skip\" href=\"#fig-a11y-skip-main-inarticle\" data-module=\"a11y-skip\" data-context=\"was @visible\"><br \/>\n    Passer la publicit\u00e9<br \/>\n<\/a>            <\/p>\n<p>                                                                <strong>Un soutien \u00e0 toute la fili\u00e8re agricole en crise<\/strong><\/p>\n<p class=\"fig-paragraph\">Les manifestants comptent se rendre devant la Cit\u00e9 du Vin \u00e0 Bordeaux avec des cercueils, \u00abpour enterrer symboliquement l\u2019agriculture\u00bb et \u00abinterpeller\u00bb, tout en ayant conscience qu\u2019\u00abil n\u2019y aura sans doute pas de r\u00e9ponse imm\u00e9diate\u00bb. Difficile \u00e0 entendre pour ces producteurs qui souhaitent simplement \u00ab<a href=\"https:\/\/avis-vin.lefigaro.fr\/economie-du-vin\/ils-jouent-sur-le-drame-humain-des-viticulteurs-revoltes-par-une-vente-de-vins-a-30-centimes-le-litre-aux-encheres-20251010\" target=\"_blank\" data-fig-type=\"Article\" rel=\"noopener\" data-gtm-custom-categorie=\"navigation\" data-gtm-custom-action=\"crossclick\" data-gtm-custom-label=\"Contextuel\" data-gtm-event=\"customEventSPE\" data-fig-domain=\"AVIS_VIN\">vendre \u00e0 un prix r\u00e9mun\u00e9rateur<\/a> \u00bb et qui se retrouvent face \u00e0 un \u00abpaysage m\u00e9connaissable, entre\u00a0<a href=\"https:\/\/www.lefigaro.fr\/vox\/societe\/huit-mille-hectares-de-vignes-arrachees-c-est-la-france-qu-on-deracine-le-cri-d-alarme-d-un-viticulteur-bordelais-20240517\" target=\"_blank\" data-fig-type=\"Article\" rel=\"noopener\" data-gtm-custom-categorie=\"navigation\" data-gtm-custom-action=\"crossclick\" data-gtm-custom-label=\"Contextuel\" data-gtm-event=\"customEventSPE\" data-fig-domain=\"LEFIGARO\">les vignes en friche et celles qui sont arrach\u00e9es<\/a> \u00bb.<\/p>\n<p class=\"fig-body-link\">\n            \u00c0 lire aussi<br \/>\n        <a class=\"fig-body-link__link\" href=\"http:\/\/avis-vin.lefigaro.fr\/economie-du-vin\/les-mesures-de-l-ue-pour-sauver-la-filiere-vin-en-passe-d-etre-definitivement-adoptees-20251204\" target=\"_blank\" data-fig-type=\"NewsFlash\" rel=\"noopener\" data-gtm-custom-categorie=\"navigation\" data-gtm-custom-action=\"crossclick\" data-gtm-custom-label=\"Contextuel\" data-gtm-event=\"customEventSPE\" data-fig-domain=\"AVIS_VIN\"><\/p>\n<p>        Les mesures de l\u2019UE pour sauver la fili\u00e8re vin en passe d&rsquo;\u00eatre d\u00e9finitivement adopt\u00e9es<br \/>\n    <\/a>\n<\/p>\n<p class=\"fig-paragraph\">Cette action se veut aussi comme \u00abun geste de soutien \u00e0 nos coll\u00e8gues partis \u00e0 Bruxelles pour manifester contre le Mercosur\u00bb. En effet, au-del\u00e0 de la promotion de vins \u00e9trangers au c\u0153ur d\u2019une p\u00e9riode de crise sans pr\u00e9c\u00e9dent, la mobilisation fait \u00e9galement \u00e9cho aux mobilisations men\u00e9es actuellement par la fili\u00e8re agricole en g\u00e9n\u00e9ral contre le\u00a0<a href=\"https:\/\/video.lefigaro.fr\/figaro\/politique\/mercosur-d-eminents-pays-europeens-sont-alignes-avec-la-france-precise-maud-bregeon-20251217\" target=\"_blank\" data-fig-type=\"Video\" rel=\"noopener\" data-gtm-custom-categorie=\"navigation\" data-gtm-custom-action=\"crossclick\" data-gtm-custom-label=\"Contextuel\" data-gtm-event=\"customEventSPE\" data-fig-domain=\"LEFIGARO\">projet d\u2019accord entre l\u2019UE et le Mercosur<\/a>\u00a0et les\u00a0<a href=\"https:\/\/avis-vin.lefigaro.fr\/economie-du-vin\/crise-viticole-la-reponse-du-ministere-de-l-agriculture-pas-a-la-hauteur-selon-la-fnsea-20251125\" target=\"_blank\" data-fig-type=\"NewsFlash\" rel=\"noopener\" data-gtm-custom-categorie=\"navigation\" data-gtm-custom-action=\"crossclick\" data-gtm-custom-label=\"Contextuel\" data-gtm-event=\"customEventSPE\" data-fig-domain=\"AVIS_VIN\">annonces pour la crise viticole<\/a>, jug\u00e9es insuffisantes. Les derni\u00e8res actualit\u00e9s de la fili\u00e8re bovine ayant mis le feu aux poudres, terreau pour les revendications de toute la fili\u00e8re agricole.<\/p>\n<p class=\"fig-paragraph\">La Cit\u00e9 du Vin a, quant \u00e0 elle, souhait\u00e9 rester discr\u00e8te vis-\u00e0-vis de l\u2019action pr\u00e9vue ce jeudi. \u00abNous avons pris connaissance de la mobilisation. Nous sommes en \u00e9changes avec les autorit\u00e9s comp\u00e9tentes et les \u00e9quipes sont mobilis\u00e9es pour voir ce qu\u2019il se passera pour la suite\u00bb, a sobrement r\u00e9agi la personne charg\u00e9e des relations publiques de l\u2019institution bordelaise.<\/p>\n","protected":false},"excerpt":{"rendered":"Image d\u2019illustration\u00a0: plusieurs milliers de vignerons sont descendus dans la rue \u00e0 B\u00e9ziers le 15 novembre dernier. SYLVAIN&hellip;\n","protected":false},"author":2,"featured_media":605610,"comment_status":"","ping_status":"","sticky":false,"template":"","format":"standard","meta":{"footnotes":""},"categories":[2817],"tags":[1111,11,327,1997,1777,674,1011,27,12,2219,25,66460],"class_list":{"0":"post-605609","1":"post","2":"type-post","3":"status-publish","4":"format-standard","5":"has-post-thumbnail","7":"category-bordeaux","8":"tag-actu","9":"tag-actualites","10":"tag-agriculture","11":"tag-bordeaux","12":"tag-eu","13":"tag-europe","14":"tag-fr","15":"tag-france","16":"tag-news","17":"tag-nouvelle-aquitaine","18":"tag-republique-francaise","19":"tag-viticulteurs"},"share_on_mastodon":{"url":"https:\/\/pubeurope.com\/@fr\/115735910432721290","error":""},"_links":{"self":[{"href":"https:\/\/www.europesays.com\/fr\/wp-json\/wp\/v2\/posts\/605609","targetHints":{"allow":["GET"]}}],"collection":[{"href":"https:\/\/www.europesays.com\/fr\/wp-json\/wp\/v2\/posts"}],"about":[{"href":"https:\/\/www.europesays.com\/fr\/wp-json\/wp\/v2\/types\/post"}],"author":[{"embeddable":true,"href":"https:\/\/www.europesays.com\/fr\/wp-json\/wp\/v2\/users\/2"}],"replies":[{"embeddable":true,"href":"https:\/\/www.europesays.com\/fr\/wp-json\/wp\/v2\/comments?post=605609"}],"version-history":[{"count":0,"href":"https:\/\/www.europesays.com\/fr\/wp-json\/wp\/v2\/posts\/605609\/revisions"}],"wp:featuredmedia":[{"embeddable":true,"href":"https:\/\/www.europesays.com\/fr\/wp-json\/wp\/v2\/media\/605610"}],"wp:attachment":[{"href":"https:\/\/www.europesays.com\/fr\/wp-json\/wp\/v2\/media?parent=605609"}],"wp:term":[{"taxonomy":"category","embeddable":true,"href":"https:\/\/www.europesays.com\/fr\/wp-json\/wp\/v2\/categories?post=605609"},{"taxonomy":"post_tag","embeddable":true,"href":"https:\/\/www.europesays.com\/fr\/wp-json\/wp\/v2\/tags?post=605609"}],"curies":[{"name":"wp","href":"https:\/\/api.w.org\/{rel}","templated":true}]}}