{"id":605617,"date":"2025-12-17T16:46:12","date_gmt":"2025-12-17T16:46:12","guid":{"rendered":"https:\/\/www.europesays.com\/fr\/605617\/"},"modified":"2025-12-17T16:46:12","modified_gmt":"2025-12-17T16:46:12","slug":"a-lille-un-immense-marche-de-createurs-sinstalle-pour-sauver-les-cadeaux-de-noel","status":"publish","type":"post","link":"https:\/\/www.europesays.com\/fr\/605617\/","title":{"rendered":"\u00c0 Lille, un immense march\u00e9 de cr\u00e9ateurs s&rsquo;installe pour sauver les cadeaux de No\u00ebl"},"content":{"rendered":"<p>                    Par<br \/>\n        <strong><br \/>\n            <a href=\"https:\/\/actu.fr\/auteur\/hervine-mahaud\" title=\"Consulter tous les articles de Hervine Mahaud\" target=\"_blank\" rel=\"noopener\">Hervine Mahaud<\/a><br \/>\n                    <\/strong><\/p>\n<p>        Publi\u00e9 le<\/p>\n<p>            17 d\u00e9c. 2025 \u00e0 17h30        <\/p>\n<p>\u00c0 quelques jours de <b>No\u00ebl<\/b>, alors que la course aux <b>cadeaux<\/b> touche bient\u00f4t \u00e0 sa fin, un \u00e9v\u00e9nement in\u00e9dit d\u00e9barque \u00e0 <a href=\"https:\/\/actu.fr\/hauts-de-france\/lille_59350\" target=\"_blank\" rel=\"noopener\">Lille<\/a>. Les <b>20 et 21 d\u00e9cembre<\/b>, le collectif <b>Dimension<\/b> investit <b>Garage Les Lillois<\/b>, boulevard Carnot, pour organiser <b>le plus grand pop-up streetwear jamais propos\u00e9 dans le Nord<\/b>. Une premi\u00e8re qui promet de s\u00e9duire les amateurs de <b>mode urbaine<\/b> et les retardataires en qu\u00eate d\u2019id\u00e9es originales.<\/p>\n<p>Un village streetwear XXL au c\u0153ur de Lille<\/p>\n<p class=\" wall-content\">Pour cette \u00e9dition sp\u00e9ciale f\u00eates, Dimension r\u00e9unit <b>plus de 60 exposants<\/b> venus de toute la France et de Belgique. <b>Sneakers, friperies pointues, marques ind\u00e9pendantes, bijoux, cartes Pok\u00e9mon ou encore objets de d\u00e9coration<\/b> : le pop-up se pr\u00e9sente comme un v\u00e9ritable village d\u00e9di\u00e9 \u00e0 la culture streetwear.<\/p>\n<p class=\" wall-content\">L\u2019\u00e9v\u00e9nement s\u2019adresse particuli\u00e8rement \u00e0 un public jeune, entre <b>15 et 35 ans<\/b>, \u00e0 la recherche de cadeaux uniques. L\u2019objectif est clair : offrir une alternative aux march\u00e9s de No\u00ebl traditionnels et proposer une exp\u00e9rience shopping diff\u00e9rente, plus cr\u00e9ative et plus fluide, sans la foule habituelle des grandes art\u00e8res lilloises.<\/p>\n<p class=\" wall-content\"><a href=\"https:\/\/www.instagram.com\/p\/DRaBe-pCJPv\/embed\" title=\"Ouvrir le lien sur Instagram\" target=\"_blank\" rel=\"noopener\">Visualiser le contenu sur Instagram<\/a><\/p>\n<p>Bien plus qu\u2019un march\u00e9 de cr\u00e9ateurs<\/p>\n<p class=\" wall-content\">Le pop-up de No\u00ebl de Dimension ne se limite pas \u00e0 la vente. Tout au long du week-end, <b>l\u2019exp\u00e9rience se veut festive et immersive<\/b>. Un studio de musique install\u00e9 sur place mettra en lumi\u00e8re des artistes locaux, tandis que des DJ sets gratuits rythmeront les deux journ\u00e9es.<\/p>\n<p class=\" wall-content\">Les visiteurs pourront \u00e9galement personnaliser leur look gr\u00e2ce \u00e0 la pr\u00e9sence de tatoueurs, nail-artistes, perceurs, barbiers et cr\u00e9ateurs de grillz. Deux bars seront accessibles pour faire une pause entre deux stands, dans une ambiance conviviale et d\u00e9contract\u00e9e.<\/p>\n<p>Infos pratiques : Pop-up de No\u00ebl, au Garage, 34 boulevard Carnot \u00e0 Lille. Horaires : samedi 20 d\u00e9cembre de 10h \u00e0 19h et dimanche 21 d\u00e9cembre de 12h \u00e0 19h. Entr\u00e9e gratuite. Plus d\u2019infos <a href=\"https:\/\/www.facebook.com\/events\/627768323681374\" target=\"_blank\" rel=\"noopener\">en cliquant ici<\/a>.<\/p>\n<p class=\" wall-content\">Personnalisez votre actualit\u00e9 en ajoutant vos villes et m\u00e9dias en favori avec <a href=\"https:\/\/moncompte.actu.fr\" title=\"D\u00e9couvez Mon Actu\" rel=\"nofollow noopener\" data-trk=\"{&quot;cta&quot;:{&quot;action&quot;:&quot;https:\\\/\\\/moncompte.actu.fr&quot;,&quot;category&quot;:&quot;mon compte&quot;,&quot;from&quot;:&quot;article footer&quot;,&quot;name&quot;:&quot;Mon actu&quot;,&quot;type&quot;:&quot;cta&quot;}}\" target=\"_blank\">Mon Actu<\/a>.<\/p>\n<p>                    <script async src=\"\/\/www.instagram.com\/embed.js\"><\/script><\/p>\n","protected":false},"excerpt":{"rendered":"Par Hervine Mahaud Publi\u00e9 le 17 d\u00e9c. 2025 \u00e0 17h30 \u00c0 quelques jours de No\u00ebl, alors que la&hellip;\n","protected":false},"author":2,"featured_media":605618,"comment_status":"","ping_status":"","sticky":false,"template":"","format":"standard","meta":{"footnotes":""},"categories":[2815],"tags":[1111,11,6557,1777,674,1011,27,811,1307,1652,12,25],"class_list":{"0":"post-605617","1":"post","2":"type-post","3":"status-publish","4":"format-standard","5":"has-post-thumbnail","7":"category-lille","8":"tag-actu","9":"tag-actualites","10":"tag-bon-plan-a-lille","11":"tag-eu","12":"tag-europe","13":"tag-fr","14":"tag-france","15":"tag-hauts-de-france","16":"tag-lille","17":"tag-loisirs-culture","18":"tag-news","19":"tag-republique-francaise"},"share_on_mastodon":{"url":"https:\/\/pubeurope.com\/@fr\/115735926251103502","error":""},"_links":{"self":[{"href":"https:\/\/www.europesays.com\/fr\/wp-json\/wp\/v2\/posts\/605617","targetHints":{"allow":["GET"]}}],"collection":[{"href":"https:\/\/www.europesays.com\/fr\/wp-json\/wp\/v2\/posts"}],"about":[{"href":"https:\/\/www.europesays.com\/fr\/wp-json\/wp\/v2\/types\/post"}],"author":[{"embeddable":true,"href":"https:\/\/www.europesays.com\/fr\/wp-json\/wp\/v2\/users\/2"}],"replies":[{"embeddable":true,"href":"https:\/\/www.europesays.com\/fr\/wp-json\/wp\/v2\/comments?post=605617"}],"version-history":[{"count":0,"href":"https:\/\/www.europesays.com\/fr\/wp-json\/wp\/v2\/posts\/605617\/revisions"}],"wp:featuredmedia":[{"embeddable":true,"href":"https:\/\/www.europesays.com\/fr\/wp-json\/wp\/v2\/media\/605618"}],"wp:attachment":[{"href":"https:\/\/www.europesays.com\/fr\/wp-json\/wp\/v2\/media?parent=605617"}],"wp:term":[{"taxonomy":"category","embeddable":true,"href":"https:\/\/www.europesays.com\/fr\/wp-json\/wp\/v2\/categories?post=605617"},{"taxonomy":"post_tag","embeddable":true,"href":"https:\/\/www.europesays.com\/fr\/wp-json\/wp\/v2\/tags?post=605617"}],"curies":[{"name":"wp","href":"https:\/\/api.w.org\/{rel}","templated":true}]}}