{"id":605634,"date":"2025-12-17T16:56:14","date_gmt":"2025-12-17T16:56:14","guid":{"rendered":"https:\/\/www.europesays.com\/fr\/605634\/"},"modified":"2025-12-17T16:56:14","modified_gmt":"2025-12-17T16:56:14","slug":"paris-la-gare-routiere-de-la-porte-maillot-rouvre-pour-desengorger-celle-de-bercy-qui-en-avait-bien-besoin","status":"publish","type":"post","link":"https:\/\/www.europesays.com\/fr\/605634\/","title":{"rendered":"Paris\u00a0: la gare routi\u00e8re de la porte Maillot rouvre pour d\u00e9sengorger celle de Bercy \u00ab\u00a0qui en avait bien besoin\u00a0\u00bb"},"content":{"rendered":"<p class=\"paragraph text_align_left lp-f-body-02\">Depuis le d\u00e9but de la semaine, les passagers des cars longue distance sont un peu moins nombreux \u00e0 traverser le parc de Bercy (Paris XIIe), valises \u00e0 roulettes \u00e0 la main, pour se rendre jusqu\u2019\u00e0 <a href=\"https:\/\/www.leparisien.fr\/info-paris-ile-de-france-oise\/transports\/gare-routiere-de-paris-bercy-les-usagers-des-cars-macron-pourront-enfin-patienter-a-l-abri-26-01-2020-8244879.php\" target=\"_self\" rel=\"noopener\">la gare routi\u00e8re des bords de Seine<\/a>. Certains d\u2019entre eux vont d\u00e9sormais prendre la direction de la porte Maillot (XVIIe), o\u00f9 l\u2019ancienne gare routi\u00e8re \u00ab Pershing \u00bb (du nom du boulevard qui l\u2019accueille), qui avait \u00e9t\u00e9 ferm\u00e9e avant les JO de Paris, a repris du service ce lundi 15 d\u00e9cembre.<\/p>\n<p class=\"\">La mairie de Paris a investi 1,4 million d\u2019euros pour transformer l\u2019<a href=\"https:\/\/www.leparisien.fr\/paris-75\/paris-75017\/porte-maillot-flixbus-denonce-la-grande-misere-de-la-gare-routiere-30-08-2016-6081101.php\" target=\"_self\" rel=\"noopener\">ancien site aux allures de simple parking \u00e0 ciel ouvert<\/a> sans aucun am\u00e9nagement en une v\u00e9ritable gare routi\u00e8re digne de ce nom. Pas d\u2019\u00e9quipements lourds \u00e0 attendre mais le nouveau site est d\u00e9sormais dot\u00e9 d\u2019un \u00e9clairage public, de cheminements pi\u00e9tons clairs et s\u00e9curis\u00e9s, d\u2019un petit b\u00e2timent billetterie, de zones d\u2019attente abrit\u00e9es des intemp\u00e9ries\u2026 et de toilettes !<\/p>\n","protected":false},"excerpt":{"rendered":"Depuis le d\u00e9but de la semaine, les passagers des cars longue distance sont un peu moins nombreux \u00e0&hellip;\n","protected":false},"author":2,"featured_media":605635,"comment_status":"","ping_status":"","sticky":false,"template":"","format":"standard","meta":{"footnotes":""},"categories":[1888],"tags":[11,1777,674,1011,27,1944,12,626,25,2382],"class_list":{"0":"post-605634","1":"post","2":"type-post","3":"status-publish","4":"format-standard","5":"has-post-thumbnail","7":"category-paris","8":"tag-actualites","9":"tag-eu","10":"tag-europe","11":"tag-fr","12":"tag-france","13":"tag-ma-ville","14":"tag-news","15":"tag-paris","16":"tag-republique-francaise","17":"tag-transport-idf-oise"},"share_on_mastodon":{"url":"https:\/\/pubeurope.com\/@fr\/115735965727122269","error":""},"_links":{"self":[{"href":"https:\/\/www.europesays.com\/fr\/wp-json\/wp\/v2\/posts\/605634","targetHints":{"allow":["GET"]}}],"collection":[{"href":"https:\/\/www.europesays.com\/fr\/wp-json\/wp\/v2\/posts"}],"about":[{"href":"https:\/\/www.europesays.com\/fr\/wp-json\/wp\/v2\/types\/post"}],"author":[{"embeddable":true,"href":"https:\/\/www.europesays.com\/fr\/wp-json\/wp\/v2\/users\/2"}],"replies":[{"embeddable":true,"href":"https:\/\/www.europesays.com\/fr\/wp-json\/wp\/v2\/comments?post=605634"}],"version-history":[{"count":0,"href":"https:\/\/www.europesays.com\/fr\/wp-json\/wp\/v2\/posts\/605634\/revisions"}],"wp:featuredmedia":[{"embeddable":true,"href":"https:\/\/www.europesays.com\/fr\/wp-json\/wp\/v2\/media\/605635"}],"wp:attachment":[{"href":"https:\/\/www.europesays.com\/fr\/wp-json\/wp\/v2\/media?parent=605634"}],"wp:term":[{"taxonomy":"category","embeddable":true,"href":"https:\/\/www.europesays.com\/fr\/wp-json\/wp\/v2\/categories?post=605634"},{"taxonomy":"post_tag","embeddable":true,"href":"https:\/\/www.europesays.com\/fr\/wp-json\/wp\/v2\/tags?post=605634"}],"curies":[{"name":"wp","href":"https:\/\/api.w.org\/{rel}","templated":true}]}}