{"id":605636,"date":"2025-12-17T16:57:15","date_gmt":"2025-12-17T16:57:15","guid":{"rendered":"https:\/\/www.europesays.com\/fr\/605636\/"},"modified":"2025-12-17T16:57:15","modified_gmt":"2025-12-17T16:57:15","slug":"enfant-rase-a-lase-la-colere-gronde-au-conseil-de-paris-anne-hidalgo-reconnait-des-dysfonctionnements","status":"publish","type":"post","link":"https:\/\/www.europesays.com\/fr\/605636\/","title":{"rendered":"Enfant ras\u00e9\u00a0\u00e0 l\u2019ASE : la col\u00e8re gronde au Conseil de Paris, Anne Hidalgo reconna\u00eet des \u00ab\u00a0dysfonctionnements\u00a0\u00bb"},"content":{"rendered":"<p class=\"paragraph text_align_left lp-f-body-02\">Dans l\u2019h\u00e9micycle, ce mercredi, le ton est mont\u00e9 une nouvelle fois au Conseil de Paris. \u00ab En 2025, des professionnels cens\u00e9s prot\u00e9ger un enfant <a href=\"https:\/\/www.leparisien.fr\/faits-divers\/enfant-de-8-ans-rase-par-des-educateurs-de-laide-sociale-a-lenfance-la-ville-de-paris-saisit-la-justice-09-12-2025-PSTEHKPQ7VH7JO2WH7LIXITN5M.php\" target=\"_blank\" rel=\"noreferrer noopener\">ont ras\u00e9 les cheveux d\u2019un enfant accueilli au foyer Jenner<\/a> \u00bb, a d\u2019abord rappel\u00e9 <a href=\"https:\/\/www.leparisien.fr\/politique\/anne-hidalgo\/\" target=\"_blank\" rel=\"noreferrer noopener\">Anne Hidalgo<\/a> face aux \u00e9lus. Une introduction pour rappeler son indignation avant des d\u00e9bats houleux, apr\u00e8s que cette affaire ait \u00e9t\u00e9 d\u00e9voil\u00e9e et secoue l\u2019Aide sociale \u00e0 l\u2019enfance (ASE, anciennement DDass) parisienne.<\/p>\n<p class=\"\">Le d\u00e9bat sur le v\u0153u adopt\u00e9 par les \u00e9lus \u2013 portant notamment sur le renforcement des formations et la transmission \u00e0 la justice des conclusions de l\u2019inspection \u2013 a cristallis\u00e9 les tensions. Si le texte a \u00e9t\u00e9 vot\u00e9, il a suscit\u00e9 une avalanche de critiques de la part de l\u2019opposition, qui a fustig\u00e9 la gestion de l\u2019ASE par la Ville, dont c\u2019est la comp\u00e9tence.<\/p>\n<p>Anne Hidalgo reconna\u00eet des failles<\/p>\n<p class=\"\">En pr\u00e9ambule donc, la maire de Paris n\u2019a pas \u00e9lud\u00e9 les responsabilit\u00e9s mises en cause. \u00ab Il y a eu des dysfonctionnements au sein de l\u2019administration \u00bb, a-t-elle admis, regrettant que \u00ab des informations aussi graves \u00bb n\u2019aient pas \u00e9t\u00e9 remont\u00e9es aux \u00e9lus. <\/p>\n<p class=\"\">\u00ab Moi-m\u00eame, ainsi que les \u00e9lus concern\u00e9s, avons d\u00e9couvert ces faits par voie de presse \u00bb, a-t-elle insist\u00e9, avant de rappeler que la Ville avait saisi le parquet d\u00e8s le 9 d\u00e9cembre et lanc\u00e9 une inspection conjointe avec la Protection judiciaire de la jeunesse.<\/p>\n<p>L\u2019opposition hausse le ton<\/p>\n<p class=\"\">Pas de quoi rassurer l\u2019opposition de droite, remont\u00e9e. C\u2019est Nelly Garnier (LR), proche de Rachida Dati (LR), qui a \u00e9t\u00e9 la plus incisive. <\/p>\n<p class=\"\">\u00ab Vous ne pouvez pas dire que vous ignorez l\u2019existence de la maltraitance, de la prostitution, des viols ou de la toxicomanie dans les foyers que vous financez \u00bb, a-t-elle ass\u00e9n\u00e9. L\u2019\u00e9lue a r\u00e9v\u00e9l\u00e9 avoir \u00e9chang\u00e9 avec un avocat d\u00e9fendant des familles, qui lui aurait confi\u00e9 avoir \u00ab 50 dossiers ouverts actuellement pour de la prostitution de mineurs au sein des foyers de l\u2019ASE parisienne \u00bb.<\/p>\n<p class=\"\">Avant cela, Delphine B\u00fcrkli (Horizons), maire du IXe arrondissement, ne s\u2019est pas non plus satisfaite de cette prise de parole d\u2019Anne Hidalgo. <\/p>\n<p class=\"\">\u00ab Vous expliquez ce qu\u2019il faudrait faire apr\u00e8s sans jamais clarifier ce qui s\u2019est pass\u00e9 avant, a-t-elle reproch\u00e9. D\u2019autres faits ont-ils \u00e9t\u00e9 dissimul\u00e9s, minimis\u00e9s, ou simplement non port\u00e9s \u00e0 la connaissance de notre assembl\u00e9e ? \u00bb<\/p>\n<p class=\"\">L\u2019opposition a \u00e9galement reproch\u00e9 \u00e0 la majorit\u00e9 actuelle une \u00ab d\u00e9l\u00e9gation massive \u00bb des comp\u00e9tences sociales. Sur les 102 \u00e9tablissements de l\u2019ASE, seuls 13 sont g\u00e9r\u00e9s directement par la Ville, les 88 autres \u00e9tant confi\u00e9s \u00e0 des associations. <\/p>\n<p class=\"\">\u00ab La Ville a perdu sa capacit\u00e9 \u00e0 contr\u00f4ler les \u00e9tablissements relevant pourtant de sa comp\u00e9tence \u00bb, a critiqu\u00e9 V\u00e9ronique Bucaille du groupe Les R\u00e9publicains, Les Centristes. La droite du Conseil de Paris a m\u00eame r\u00e9clam\u00e9 la d\u00e9mission de Dominique Versini, <a href=\"https:\/\/www.leparisien.fr\/paris-75\/violences-sexuelles-dans-les-ecoles-la-ville-de-paris-cree-un-poste-de-defenseur-des-enfants-04-12-2025-M3XRJFSA7NCYTDDXCQMF4XSIOA.php\" target=\"_blank\" rel=\"noreferrer noopener\">nomm\u00e9e d\u00e9fenseure des enfants<\/a> il y a deux semaines \u00e0 peine, jug\u00e9e insuffisamment ind\u00e9pendante puisqu\u2019elle \u00e9tait l\u2019adjointe d\u2019Anne Hidalgo en charge de la protection de l\u2019enfance.<\/p>\n<p>\u00ab Ignoble instrumentalisation \u00bb<\/p>\n<p class=\"\">Face aux attaques, Patrick Bloche, premier adjoint de la maire, en charge de ce dossier apr\u00e8s le d\u00e9part de Dominique Versini, n\u2019a que peu gout\u00e9 \u00e0 ces attaques. <\/p>\n<p class=\"\">\u00ab Il est ignoble d\u2019instrumentaliser ainsi la situation et ce qu\u2019a subi ce jeune enfant \u00bb, a-t-il r\u00e9pondu. \u00ab Le probl\u00e8me de l\u2019aide sociale \u00e0 l\u2019enfance est avant tout un probl\u00e8me national \u00bb, a-t-il ajout\u00e9, reprochant \u00e0 l\u2019\u00c9tat de \u00ab fuir ses responsabilit\u00e9s sur le dos des collectivit\u00e9s territoriales \u00bb. L\u2019\u00e9lu a \u00e9galement assur\u00e9 \u00e0 l\u2019opposition que : \u00ab nous n\u2019avons rien \u00e0 cacher, vous aurez ce rapport \u00bb, en r\u00e9f\u00e9rence au travail de l\u2019inspection g\u00e9n\u00e9rale qui avait enqu\u00eat\u00e9 sur l\u2019ASE avant que cette affaire ne soit d\u00e9voil\u00e9e.<\/p>\n<p class=\"\">Pour rappel, en f\u00e9vrier dernier, un enfant de 8 ans plac\u00e9 au foyer Jenner, dans le XIIIe arrondissement, a \u00e9t\u00e9 ras\u00e9 par des \u00e9ducateurs qui ont film\u00e9 et diffus\u00e9 la sc\u00e8ne sur WhatsApp, pr\u00e9textant la pr\u00e9sence de poux.<\/p>\n<p class=\"\">R\u00e9v\u00e9l\u00e9e par Franceinfo d\u00e9but d\u00e9cembre, l\u2019affaire a conduit \u00e0 l\u2019ouverture d\u2019une enqu\u00eate pour \u00ab violences volontaires sur mineur de moins de 15 ans par personne ayant autorit\u00e9 \u00bb. La D\u00e9fenseure des droits, Claire H\u00e9don, <a href=\"https:\/\/www.leparisien.fr\/paris-75\/garcon-de-8-ans-rase-par-des-educateurs-a-lase-la-defenseure-des-droits-sauto-saisit-de-laffaire-10-12-2025-RNLOE52VWJH2NCKFDD4CJI7VSA.php\" target=\"_blank\" rel=\"noreferrer noopener\">s\u2019est \u00e9galement autosaisie du dossier<\/a>.<\/p>\n","protected":false},"excerpt":{"rendered":"Dans l\u2019h\u00e9micycle, ce mercredi, le ton est mont\u00e9 une nouvelle fois au Conseil de Paris. \u00ab En 2025,&hellip;\n","protected":false},"author":2,"featured_media":448119,"comment_status":"","ping_status":"","sticky":false,"template":"","format":"standard","meta":{"footnotes":""},"categories":[1888],"tags":[11,1777,674,1011,27,1944,12,626,25],"class_list":{"0":"post-605636","1":"post","2":"type-post","3":"status-publish","4":"format-standard","5":"has-post-thumbnail","7":"category-paris","8":"tag-actualites","9":"tag-eu","10":"tag-europe","11":"tag-fr","12":"tag-france","13":"tag-ma-ville","14":"tag-news","15":"tag-paris","16":"tag-republique-francaise"},"share_on_mastodon":{"url":"https:\/\/pubeurope.com\/@fr\/115735969499308859","error":""},"_links":{"self":[{"href":"https:\/\/www.europesays.com\/fr\/wp-json\/wp\/v2\/posts\/605636","targetHints":{"allow":["GET"]}}],"collection":[{"href":"https:\/\/www.europesays.com\/fr\/wp-json\/wp\/v2\/posts"}],"about":[{"href":"https:\/\/www.europesays.com\/fr\/wp-json\/wp\/v2\/types\/post"}],"author":[{"embeddable":true,"href":"https:\/\/www.europesays.com\/fr\/wp-json\/wp\/v2\/users\/2"}],"replies":[{"embeddable":true,"href":"https:\/\/www.europesays.com\/fr\/wp-json\/wp\/v2\/comments?post=605636"}],"version-history":[{"count":0,"href":"https:\/\/www.europesays.com\/fr\/wp-json\/wp\/v2\/posts\/605636\/revisions"}],"wp:featuredmedia":[{"embeddable":true,"href":"https:\/\/www.europesays.com\/fr\/wp-json\/wp\/v2\/media\/448119"}],"wp:attachment":[{"href":"https:\/\/www.europesays.com\/fr\/wp-json\/wp\/v2\/media?parent=605636"}],"wp:term":[{"taxonomy":"category","embeddable":true,"href":"https:\/\/www.europesays.com\/fr\/wp-json\/wp\/v2\/categories?post=605636"},{"taxonomy":"post_tag","embeddable":true,"href":"https:\/\/www.europesays.com\/fr\/wp-json\/wp\/v2\/tags?post=605636"}],"curies":[{"name":"wp","href":"https:\/\/api.w.org\/{rel}","templated":true}]}}