{"id":605637,"date":"2025-12-17T16:58:17","date_gmt":"2025-12-17T16:58:17","guid":{"rendered":"https:\/\/www.europesays.com\/fr\/605637\/"},"modified":"2025-12-17T16:58:17","modified_gmt":"2025-12-17T16:58:17","slug":"un-boitier-espion-decouvert-sur-un-ferry-a-sete-comment-la-russie-se-retrouve-au-coeur-des-soupcons","status":"publish","type":"post","link":"https:\/\/www.europesays.com\/fr\/605637\/","title":{"rendered":"Un bo\u00eetier espion d\u00e9couvert sur un ferry \u00e0 S\u00e8te\u00a0: comment la Russie se retrouve au c\u0153ur des soup\u00e7ons"},"content":{"rendered":"<p>\n                                                                    l&rsquo;essentiel<br \/>\n                                                                La justice soup\u00e7onne une tentative de sabotage informatique russe au port de S\u00e8te. Un ressortissant letton, membre d\u2019\u00e9quipage d\u2019un ferry, a \u00e9t\u00e9 mis en examen apr\u00e8s la saisie d\u2019un mat\u00e9riel permettant de prendre le contr\u00f4le du navire sur lequel il travaillait.\n                            <\/p>\n<p>\u00c0 bord d\u2019un ferry amarr\u00e9 au port de S\u00e8te (H\u00e9rault), <a href=\"https:\/\/www.ladepeche.fr\/2025\/12\/16\/le-ferry-accoste-en-occitanie-etait-il-infecte-par-un-logiciel-espion-une-enquete-ouverte-apres-la-decouverte-dun-mysterieux-boitier-a-bord-13114604.php\" target=\"_blank\" rel=\"noopener\">un bo\u00eetier, d\u2019apparence banale, a suffi \u00e0 d\u00e9clencher une vaste enqu\u00eate judiciaire<\/a>. En fin de semaine derni\u00e8re, deux membres de l\u2019\u00e9quipage d\u2019un ferry de croisi\u00e8re ont \u00e9t\u00e9 interpell\u00e9s et plac\u00e9s en garde \u00e0 vue apr\u00e8s la d\u00e9couverte d\u2019un syst\u00e8me informatique suspect \u00e0 bord du navire sur lequel ils travaillaient.<\/p>\n<p>L\u2019information, r\u00e9v\u00e9l\u00e9e par <a href=\"https:\/\/www.leparisien.fr\/faits-divers\/un-navire-accoste-dans-lherault-au-coeur-dune-mysterieuse-enquete-pour-contre-espionnage-et-piratage-16-12-2025-7765URZED5HJTD5LCFUAXWFGZA.php\" target=\"_self\" rel=\"noopener\">Le Parisien<\/a>, a \u00e9t\u00e9 confirm\u00e9e mardi par le parquet de Paris, avant de susciter une prise de parole du ministre de l\u2019Int\u00e9rieur. \u00ab\u00a0Des individus ont tent\u00e9 de s\u2019introduire dans le syst\u00e8me de traitement d\u2019un navire [\u2026] C\u2019est une affaire tr\u00e8s grave\u00a0\u00bb, a d\u00e9clar\u00e9 Laurent Nu\u00f1ez mercredi.<\/p>\n<p class=\"std-elt__inline\">\n        <strong>\u00c0 lire aussi :<\/strong><br \/>\n        <a href=\"https:\/\/www.ladepeche.fr\/2025\/12\/17\/entretien-cyberattaque-contre-le-ministere-de-linterieur-un-acte-inquietant-le-systeme-a-tenu-analyse-un-hacker-13116040.php\" target=\"_blank\" rel=\"noopener\">ENTRETIEN. Cyberattaque contre le minist\u00e8re de l\u2019Int\u00e9rieur\u00a0: un acte inqui\u00e9tant\u00a0? \u00ab\u00a0Le syst\u00e8me a tenu\u00a0\u00bb, analyse un hacker<\/a>\n    <\/p>\n<p>Le bateau concern\u00e9, le Fantastic, appartient \u00e0 la compagnie italienne GNV. Capable d\u2019accueillir plus de 2\u00a0000 passagers, il assure des travers\u00e9es et des croisi\u00e8res en M\u00e9diterran\u00e9e. Il se trouvait \u00e0 quai dans le port de S\u00e8te lorsque les forces de l\u2019ordre sont intervenues. \u00c0 bord, les enqu\u00eateurs ont mis la main sur un dispositif \u00e9lectronique suspect, d\u00e9crit comme ressemblant \u00ab\u00a0\u00e0 une sorte de cl\u00e9 USB ou de disque dur\u00a0\u00bb.<\/p>\n<p>Une information judiciaire en cours<\/p>\n<p>Les autorit\u00e9s redoutent ainsi que le Fantastic ait \u00e9t\u00e9 infect\u00e9 par un logiciel espion de type RAT (remote access tool). Ce type d\u2019outil malveillant permet d\u2019acc\u00e9der \u00e0 distance \u00e0 un syst\u00e8me informatique et, potentiellement, d\u2019en prendre le contr\u00f4le. Une hypoth\u00e8se particuli\u00e8rement pr\u00e9occupante lorsqu\u2019il s\u2019agit d\u2019un ferry transportant des milliers de passagers.<\/p>\n<p>L\u2019alerte initiale serait venue des autorit\u00e9s italiennes, qui ont transmis des renseignements d\u00e9cisifs \u00e0 leurs homologues fran\u00e7ais. C\u2019est \u00e9galement gr\u00e2ce \u00e0 ces informations que les deux membres d\u2019\u00e9quipage, un ressortissant letton et un Bulgare, ont \u00e9t\u00e9 identifi\u00e9s puis interpell\u00e9s.<\/p>\n<p class=\"std-elt__inline\">\n        <strong>\u00c0 lire aussi :<\/strong><br \/>\n        <a href=\"https:\/\/www.ladepeche.fr\/2025\/10\/07\/huit-entreprises-sur-dix-reconnaissent-ne-pas-etre-preparees-a-une-cyberattaque-selon-le-barometre-2025-de-cybermalveillancegouvfr-12976954.php\" target=\"_blank\" rel=\"noopener\">Huit entreprises sur dix reconnaissent ne pas \u00eatre pr\u00e9par\u00e9es \u00e0 une cyberattaque selon le barom\u00e8tre 2025 de Cybermalveillance.gouv.fr<\/a>\n    <\/p>\n<p>Face \u00e0 la gravit\u00e9 des faits, le parquet de Paris a ouvert une information judiciaire pour \u00ab\u00a0atteinte \u00e0 un syst\u00e8me de traitement automatis\u00e9 de donn\u00e9es en bande organis\u00e9e dans le but de servir les int\u00e9r\u00eats d\u2019une puissance \u00e9trang\u00e8re, participation \u00e0 une association de malfaiteurs, d\u00e9tention sans motif d\u2019\u00e9quipement ou programme con\u00e7u pour une atteinte \u00e0 un syst\u00e8me de traitement automatis\u00e9 de donn\u00e9es en bande organis\u00e9e dans le but de servir les int\u00e9r\u00eats d\u2019une puissance \u00e9trang\u00e8re\u00a0\u00bb.<\/p>\n<p>La Russie suspect\u00e9e<\/p>\n<p>Sans nommer explicitement de pays, les autorit\u00e9s rappellent que la <a href=\"https:\/\/www.ladepeche.fr\/2024\/05\/26\/dossier-ingerences-etrangeres-la-prise-de-conscience-de-la-france-11974072.php\" target=\"_self\" rel=\"noopener\">Russie <\/a>est r\u00e9guli\u00e8rement soup\u00e7onn\u00e9e d\u2019avoir recours \u00e0 des ressortissants d\u2019Europe de l\u2019Est pour mener des op\u00e9rations de d\u00e9stabilisation en France. \u00ab\u00a0En ce moment, <a href=\"https:\/\/www.ladepeche.fr\/2024\/05\/26\/dossier-ingerences-etrangeres-la-prise-de-conscience-de-la-france-11974072.php\" target=\"_self\" rel=\"noopener\">les ing\u00e9rences \u00e9trang\u00e8res<\/a> proviennent tr\u00e8s souvent du m\u00eame pays\u00a0\u00bb, a notamment gliss\u00e9 Laurent Nu\u00f1ez, tout en reconnaissant que ce type de logiciel espion avait d\u00e9j\u00e0 \u00e9t\u00e9 rencontr\u00e9 dans d\u2019autres dossiers sensibles.<\/p>\n<p class=\"std-elt__inline\">\n        <strong>\u00c0 lire aussi :<\/strong><br \/>\n        <a href=\"https:\/\/www.ladepeche.fr\/2025\/12\/17\/cyberattaque-contre-le-ministere-de-linterieur-des-dizaines-de-fichiers-confidentiels-ont-ete-voles-indique-laurent-nunez-13115944.php\" target=\"_blank\" rel=\"noopener\">Cyberattaque contre le minist\u00e8re de l\u2019int\u00e9rieur\u00a0: des \u00ab\u00a0dizaines de fiches\u00a0\u00bb confidentielles ont \u00e9t\u00e9 vol\u00e9es indique Laurent Nunez<\/a>\n    <\/p>\n<p>\u00c0 l\u2019issue des auditions, le membre d\u2019\u00e9quipage letton a \u00e9t\u00e9 mis en examen et incarc\u00e9r\u00e9 provisoirement, tandis que le ressortissant bulgare a \u00e9t\u00e9 rel\u00e2ch\u00e9 faute d\u2019\u00e9l\u00e9ments suffisants \u00e0 son encontre. L\u2019enqu\u00eate, elle, se poursuit bien au-del\u00e0 des fronti\u00e8res fran\u00e7aises. Des perquisitions ont \u00e9t\u00e9 men\u00e9es en Lettonie avec l\u2019appui d\u2019Eurojust et des autorit\u00e9s locales. Le dispositif informatique d\u00e9couvert \u00e0 bord est, lui, toujours en cours d\u2019expertise par les services sp\u00e9cialis\u00e9s fran\u00e7ais.<\/p>\n","protected":false},"excerpt":{"rendered":"l&rsquo;essentiel La justice soup\u00e7onne une tentative de sabotage informatique russe au port de S\u00e8te. Un ressortissant letton, membre&hellip;\n","protected":false},"author":2,"featured_media":605638,"comment_status":"","ping_status":"","sticky":false,"template":"","format":"standard","meta":{"footnotes":""},"categories":[1591],"tags":[11,1887,329,12,1885,1886,132,7691],"class_list":{"0":"post-605637","1":"post","2":"type-post","3":"status-publish","4":"format-standard","5":"has-post-thumbnail","7":"category-russie","8":"tag-actualites","9":"tag-federation-de-russie","10":"tag-france-monde","11":"tag-news","12":"tag-russia","13":"tag-russian-federation","14":"tag-russie","15":"tag-su00e9curitu00e9"},"share_on_mastodon":{"url":"https:\/\/pubeurope.com\/@fr\/115735973322547470","error":""},"_links":{"self":[{"href":"https:\/\/www.europesays.com\/fr\/wp-json\/wp\/v2\/posts\/605637","targetHints":{"allow":["GET"]}}],"collection":[{"href":"https:\/\/www.europesays.com\/fr\/wp-json\/wp\/v2\/posts"}],"about":[{"href":"https:\/\/www.europesays.com\/fr\/wp-json\/wp\/v2\/types\/post"}],"author":[{"embeddable":true,"href":"https:\/\/www.europesays.com\/fr\/wp-json\/wp\/v2\/users\/2"}],"replies":[{"embeddable":true,"href":"https:\/\/www.europesays.com\/fr\/wp-json\/wp\/v2\/comments?post=605637"}],"version-history":[{"count":0,"href":"https:\/\/www.europesays.com\/fr\/wp-json\/wp\/v2\/posts\/605637\/revisions"}],"wp:featuredmedia":[{"embeddable":true,"href":"https:\/\/www.europesays.com\/fr\/wp-json\/wp\/v2\/media\/605638"}],"wp:attachment":[{"href":"https:\/\/www.europesays.com\/fr\/wp-json\/wp\/v2\/media?parent=605637"}],"wp:term":[{"taxonomy":"category","embeddable":true,"href":"https:\/\/www.europesays.com\/fr\/wp-json\/wp\/v2\/categories?post=605637"},{"taxonomy":"post_tag","embeddable":true,"href":"https:\/\/www.europesays.com\/fr\/wp-json\/wp\/v2\/tags?post=605637"}],"curies":[{"name":"wp","href":"https:\/\/api.w.org\/{rel}","templated":true}]}}