{"id":60564,"date":"2025-04-29T00:48:31","date_gmt":"2025-04-29T00:48:31","guid":{"rendered":"https:\/\/www.europesays.com\/fr\/60564\/"},"modified":"2025-04-29T00:48:31","modified_gmt":"2025-04-29T00:48:31","slug":"securite-dans-les-lycees-dile-de-france-les-brigades-renforcees-les-boutons-durgence-generalises","status":"publish","type":"post","link":"https:\/\/www.europesays.com\/fr\/60564\/","title":{"rendered":"S\u00e9curit\u00e9 dans les lyc\u00e9es d\u2019\u00cele-de-France\u00a0: les brigades renforc\u00e9es, les boutons d\u2019urgence g\u00e9n\u00e9ralis\u00e9s"},"content":{"rendered":"<p class=\"col subheadline margin_bottom_subheadline widescreen-12 desktop-10\">Davantage d\u2019agents pour s\u00e9curiser les lyc\u00e9es, poursuite du d\u00e9ploiement de la vid\u00e9oprotection mais aussi g\u00e9n\u00e9ralisation des \u00ab\u00a0boutons d\u2019appel\u00a0\u00bb reli\u00e9s au commissariat. Val\u00e9rie P\u00e9cresse, pr\u00e9sidente de la r\u00e9gion \u00cele-de-France, d\u00e9taille ses mesures pour la s\u00e9curit\u00e9 des lyc\u00e9es\u2026 qui ne font pas toutes l\u2019unanimit\u00e9.<\/p>\n<p>Par <a href=\"https:\/\/www.leparisien.fr\/auteur\/anne-collin\/\" class=\"author_link\" rel=\"nofollow noopener\" target=\"_blank\">Anne Collin<\/a>\u00a0<\/p>\n<p>Le 2 septembre 2024 \u00e0 15h08<\/p>\n","protected":false},"excerpt":{"rendered":"Davantage d\u2019agents pour s\u00e9curiser les lyc\u00e9es, poursuite du d\u00e9ploiement de la vid\u00e9oprotection mais aussi g\u00e9n\u00e9ralisation des \u00ab\u00a0boutons d\u2019appel\u00a0\u00bb&hellip;\n","protected":false},"author":2,"featured_media":60565,"comment_status":"","ping_status":"","sticky":false,"template":"","format":"standard","meta":{"footnotes":""},"categories":[1592],"tags":[1111,11,1777,674,1011,27,662,2684,12,626,25,104],"class_list":{"0":"post-60564","1":"post","2":"type-post","3":"status-publish","4":"format-standard","5":"has-post-thumbnail","7":"category-ile-de-france","8":"tag-actu","9":"tag-actualites","10":"tag-eu","11":"tag-europe","12":"tag-fr","13":"tag-france","14":"tag-ile-de-france","15":"tag-le-parisien-etudiant","16":"tag-news","17":"tag-paris","18":"tag-republique-francaise","19":"tag-societe"},"share_on_mastodon":{"url":"https:\/\/pubeurope.com\/@fr\/114418503135026508","error":""},"_links":{"self":[{"href":"https:\/\/www.europesays.com\/fr\/wp-json\/wp\/v2\/posts\/60564","targetHints":{"allow":["GET"]}}],"collection":[{"href":"https:\/\/www.europesays.com\/fr\/wp-json\/wp\/v2\/posts"}],"about":[{"href":"https:\/\/www.europesays.com\/fr\/wp-json\/wp\/v2\/types\/post"}],"author":[{"embeddable":true,"href":"https:\/\/www.europesays.com\/fr\/wp-json\/wp\/v2\/users\/2"}],"replies":[{"embeddable":true,"href":"https:\/\/www.europesays.com\/fr\/wp-json\/wp\/v2\/comments?post=60564"}],"version-history":[{"count":0,"href":"https:\/\/www.europesays.com\/fr\/wp-json\/wp\/v2\/posts\/60564\/revisions"}],"wp:featuredmedia":[{"embeddable":true,"href":"https:\/\/www.europesays.com\/fr\/wp-json\/wp\/v2\/media\/60565"}],"wp:attachment":[{"href":"https:\/\/www.europesays.com\/fr\/wp-json\/wp\/v2\/media?parent=60564"}],"wp:term":[{"taxonomy":"category","embeddable":true,"href":"https:\/\/www.europesays.com\/fr\/wp-json\/wp\/v2\/categories?post=60564"},{"taxonomy":"post_tag","embeddable":true,"href":"https:\/\/www.europesays.com\/fr\/wp-json\/wp\/v2\/tags?post=60564"}],"curies":[{"name":"wp","href":"https:\/\/api.w.org\/{rel}","templated":true}]}}