{"id":605653,"date":"2025-12-17T17:06:21","date_gmt":"2025-12-17T17:06:21","guid":{"rendered":"https:\/\/www.europesays.com\/fr\/605653\/"},"modified":"2025-12-17T17:06:21","modified_gmt":"2025-12-17T17:06:21","slug":"sur-cnews-laurent-wauquiez-reecrit-laudition-de-jean-luc-melenchon-a-lassemblee","status":"publish","type":"post","link":"https:\/\/www.europesays.com\/fr\/605653\/","title":{"rendered":"Sur CNews, Laurent Wauquiez r\u00e9\u00e9crit l\u2019audition de Jean-Luc M\u00e9lenchon \u00e0 l\u2019Assembl\u00e9e"},"content":{"rendered":"<p>        <img decoding=\"async\" loading=\"lazy\" src=\"https:\/\/www.europesays.com\/fr\/wp-content\/uploads\/2025\/12\/174e336_upload-1-josdhrs4vsre-wuauqiez.png\"  width=\"728\" height=\"410\" alt=\"Laurent Wauquiez ce 17\u00a0d\u00e9cembre sur CNews.\"\/>   <\/p>\n<p>Laurent Wauquiez ce 17\u00a0d\u00e9cembre sur CNews.<\/p>\n<p class=\"asset asset-text\">M\u00eame sur CNews, Laurent Wauquiez a r\u00e9ussi \u00e0 \u00eatre mis en difficult\u00e9. Le patron des d\u00e9put\u00e9s LR a d\u00fb sortir les rames, ce mercredi 17\u00a0d\u00e9cembre, pour justifier son absence lors de l\u2019audition de Jean-Luc M\u00e9lenchon en <a href=\"https:\/\/www.huffingtonpost.fr\/politique\/article\/laurent-wauquiez-obtient-finalement-sa-commission-d-enquete-sur-lfi_251547.html\" target=\"_blank\" rel=\"noopener\">commission d\u2019enqu\u00eate<\/a> portant sur les liens suppos\u00e9s entre mouvements politiques et r\u00e9seaux islamistes. \u00ab\u00a0Un d\u00e9put\u00e9 assiste \u00e0 une s\u00e9ance de la commission d\u2019enqu\u00eate s\u2019il en est membre. Je ne suis pas membre de celle-ci\u00a0\u00bb, a-t-il simplement expliqu\u00e9.<\/p>\n<p class=\"asset asset-text\">En habile fauve politique, l\u2019ancien pr\u00e9sident de la r\u00e9gion Auvergne-Rh\u00f4ne-Alpes a alors renvers\u00e9 l\u2019accusation vers son interlocutrice, la journaliste Sonia Mabrouk, lui lan\u00e7ant\u00a0: \u00ab\u00a0Vous n\u2019allez quand m\u00eame pas tomber dans le panneau du num\u00e9ro de com\u00e9dien de M\u00e9lenchon\u00a0\u00bb. Ce dernier avait lui aussi raill\u00e9 <a href=\"https:\/\/www.huffingtonpost.fr\/politique\/video\/melenchon-auditionne-a-l-assemblee-moque-wauquiez-et-degonfle-la-commission-anti-lfi_257928.html\" target=\"_blank\" rel=\"noopener\">l\u2019absence de Laurent Wauquiez<\/a> lors de son audition le 6\u00a0d\u00e9cembre\u00a0: \u00ab\u00a0C\u2019est lui qui a invent\u00e9 cette commission. Il s\u2019y est tellement mal pris qu\u2019il a fallu en changer le nom. Et pour finir, il vous abandonne, il ne vient m\u00eame pas\u00a0!\u00a0\u00bb<\/p>\n<p class=\"asset asset-text\">Cette commission d\u2019enqu\u00eate, Laurent Wauquiez y tenait pourtant. Contre vents et mar\u00e9es, il avait us\u00e9 du droit de tirage dont b\u00e9n\u00e9ficie son groupe pour la cr\u00e9er, puis tout fait pour la faire aboutir. Et ce, <a href=\"https:\/\/www.huffingtonpost.fr\/politique\/article\/pas-encore-lancee-la-commission-lfi-voulue-par-laurent-wauquiez-ne-se-passe-pas-comme-prevu_255427.html\" target=\"_blank\" rel=\"noopener\">malgr\u00e9 plusieurs loup\u00e9s notables<\/a>. Beaucoup lui ont reproch\u00e9 d\u2019en faire un outil politicien dans le seul but de nuire \u00e0 La France insoumise. L\u2019objectif affich\u00e9 depuis le d\u00e9part par la commission \u00e9tait en effet de d\u00e9celer de pr\u00e9tendus \u00ab\u00a0faisceaux d\u2019indices\u00a0\u00bb permettant d\u2019\u00e9tablir \u00ab\u00a0des liens de complaisance\u00a0\u00bb entre le mouvement de gauche l\u2019islamisme.<\/p>\n<p class=\"asset asset-text\">Mais surtout, Laurent Wauquiez a refait le match de l\u2019audition de Jean-Luc M\u00e9lenchon, que beaucoup ont jug\u00e9e r\u00e9ussie pour le triple candidat \u00e0 l\u2019\u00e9lection pr\u00e9sidentielle. \u00ab\u00a0Il a montr\u00e9 qu\u2019il avait fait le choix d\u2019\u00eatre le cheval de Troie de l\u2019islamisme\u00a0\u00bb, a-t-il notamment expliqu\u00e9, l\u00e0 o\u00f9 Jean-Luc M\u00e9lenchon avait d\u00e9clar\u00e9 devant les d\u00e9put\u00e9s que son mouvement \u00ab\u00a0\u00ab\u00a0n\u2019acceptera jamais l\u2019entrisme religieux\u00a0\u00bb. \u00ab\u00a0La question de la la\u00efcit\u00e9 de l\u2019\u00c9tat est fondatrice\u00a0\u00bb pour lui, avait-il aussi affirm\u00e9 juste apr\u00e8s avoir reconnu \u00ab\u00a0l\u2019existence d\u2019une menace islamiste au milieu de bien d\u2019autres\u00a0\u00bb. L\u2019ex-d\u00e9put\u00e9 des Bouches-du-Rh\u00f4ne avait enfin appel\u00e9 \u00e0 ne pas confondre \u00ab\u00a0l\u2019islam et l\u2019islamisme\u00a0\u00bb et \u00ab\u00a0l\u2019islamisme avec le terrorisme\u00a0\u00bb. Pas grand-chose \u00e0 voir avec \u00ab\u00a0le cheval de Troie de l\u2019islamisme\u00a0\u00bb mis en avant par Wauquiez.<\/p>\n<p>                     \u00ab\u00a0Num\u00e9ro de claquettes\u00a0\u00bb    <\/p>\n<p class=\"asset asset-text\">S\u2019il reconna\u00eet que \u00ab\u00a0le niveau [\u2026] de ceux qui \u00e9taient en face n\u2019\u00e9tait pas \u00e0 la hauteur\u00a0\u00bb, le pr\u00e9sident du groupe LR \u00e0 l\u2019Assembl\u00e9e qualifie toutefois \u00ab\u00a0de num\u00e9ro de claquettes\u00a0\u00bb ou \u00ab\u00a0d\u2019esbroufe\u00a0\u00bb la prestation de Jean-Luc M\u00e9lenchon qui n\u2019aurait, ce jour-l\u00e0, pas montr\u00e9 son vrai visage selon lui. Ce n\u2019est pas un hasard s\u2019il pr\u00e9f\u00e8re insister sur une autre audition, qui avait eu lieu quelques semaines plus t\u00f4t\u00a0: celle du conseiller r\u00e9gional des Hauts-de-France C\u00e9dric Brun, ancien membre de La France insoumise.<\/p>\n<p class=\"asset asset-text\">\u00ab\u00a0Il a tenu \u00e0 venir t\u00e9moigner et a expliqu\u00e9 toutes les m\u00e9caniques de compromission de M\u00e9lenchon avec l\u2019islamisme\u00a0\u00bb, assure Laurent Wauquiez. Conscient de ne pas avoir totalement r\u00e9ussi \u00e0 convaincre, il a termin\u00e9 sa tirade en demandant \u00e0 Sonia Mabrouk de \u00ab\u00a0l\u2019aider \u00e0 \u00e9tablir les faits\u00a0plut\u00f4t qu\u2019\u00e0 commenter les num\u00e9ros de Jean-Luc M\u00e9lenchon\u00a0\u00bb. Les d\u00e9put\u00e9s de la commission d\u2019enqu\u00eate pr\u00e9senteront ce 17\u00a0d\u00e9cembre, en fin d\u2019apr\u00e8s-midi, les conclusions de leurs travaux.<\/p>\n","protected":false},"excerpt":{"rendered":"Laurent Wauquiez ce 17\u00a0d\u00e9cembre sur CNews. M\u00eame sur CNews, Laurent Wauquiez a r\u00e9ussi \u00e0 \u00eatre mis en difficult\u00e9.&hellip;\n","protected":false},"author":2,"featured_media":605654,"comment_status":"","ping_status":"","sticky":false,"template":"","format":"standard","meta":{"footnotes":""},"categories":[2],"tags":[11,9722,1011,27,3081,5639,12,316,25],"class_list":{"0":"post-605653","1":"post","2":"type-post","3":"status-publish","4":"format-standard","5":"has-post-thumbnail","7":"category-actualites","8":"tag-actualites","9":"tag-cnews","10":"tag-fr","11":"tag-france","12":"tag-jean-luc-melenchon","13":"tag-laurent-wauquiez","14":"tag-news","15":"tag-politique","16":"tag-republique-francaise"},"share_on_mastodon":{"url":"https:\/\/pubeurope.com\/@fr\/115736006002563184","error":""},"_links":{"self":[{"href":"https:\/\/www.europesays.com\/fr\/wp-json\/wp\/v2\/posts\/605653","targetHints":{"allow":["GET"]}}],"collection":[{"href":"https:\/\/www.europesays.com\/fr\/wp-json\/wp\/v2\/posts"}],"about":[{"href":"https:\/\/www.europesays.com\/fr\/wp-json\/wp\/v2\/types\/post"}],"author":[{"embeddable":true,"href":"https:\/\/www.europesays.com\/fr\/wp-json\/wp\/v2\/users\/2"}],"replies":[{"embeddable":true,"href":"https:\/\/www.europesays.com\/fr\/wp-json\/wp\/v2\/comments?post=605653"}],"version-history":[{"count":0,"href":"https:\/\/www.europesays.com\/fr\/wp-json\/wp\/v2\/posts\/605653\/revisions"}],"wp:featuredmedia":[{"embeddable":true,"href":"https:\/\/www.europesays.com\/fr\/wp-json\/wp\/v2\/media\/605654"}],"wp:attachment":[{"href":"https:\/\/www.europesays.com\/fr\/wp-json\/wp\/v2\/media?parent=605653"}],"wp:term":[{"taxonomy":"category","embeddable":true,"href":"https:\/\/www.europesays.com\/fr\/wp-json\/wp\/v2\/categories?post=605653"},{"taxonomy":"post_tag","embeddable":true,"href":"https:\/\/www.europesays.com\/fr\/wp-json\/wp\/v2\/tags?post=605653"}],"curies":[{"name":"wp","href":"https:\/\/api.w.org\/{rel}","templated":true}]}}