{"id":605667,"date":"2025-12-17T17:18:19","date_gmt":"2025-12-17T17:18:19","guid":{"rendered":"https:\/\/www.europesays.com\/fr\/605667\/"},"modified":"2025-12-17T17:18:19","modified_gmt":"2025-12-17T17:18:19","slug":"comment-se-fait-il-quon-soit-si-peu-sensibles-a-ce-qui-nous-entoure","status":"publish","type":"post","link":"https:\/\/www.europesays.com\/fr\/605667\/","title":{"rendered":"\u00ab\u00a0Comment se fait-il qu\u2019on soit si peu sensibles \u00e0 ce qui nous entoure\u00a0?\u00a0\u00bb"},"content":{"rendered":"\n<p class=\"article__paragraph article__paragraph--lf \">On aurait aim\u00e9 rencontrer Vincent Munier sur l\u2019\u00eele de Hokkaido (Japon). Traquer aux c\u00f4t\u00e9s du photographe l\u2019ours brun dans la toundra du Kamtchatka (Russie). Ou le retrouver sur les hauts plateaux du Tibet (Chine), pour suivre la panth\u00e8re des neiges \u2013 le film tir\u00e9 de cette aventure a remport\u00e9 en 2022 le C\u00e9sar du meilleur documentaire. Mais c\u2019est dans un h\u00f4tel parisien \u2013 b\u00e2timent haussmannien nich\u00e9 dans une impasse priv\u00e9e, murs bleu nuit, miroirs fum\u00e9s, dorures et moquettes \u2013 que re\u00e7oit le grand photographe animalier. Il s\u2019en amuse et s\u2019en excuse\u00a0: \u00ab\u00a0L\u2019endroit a \u00e9t\u00e9 choisi par le distributeur de mon film. Je dors l\u00e0 pour la promo,<strong> <\/strong>avec Kate Moss et Naomi Campbell [en photo].\u00a0\u00bb<\/p>\n<p class=\"article__paragraph article__paragraph--lf \">Le photographe est de passage dans la capitale pour pr\u00e9senter Le Chant des for\u00eats, sa nouvelle \u0153uvre, tourn\u00e9e dans les for\u00eats des Vosges, en salle mercredi 17\u00a0d\u00e9cembre. Centr\u00e9 sur les animaux mais aussi sur le p\u00e8re et le fils du r\u00e9alisateur, ce r\u00e9cit de transmission est, explique Vincent Munier, une invitation \u00ab\u00a0\u00e0 regarder autrement, \u00e0 ralentir\u00a0\u00bb. Le r\u00e9alisateur se dit \u00ab\u00a0militant mais \u00e0 [sa] mani\u00e8re, de fa\u00e7on douce\u00a0\u00bb.<\/p>\n<p>                         Dans quel milieu avez-vous grandi\u00a0?                    <\/p>\n<p class=\"article__paragraph article__paragraph--lf \">En p\u00e9riph\u00e9rie de Charmes, petite ville des Vosges,<strong> <\/strong>3\u00a0000\u00a0habitants, pas loin d\u2019une voie ferr\u00e9e et d\u2019une friche industrielle. Le passage des trains faisait trembler ma maison, modeste. Un coup de v\u00e9lo et hop\u00a0! j\u2019\u00e9tais dans la for\u00eat, avec les ch\u00eanes et les h\u00eatres. J\u2019ai eu une enfance relativement heureuse, mais pas non plus tr\u00e8s sauvage. C\u2019est peut-\u00eatre ce qui explique mon envie d\u2019ailleurs. J\u2019ai un fr\u00e8re et une s\u0153ur, je suis le petit dernier. Mon p\u00e8re \u00e9tait enseignant dans un lyc\u00e9e technique, ma m\u00e8re s\u2019est occup\u00e9e de nous. Ils nous amenaient souvent faire des balades en for\u00eat, des sorties cano\u00eb ou escalade qui nous ont forg\u00e9s. A 12\u00a0ans, mon p\u00e8re<strong> <\/strong>m\u2019a laiss\u00e9 dormir seul en for\u00eat.<\/p>\n<p class=\"reading-mode-only \"><strong>Il vous reste 77.94% de cet article \u00e0 lire. La suite est r\u00e9serv\u00e9e aux abonn\u00e9s.<\/strong><\/p>\n","protected":false},"excerpt":{"rendered":"On aurait aim\u00e9 rencontrer Vincent Munier sur l\u2019\u00eele de Hokkaido (Japon). Traquer aux c\u00f4t\u00e9s du photographe l\u2019ours brun&hellip;\n","protected":false},"author":2,"featured_media":605668,"comment_status":"","ping_status":"","sticky":false,"template":"","format":"standard","meta":{"footnotes":""},"categories":[1358],"tags":[1348,1384,1385,1386,58,59,1011,27],"class_list":{"0":"post-605667","1":"post","2":"type-post","3":"status-publish","4":"format-standard","5":"has-post-thumbnail","7":"category-arts-et-design","8":"tag-arts","9":"tag-arts-and-design","10":"tag-arts-et-design","11":"tag-design","12":"tag-divertissement","13":"tag-entertainment","14":"tag-fr","15":"tag-france"},"share_on_mastodon":{"url":"https:\/\/pubeurope.com\/@fr\/115736051951755707","error":""},"_links":{"self":[{"href":"https:\/\/www.europesays.com\/fr\/wp-json\/wp\/v2\/posts\/605667","targetHints":{"allow":["GET"]}}],"collection":[{"href":"https:\/\/www.europesays.com\/fr\/wp-json\/wp\/v2\/posts"}],"about":[{"href":"https:\/\/www.europesays.com\/fr\/wp-json\/wp\/v2\/types\/post"}],"author":[{"embeddable":true,"href":"https:\/\/www.europesays.com\/fr\/wp-json\/wp\/v2\/users\/2"}],"replies":[{"embeddable":true,"href":"https:\/\/www.europesays.com\/fr\/wp-json\/wp\/v2\/comments?post=605667"}],"version-history":[{"count":0,"href":"https:\/\/www.europesays.com\/fr\/wp-json\/wp\/v2\/posts\/605667\/revisions"}],"wp:featuredmedia":[{"embeddable":true,"href":"https:\/\/www.europesays.com\/fr\/wp-json\/wp\/v2\/media\/605668"}],"wp:attachment":[{"href":"https:\/\/www.europesays.com\/fr\/wp-json\/wp\/v2\/media?parent=605667"}],"wp:term":[{"taxonomy":"category","embeddable":true,"href":"https:\/\/www.europesays.com\/fr\/wp-json\/wp\/v2\/categories?post=605667"},{"taxonomy":"post_tag","embeddable":true,"href":"https:\/\/www.europesays.com\/fr\/wp-json\/wp\/v2\/tags?post=605667"}],"curies":[{"name":"wp","href":"https:\/\/api.w.org\/{rel}","templated":true}]}}