{"id":605671,"date":"2025-12-17T17:21:13","date_gmt":"2025-12-17T17:21:13","guid":{"rendered":"https:\/\/www.europesays.com\/fr\/605671\/"},"modified":"2025-12-17T17:21:13","modified_gmt":"2025-12-17T17:21:13","slug":"je-ne-partagerai-jamais-vos-idees-cette-artiste-francophone-reagit-a-lutilisation-dun-de-ses-tubes-par-bardella","status":"publish","type":"post","link":"https:\/\/www.europesays.com\/fr\/605671\/","title":{"rendered":"\u00ab\u00a0Je ne partagerai jamais vos id\u00e9es\u00a0\u00bb\u00a0: cette artiste francophone r\u00e9agit \u00e0 l&rsquo;utilisation d&rsquo;un de ses tubes par Bardella"},"content":{"rendered":"<p class=\"ap-StoryElement ap-StoryElement--mb ap-StoryText\">\u00ab\u00a0Melodrama\u00a0\u00bb est un des hits incontournables de cette fin d&rsquo;ann\u00e9e. Il est difficile de passer \u00e0 c\u00f4t\u00e9 de ce feat de <a href=\"https:\/\/www.lalibre.be\/culture\/2025\/07\/16\/theodora-le-phenomene-musical-de-2025-je-saurai-tracer-mon-chemin-pour-etre-la-prochaine-pop-star-francaise-OBPY445RABH45BR23LD7GNUKGI\/\" target=\"_self\" rel=\"noopener\">Theodora <\/a>et <a href=\"https:\/\/www.lalibre.be\/culture\/musique\/2013\/02\/12\/disiz-en-a-des-choses-a-dire-CKRMR5YUTBGAJKTJ5VPSPZ6Z44\/\" target=\"_self\" rel=\"noopener\">Disiz <\/a>tant il inonde les r\u00e9seaux sociaux. Jordan Bardella n&rsquo;est, lui non plus, pas pass\u00e9 \u00e0 c\u00f4t\u00e9 de ce son aux millions de streams, allant jusqu&rsquo;\u00e0 l&rsquo;utiliser dans une de ses vid\u00e9os sur TikTok. Rapidement, la toile s&rsquo;est emball\u00e9e, d\u00e9non\u00e7ant la r\u00e9cup\u00e9ration politique de la musique. Theodora elle-m\u00eame a assez vite pris la parole sur le sujet, affirmant n&rsquo;avoir jamais donn\u00e9 son accord au pr\u00e9sident du <a href=\"https:\/\/www.lalibre.be\/international\/europe\/2025\/11\/29\/jordan-bardella-victime-dune-agression-lors-dune-seance-de-dedicaces-PCIM7FMFTZH3XNO5X4NHN5NDXA\/\" target=\"_self\" rel=\"noopener\">Rassemblement National.<\/a><\/p>\n","protected":false},"excerpt":{"rendered":"\u00ab\u00a0Melodrama\u00a0\u00bb est un des hits incontournables de cette fin d&rsquo;ann\u00e9e. Il est difficile de passer \u00e0 c\u00f4t\u00e9 de&hellip;\n","protected":false},"author":2,"featured_media":605672,"comment_status":"","ping_status":"","sticky":false,"template":"","format":"standard","meta":{"footnotes":""},"categories":[1355],"tags":[58,59,8383,1011,27,9692,1361,873,293,3532,71729,71730],"class_list":{"0":"post-605671","1":"post","2":"type-post","3":"status-publish","4":"format-standard","5":"has-post-thumbnail","7":"category-musique","8":"tag-divertissement","9":"tag-entertainment","10":"tag-foule","11":"tag-fr","12":"tag-france","13":"tag-lieux","14":"tag-music","15":"tag-musique","16":"tag-nuit","17":"tag-public","18":"tag-temporalite","19":"tag-zanzibar"},"share_on_mastodon":{"url":"https:\/\/pubeurope.com\/@fr\/115736063801665357","error":""},"_links":{"self":[{"href":"https:\/\/www.europesays.com\/fr\/wp-json\/wp\/v2\/posts\/605671","targetHints":{"allow":["GET"]}}],"collection":[{"href":"https:\/\/www.europesays.com\/fr\/wp-json\/wp\/v2\/posts"}],"about":[{"href":"https:\/\/www.europesays.com\/fr\/wp-json\/wp\/v2\/types\/post"}],"author":[{"embeddable":true,"href":"https:\/\/www.europesays.com\/fr\/wp-json\/wp\/v2\/users\/2"}],"replies":[{"embeddable":true,"href":"https:\/\/www.europesays.com\/fr\/wp-json\/wp\/v2\/comments?post=605671"}],"version-history":[{"count":0,"href":"https:\/\/www.europesays.com\/fr\/wp-json\/wp\/v2\/posts\/605671\/revisions"}],"wp:featuredmedia":[{"embeddable":true,"href":"https:\/\/www.europesays.com\/fr\/wp-json\/wp\/v2\/media\/605672"}],"wp:attachment":[{"href":"https:\/\/www.europesays.com\/fr\/wp-json\/wp\/v2\/media?parent=605671"}],"wp:term":[{"taxonomy":"category","embeddable":true,"href":"https:\/\/www.europesays.com\/fr\/wp-json\/wp\/v2\/categories?post=605671"},{"taxonomy":"post_tag","embeddable":true,"href":"https:\/\/www.europesays.com\/fr\/wp-json\/wp\/v2\/tags?post=605671"}],"curies":[{"name":"wp","href":"https:\/\/api.w.org\/{rel}","templated":true}]}}