{"id":605675,"date":"2025-12-17T17:23:10","date_gmt":"2025-12-17T17:23:10","guid":{"rendered":"https:\/\/www.europesays.com\/fr\/605675\/"},"modified":"2025-12-17T17:23:10","modified_gmt":"2025-12-17T17:23:10","slug":"il-joue-a-la-balancoire-et-la-branche-casse-ladolescent-tombe-perd-connaissance-et-setouffe-dans-son-vomi","status":"publish","type":"post","link":"https:\/\/www.europesays.com\/fr\/605675\/","title":{"rendered":"Il joue \u00e0 la balan\u00e7oire et la branche casse\u00a0: l\u2019adolescent tombe, perd connaissance et s\u2019\u00e9touffe dans son vomi"},"content":{"rendered":"<p>\n                                                                    l&rsquo;essentiel<br \/>\n                                                                Un adolescent de 17 ans est hospitalis\u00e9 en soins intensifs apr\u00e8s une lourde chute survenue dans les bois de Coldblow, au Sud-Est de Londres. Victime d\u2019une fracture du cr\u00e2ne, il a \u00e9t\u00e9 plong\u00e9 dans le coma avant de montrer des signes encourageants.\n                            <\/p>\n<p>Une chute dramatique.\u00a0Rhys Huntley-Rowe, 17 ans, \u00e9tait avec plusieurs amis \u00e0 Walmer, au Sud-Est de Londres, lorsqu\u2019un accident grave s\u2019est produit. Apr\u00e8s une sortie \u00e0 v\u00e9lo, le groupe s\u2019est rendu dans une zone bois\u00e9e o\u00f9 une balan\u00e7oire artisanale avait \u00e9t\u00e9 install\u00e9e \u00e0 l\u2019aide d\u2019une corde attach\u00e9e \u00e0 une branche. Celle-ci a c\u00e9d\u00e9, provoquant la chute de l\u2019adolescent, rapporte le m\u00e9dia britannique <a href=\"https:\/\/metro.co.uk\/2025\/12\/17\/boy-choked-vomit-breaking-skull-rope-swing-25558517\/?utm_social_handle_id=138749160&amp;utm_social_post_id=625644897\" target=\"_blank\" rel=\"noopener\">Metro<\/a>.<\/p>\n<p class=\"std-elt__inline\">\n        <strong>\u00c0 lire aussi :<\/strong><br \/>\n        <a href=\"https:\/\/www.ladepeche.fr\/2025\/12\/17\/sa-mere-91-ans-chute-dans-le-salon-son-fils-la-laisse-un-mois-sur-le-sol-avant-quelle-ne-decede-13116119.php\" target=\"_blank\" rel=\"noopener\">Sa m\u00e8re de 91 ans chute dans le salon, son fils la laisse un mois sur le sol avant qu\u2019elle ne d\u00e9c\u00e8de<\/a>\n    <\/p>\n<p>Rhys est tomb\u00e9 de plusieurs m\u00e8tres, heurtant violemment des racines au sol avant d\u2019\u00eatre frapp\u00e9 une seconde fois par une branche. \u00ab\u00a0Il a perdu connaissance, s\u2019\u00e9touffait avec ses vomissements et a fait une crise d\u2019\u00e9pilepsie\u00a0\u00bb, a expliqu\u00e9 sa m\u00e8re, Ashley Corn, \u00e2g\u00e9e de 40 ans.<\/p>\n<p>Ses amis ont imm\u00e9diatement alert\u00e9 les <a href=\"https:\/\/www.ladepeche.fr\/sante\/hopital\/\" target=\"_blank\" rel=\"noopener\">secours <\/a>et sont rest\u00e9s aupr\u00e8s de lui jusqu\u2019\u00e0 leur arriv\u00e9e. \u00ab\u00a0S\u2019ils n\u2019avaient pas r\u00e9agi comme ils l\u2019ont fait, il n\u2019aurait pas surv\u00e9cu jusqu\u2019\u00e0 l\u2019arriv\u00e9e de l\u2019ambulance\u00a0\u00bb, a soulign\u00e9 sa m\u00e8re. \u00ab\u00a0Il faut savoir que ces jeunes ont entre 16 et 18 ans. Ils \u00e9taient paniqu\u00e9s, mais ils ont su garder\u00a0leur sang-froid.\u00a0\u00bb<\/p>\n<p>\u00ab\u00a0Il a subi un double choc \u00e0 la t\u00eate\u00a0\u00bb<\/p>\n<p>L\u2019adolescent, originaire de Margate, dans le Kent, a \u00e9t\u00e9 h\u00e9liport\u00e9 vers l\u2019h\u00f4pital King\u2019s College de Londres et plac\u00e9 dans le coma. Les m\u00e9decins ont diagnostiqu\u00e9 une fracture du cr\u00e2ne, un h\u00e9matome sous-dural et une contusion c\u00e9r\u00e9brale. \u00ab\u00a0Il a subi un double choc \u00e0 la t\u00eate\u00a0\u00bb, a pr\u00e9cis\u00e9 Ashley Corn, ajoutant que les craintes de l\u00e9sions au cou, \u00e0 la colonne vert\u00e9brale et au bassin avaient finalement \u00e9t\u00e9 \u00e9cart\u00e9es.<\/p>\n<p>Apr\u00e8s vingt-quatre heures, Rhys respirait de nouveau seul et r\u00e9agissait aux stimulations. Son \u00e9tat demeure toutefois pr\u00e9occupant. \u00ab\u00a0Il est tr\u00e8s d\u00e9sorient\u00e9, tr\u00e8s confus\u00a0\u00bb, a indiqu\u00e9 sa m\u00e8re. \u00ab\u00a0Il est toujours nourri par sonde nasale pour le moment et prend beaucoup de m\u00e9dicaments. Nous ne savons pas encore s\u2019il y aura des l\u00e9sions c\u00e9r\u00e9brales.\u00a0\u00bb<\/p>\n<p>L\u2019accident a profond\u00e9ment marqu\u00e9 les adolescents pr\u00e9sents. La police a mis en place un dispositif de soutien psychologique. Une cagnotte en ligne a \u00e9galement \u00e9t\u00e9 ouverte afin d\u2019aider la famille \u00e0 faire face aux frais d\u2019h\u00e9bergement et de d\u00e9placement li\u00e9s \u00e0 l\u2019hospitalisation prolong\u00e9e \u00e0 Londres.<\/p>\n","protected":false},"excerpt":{"rendered":"l&rsquo;essentiel Un adolescent de 17 ans est hospitalis\u00e9 en soins intensifs apr\u00e8s une lourde chute survenue dans les&hellip;\n","protected":false},"author":2,"featured_media":605676,"comment_status":"","ping_status":"","sticky":false,"template":"","format":"standard","meta":{"footnotes":""},"categories":[10],"tags":[3085,118,1011,27,72,71],"class_list":{"0":"post-605675","1":"post","2":"type-post","3":"status-publish","4":"format-standard","5":"has-post-thumbnail","7":"category-sante","8":"tag-accidents","9":"tag-faits-divers","10":"tag-fr","11":"tag-france","12":"tag-health","13":"tag-sante"},"share_on_mastodon":{"url":"https:\/\/pubeurope.com\/@fr\/115736071693422612","error":""},"_links":{"self":[{"href":"https:\/\/www.europesays.com\/fr\/wp-json\/wp\/v2\/posts\/605675","targetHints":{"allow":["GET"]}}],"collection":[{"href":"https:\/\/www.europesays.com\/fr\/wp-json\/wp\/v2\/posts"}],"about":[{"href":"https:\/\/www.europesays.com\/fr\/wp-json\/wp\/v2\/types\/post"}],"author":[{"embeddable":true,"href":"https:\/\/www.europesays.com\/fr\/wp-json\/wp\/v2\/users\/2"}],"replies":[{"embeddable":true,"href":"https:\/\/www.europesays.com\/fr\/wp-json\/wp\/v2\/comments?post=605675"}],"version-history":[{"count":0,"href":"https:\/\/www.europesays.com\/fr\/wp-json\/wp\/v2\/posts\/605675\/revisions"}],"wp:featuredmedia":[{"embeddable":true,"href":"https:\/\/www.europesays.com\/fr\/wp-json\/wp\/v2\/media\/605676"}],"wp:attachment":[{"href":"https:\/\/www.europesays.com\/fr\/wp-json\/wp\/v2\/media?parent=605675"}],"wp:term":[{"taxonomy":"category","embeddable":true,"href":"https:\/\/www.europesays.com\/fr\/wp-json\/wp\/v2\/categories?post=605675"},{"taxonomy":"post_tag","embeddable":true,"href":"https:\/\/www.europesays.com\/fr\/wp-json\/wp\/v2\/tags?post=605675"}],"curies":[{"name":"wp","href":"https:\/\/api.w.org\/{rel}","templated":true}]}}