{"id":605679,"date":"2025-12-17T17:25:17","date_gmt":"2025-12-17T17:25:17","guid":{"rendered":"https:\/\/www.europesays.com\/fr\/605679\/"},"modified":"2025-12-17T17:25:17","modified_gmt":"2025-12-17T17:25:17","slug":"loup-dintermarche-lagence-de-pub-romance-accusee-de-plagiat-son-president-denonce-une-campagne-de-diffamation","status":"publish","type":"post","link":"https:\/\/www.europesays.com\/fr\/605679\/","title":{"rendered":"Loup d\u2019Intermarch\u00e9\u00a0: l\u2019agence de pub Romance accus\u00e9e de plagiat\u00a0? Son pr\u00e9sident d\u00e9nonce \u00ab\u00a0une campagne de diffamation\u00a0\u00bb"},"content":{"rendered":"<p>\n                                                                Vue pr\u00e8s d\u2019un milliard de fois, la publicit\u00e9 de No\u00ebl d\u2019Intermarch\u00e9 Le mal aim\u00e9, cr\u00e9\u00e9e par un studio de Montpellier, est au c\u0153ur d\u2019une pol\u00e9mique. L\u2019\u00e9crivain jeunesse Thierry Dedieu affirme que le film s\u2019inspire de son album Un No\u00ebl pour le loup, publi\u00e9 en 2017, et \u00e9voque un possible plagiat. L\u2019agence Romance, \u00e0 l\u2019origine de la campagne, rejette ces accusations.\n                            <\/p>\n<p>Vue pr\u00e8s d\u2019un milliard de fois et salu\u00e9e \u00e0 l\u2019international, la publicit\u00e9 de No\u00ebl d\u2019Intermarch\u00e9, Le mal aim\u00e9, a \u00e9mu des millions de spectateurs. Pourtant, derri\u00e8re ce succ\u00e8s retentissant, un auteur de litt\u00e9rature jeunesse affirme y reconna\u00eetre son ouvrage, Un No\u00ebl pour le loup. Contact\u00e9 par nos confr\u00e8res de<a href=\"https:\/\/www.ladepeche.fr\/2025\/12\/16\/info-la-depeche-loup-dintermarche-lenseigne-a-t-elle-plagie-le-conte-de-noel-de-lauteur-ariegeois-thierry-dedieu-13113875.php\" target=\"_blank\" rel=\"noopener\"> La D\u00e9p\u00eache<\/a>, Thierry Dedieu, \u00e9crivain et illustrateur ari\u00e9geois, explique avoir d\u2019abord \u00e9t\u00e9 s\u00e9duit par le film d\u2019animation, avant d\u2019\u00eatre interpell\u00e9 par plusieurs similitudes avec son album publi\u00e9 en 2017 aux \u00e9ditions du Seuil Jeunesse.<\/p>\n<p>Pour rappel, dans la publicit\u00e9 d\u2019Intermarch\u00e9, on y aper\u00e7oit un grand m\u00e9chant loup se sentant mal aim\u00e9 des autres animaux de la for\u00eat, qui le fuyaient par peur d\u2019\u00eatre mang\u00e9s. Un jour, un h\u00e9risson lui sugg\u00e9ra alors de manger \u00ab\u00a0des fruits et des l\u00e9gumes\u00a0\u00bb. C\u2019est ainsi que le pr\u00e9dateur se mit \u00e0 cuisiner v\u00e9g\u00e9tarien pour avoir enfin des amis. Pour Thierry Dedieu, ce film est inspir\u00e9 de son ouvrage Un No\u00ebl pour le loup et \u00e9voque du \u00ab\u00a0plagiat\u00a0\u00bb.<\/p>\n<p>\u00ab\u00a0Ce n\u2019est pas juste un hasard. Il y a beaucoup de points qui font que \u00e7a devient un plagiat. L\u2019histoire qui est racont\u00e9e dans cette publicit\u00e9 est exactement la m\u00eame que celle que j\u2019avais publi\u00e9e en 2017, sauf que, dans mon conte, le sc\u00e9nario ne se termine pas de la m\u00eame mani\u00e8re. \u00c0 la fin de mon livre, les animaux de la for\u00eat ne rejoignent pas le loup \u00e0 table. On dit simplement que l\u2019ann\u00e9e suivante, il essaiera \u00e0 nouveau de les inviter\u00a0\u00bb, explique l\u2019Ari\u00e9geois \u00e0 La D\u00e9p\u00eache.<\/p>\n<p>\u00ab\u00a0Chaque ann\u00e9e, c\u2019est la m\u00eame chose\u00a0\u00bb<\/p>\n<p>Contact\u00e9, Christophe Lichtenstein se d\u00e9sesp\u00e8re\u00a0: \u00ab\u00a0Chaque ann\u00e9e, c\u2019est la m\u00eame chose\u00a0\u00bb, pr\u00e9cise le\u00a0pr\u00e9sident de l\u2019agence de communication Romance, en charge de la cr\u00e9ation du court-m\u00e9trage. Selon lui, \u00e0 chaque sortie d\u2019une nouvelle publicit\u00e9, \u00ab\u00a0on a tous une bonne raison de bien manger\u00a0\u00bb (saga d\u2019Intermarch\u00e9), une personne se plaint d\u2019\u00eatre plagi\u00e9e.<\/p>\n<p>Le pr\u00e9sident n\u2019est donc pas \u00e9tonn\u00e9 que cela se reproduise encore une fois. \u00ab\u00a0Le graphisme est clairement tr\u00e8s loin du graphisme de son livre. Depuis 500 ans, il y a des histoires de grands m\u00e9chants loups. Si on avait fait un ogre, une princesse, on aurait eu tous les mecs qui ont fait des t\u00e9moignages sur des ogres et des princesses aux fesses\u00a0\u00bb, estime Christophe Lichtenstein. Le patron de Romance se base sur le principe de \u00ab\u00a0libre parcours cr\u00e9atif quand on utilise des arch\u00e9types universels. Juridiquement, c\u2019est totalement infond\u00e9\u00a0\u00bb.<\/p>\n<p>Tandis que Thierry Dedieu a annonc\u00e9 qu\u2019il allait se rapprocher de ses avocats, Intermarch\u00e9 ne s\u2019interdit pas de r\u00e9pliquer. \u00ab\u00a0\u00c7a ressemble \u00e0 une campagne de diffamation. Il peut se retrouver en tr\u00e8s mauvaise position juridique dans pas longtemps. L\u2019agence Romance ne va rien faire, mais Intermarch\u00e9 risque de s\u2019en occuper\u00a0\u00bb, informe le pr\u00e9sident de l\u2019agence de communication. Une chose est s\u00fbre\u00a0: si le loup d\u2019Intermarch\u00e9 a trouv\u00e9 des amis gr\u00e2ce aux l\u00e9gumes, cette histoire, elle, risque surtout de faire monter la sauce judiciaire.<\/p>\n","protected":false},"excerpt":{"rendered":"Vue pr\u00e8s d\u2019un milliard de fois, la publicit\u00e9 de No\u00ebl d\u2019Intermarch\u00e9 Le mal aim\u00e9, cr\u00e9\u00e9e par un studio&hellip;\n","protected":false},"author":2,"featured_media":605680,"comment_status":"","ping_status":"","sticky":false,"template":"","format":"standard","meta":{"footnotes":""},"categories":[8],"tags":[58,59,1011,27,7089,2208,68925],"class_list":{"0":"post-605679","1":"post","2":"type-post","3":"status-publish","4":"format-standard","5":"has-post-thumbnail","7":"category-divertissement","8":"tag-divertissement","9":"tag-entertainment","10":"tag-fr","11":"tag-france","12":"tag-herault","13":"tag-montpellier","14":"tag-tu00e9lu00e9-mu00e9dias"},"share_on_mastodon":{"url":"https:\/\/pubeurope.com\/@fr\/115736079596306774","error":""},"_links":{"self":[{"href":"https:\/\/www.europesays.com\/fr\/wp-json\/wp\/v2\/posts\/605679","targetHints":{"allow":["GET"]}}],"collection":[{"href":"https:\/\/www.europesays.com\/fr\/wp-json\/wp\/v2\/posts"}],"about":[{"href":"https:\/\/www.europesays.com\/fr\/wp-json\/wp\/v2\/types\/post"}],"author":[{"embeddable":true,"href":"https:\/\/www.europesays.com\/fr\/wp-json\/wp\/v2\/users\/2"}],"replies":[{"embeddable":true,"href":"https:\/\/www.europesays.com\/fr\/wp-json\/wp\/v2\/comments?post=605679"}],"version-history":[{"count":0,"href":"https:\/\/www.europesays.com\/fr\/wp-json\/wp\/v2\/posts\/605679\/revisions"}],"wp:featuredmedia":[{"embeddable":true,"href":"https:\/\/www.europesays.com\/fr\/wp-json\/wp\/v2\/media\/605680"}],"wp:attachment":[{"href":"https:\/\/www.europesays.com\/fr\/wp-json\/wp\/v2\/media?parent=605679"}],"wp:term":[{"taxonomy":"category","embeddable":true,"href":"https:\/\/www.europesays.com\/fr\/wp-json\/wp\/v2\/categories?post=605679"},{"taxonomy":"post_tag","embeddable":true,"href":"https:\/\/www.europesays.com\/fr\/wp-json\/wp\/v2\/tags?post=605679"}],"curies":[{"name":"wp","href":"https:\/\/api.w.org\/{rel}","templated":true}]}}