{"id":605685,"date":"2025-12-17T17:28:13","date_gmt":"2025-12-17T17:28:13","guid":{"rendered":"https:\/\/www.europesays.com\/fr\/605685\/"},"modified":"2025-12-17T17:28:13","modified_gmt":"2025-12-17T17:28:13","slug":"selon-yuka-ces-3-marques-sont-les-pires-pour-la-sante","status":"publish","type":"post","link":"https:\/\/www.europesays.com\/fr\/605685\/","title":{"rendered":"selon Yuka, ces 3 marques sont les pires pour la sant\u00e9"},"content":{"rendered":"<p>Panettone et Yuka : pourquoi 3 marques inqui\u00e8tent<\/p>\n<p>Moelleux, parfum\u00e9, le <strong>Panettone<\/strong> s\u2019invite sur<br \/>\npresque toutes les tables de No\u00ebl. Derri\u00e8re son ruban dor\u00e9, une<br \/>\nr\u00e9alit\u00e9 moins festive : recettes industrielles tr\u00e8s sucr\u00e9es, tr\u00e8s<br \/>\ngrasses, et parfois ultra-transform\u00e9es. L\u2019application<br \/>\n<strong>Yuka<\/strong>, qui passe les \u00e9tiquettes au crible, a<br \/>\nr\u00e9cemment point\u00e9 trois r\u00e9f\u00e9rences parmi les moins recommandables<br \/>\npour la sant\u00e9. La curiosit\u00e9 grimpe, forc\u00e9ment. Et une question<br \/>\naussi.<\/p>\n<p>Que reproche exactement Yuka \u00e0 ces panettones de supermarch\u00e9 ?<br \/>\nL\u2019app d\u00e9cerne de tr\u00e8s mauvaises notes quand s\u2019accumulent additifs<br \/>\net profils nutritionnels d\u00e9favorables. En rayon, certains<br \/>\nemballages s\u00e9duisent, mais la composition raconte autre chose.<br \/>\nTrois marques ressortent nettement des \u00e9valuations n\u00e9gatives. La<br \/>\nsuite \u00e9claire ce qui coince.<\/p>\n<p>Favorina, Balocco, Carrefour : ce que Yuka reproche<\/p>\n<p>Le Panettone classico <strong>Favorina<\/strong> contient du<br \/>\n<strong>E471<\/strong> (mono- et diglyc\u00e9rides d\u2019acides gras) et des<br \/>\n<strong>ar\u00f4mes artificiels<\/strong>. Au sujet de l\u2019E471,<br \/>\n\u00ab\u00a0augmenterait le risque de maladies inflammatoires et pourrait<br \/>\nperturber la flore intestinale\u00a0\u00bb, indique Yuka, selon Top Sant\u00e9.<br \/>\nPour l\u2019application, cet \u00e9mulsifiant et ces ar\u00f4mes p\u00e8sent lourd dans<br \/>\nla note. R\u00e9sultat, une appr\u00e9ciation tr\u00e8s basse au classement.<\/p>\n<p>C\u00f4t\u00e9 <strong>Balocco<\/strong>, le cumul d\u2019additifs est<br \/>\nprobl\u00e9matique : E471, ar\u00f4mes artificiels et <strong>E330<\/strong><br \/>\n(acide citrique), ce qui d\u00e9grade encore l\u2019\u00e9valuation globale. Yuka<br \/>\nattribue une note tr\u00e8s faible \u00e0 ce produit. Le panettone<br \/>\n<strong>Carrefour<\/strong> suit la m\u00eame pente, avec E471 et ar\u00f4mes<br \/>\nartificiels qui le classent parmi les moins bien not\u00e9s. Et les<br \/>\nversions aux fruits confits ou au chocolat accentuent encore la<br \/>\nteneur en sucres.<\/p>\n<p>Additifs, sucre et graisses : quels risques concrets<\/p>\n<p>Reste le fond du panier nutritionnel. Une portion de 100 g<br \/>\napporte environ 15 g de graisses (l\u2019\u00e9quivalent de 3 cuill\u00e8res \u00e0<br \/>\ncaf\u00e9 d\u2019huile), 20 g de sucre (4 morceaux), et environ 30 g de<br \/>\nglucides complexes. Sur le corps, cela provoque un <strong>pic<br \/>\nglyc\u00e9mique<\/strong>, puis un coup de faim environ deux heures plus<br \/>\ntard. De quoi encourager le grignotage et d\u00e9s\u00e9quilibrer le<br \/>\nrepas.<\/p>\n<p>Dans ses \u00e9valuations, Yuka prend en compte la qualit\u00e9<br \/>\nnutritionnelle, la pr\u00e9sence d\u2019additifs et l\u2019\u00e9ventuelle dimension<br \/>\nbiologique du produit. Quand s\u2019ajoutent E471, ar\u00f4mes artificiels ou<br \/>\nE330, la note chute, m\u00eame si le go\u00fbt reste au rendez-vous. Bref,<br \/>\nm\u00eame sans additifs, cette brioche demeure tr\u00e8s \u00e9nerg\u00e9tique. Avec<br \/>\neux, elle bascule du c\u00f4t\u00e9 des produits \u00e0 limiter clairement.<\/p>\n<p>Panettone plus sain : que choisir et<br \/>\ncomment le d\u00e9guster ?<\/p>\n<p>Faut-il bannir ces r\u00e9f\u00e9rences pour autant ? Non : l\u2019id\u00e9e est de<br \/>\nr\u00e9server ce dessert \u00e0 des occasions et de mieux le choisir. Visez<br \/>\nun panettone artisanal, une liste d\u2019ingr\u00e9dients courte et<br \/>\nidentifiable, le moins d\u2019additifs possible. Servez de petites<br \/>\ntranches, savourez lentement, et \u00e9quilibrez le reste du repas avec<br \/>\nfibres et prot\u00e9ines. La mod\u00e9ration paie, vraiment.<\/p>\n<p>Dernier rappel au moment de couper la brioche : \u00ab\u00a0Si le panettone<br \/>\nest au menu de vos f\u00eates, n\u00a0\u00bboubliez pas : \u00e0 consommer avec<br \/>\nmod\u00e9ration, comme toujours !\u00a0\u00bb, conseille Yuka. Les versions<br \/>\nartisanales, plus simples et moins transform\u00e9es, restent \u00e0<br \/>\nprivil\u00e9gier. Et en magasin, lire l\u2019\u00e9tiquette vaut mieux que se fier<br \/>\nau seul joli emballage.<\/p>\n","protected":false},"excerpt":{"rendered":"Panettone et Yuka : pourquoi 3 marques inqui\u00e8tent Moelleux, parfum\u00e9, le Panettone s\u2019invite sur presque toutes les tables&hellip;\n","protected":false},"author":2,"featured_media":605686,"comment_status":"","ping_status":"","sticky":false,"template":"","format":"standard","meta":{"footnotes":""},"categories":[5],"tags":[19020,11,9122,1011,27,14,4743,151,10176,12,71731,45261,471,71,15298,3333,28,14205],"class_list":{"0":"post-605685","1":"post","2":"type-post","3":"status-publish","4":"format-standard","5":"has-post-thumbnail","7":"category-international","8":"tag-19020","9":"tag-actualites","10":"tag-ces","11":"tag-fr","12":"tag-france","13":"tag-international","14":"tag-la","15":"tag-les","16":"tag-marques","17":"tag-news","18":"tag-panettone","19":"tag-pires","20":"tag-pour","21":"tag-sante","22":"tag-selon","23":"tag-sont","24":"tag-world","25":"tag-yuka"},"share_on_mastodon":{"url":"https:\/\/pubeurope.com\/@fr\/115736091417136667","error":""},"_links":{"self":[{"href":"https:\/\/www.europesays.com\/fr\/wp-json\/wp\/v2\/posts\/605685","targetHints":{"allow":["GET"]}}],"collection":[{"href":"https:\/\/www.europesays.com\/fr\/wp-json\/wp\/v2\/posts"}],"about":[{"href":"https:\/\/www.europesays.com\/fr\/wp-json\/wp\/v2\/types\/post"}],"author":[{"embeddable":true,"href":"https:\/\/www.europesays.com\/fr\/wp-json\/wp\/v2\/users\/2"}],"replies":[{"embeddable":true,"href":"https:\/\/www.europesays.com\/fr\/wp-json\/wp\/v2\/comments?post=605685"}],"version-history":[{"count":0,"href":"https:\/\/www.europesays.com\/fr\/wp-json\/wp\/v2\/posts\/605685\/revisions"}],"wp:featuredmedia":[{"embeddable":true,"href":"https:\/\/www.europesays.com\/fr\/wp-json\/wp\/v2\/media\/605686"}],"wp:attachment":[{"href":"https:\/\/www.europesays.com\/fr\/wp-json\/wp\/v2\/media?parent=605685"}],"wp:term":[{"taxonomy":"category","embeddable":true,"href":"https:\/\/www.europesays.com\/fr\/wp-json\/wp\/v2\/categories?post=605685"},{"taxonomy":"post_tag","embeddable":true,"href":"https:\/\/www.europesays.com\/fr\/wp-json\/wp\/v2\/tags?post=605685"}],"curies":[{"name":"wp","href":"https:\/\/api.w.org\/{rel}","templated":true}]}}