{"id":605687,"date":"2025-12-17T17:29:14","date_gmt":"2025-12-17T17:29:14","guid":{"rendered":"https:\/\/www.europesays.com\/fr\/605687\/"},"modified":"2025-12-17T17:29:14","modified_gmt":"2025-12-17T17:29:14","slug":"surfeur-surdoue-mannequin-restaurateur-quinze-ans-de-prison-pour-le-mythomane-juge-pour-viols-torture-et-actes-de-barbarie-sur-son-ex-femme","status":"publish","type":"post","link":"https:\/\/www.europesays.com\/fr\/605687\/","title":{"rendered":"Surfeur surdou\u00e9, mannequin, restaurateur\u2026 Quinze ans de prison pour le mythomane jug\u00e9 pour viols, torture et actes de barbarie sur son ex-femme"},"content":{"rendered":"<p class=\"sc-cPiKLX AiZTS text-element\">L\u2019avocat g\u00e9n\u00e9ral avait r\u00e9clam\u00e9 dix-huit ans de r\u00e9clusion criminelle, la cour criminelle des Pyr\u00e9n\u00e9es-Atlantiques a finalement condamn\u00e9 Karim Braire \u00e0 quinze ans de prison (dont 10 ferme) ce mercredi 17 d\u00e9cembre devant la cour criminelle des Pyr\u00e9n\u00e9es-Atlantiques. Cette gloire autoproclam\u00e9e du surf \u00e9tait jug\u00e9e depuis lundi pour pour des viols, tortures et actes de barbarie sur son ex-\u00e9pouse, et des violences sur ses enfants. \u00abJe vous crois\u00bb, a lanc\u00e9 aux parties civiles l\u2019avocat g\u00e9n\u00e9ral Marc Mari\u00e9e, qui a demand\u00e9 aux juges d\u2019assortir la peine d\u2019une p\u00e9riode de s\u00fbret\u00e9 de 12 ans, estimant l\u2019accus\u00e9 \u00ab\u00e9minemment dangereux\u00bb.<\/p>\n<p class=\"sc-cPiKLX AiZTS text-element\">La victime, une femme de 42 ans en couple avec Karim Braire pendant quatorze ans, avait d\u00e9crit \u00e0 l\u2019audience des rapports sexuels impos\u00e9s et une \u00abemprise totale\u00bb de son conjoint sur elle et leurs enfants, qu\u2019il a aussi violent\u00e9s. Elle a racont\u00e9 un \u00e9pisode \u00abultime\u00bb de violences survenu fin 2022 au Maroc, qui vaut \u00e0 l\u2019accus\u00e9 d\u2019\u00eatre jug\u00e9 aussi pour tortures et actes de barbarie, avant qu\u2019elle ne prenne la fuite par \u00abinstinct de survie\u00bb. S\u00e9questr\u00e9e durant une semaine dans le sous-sol de la maison familiale, battue chaque nuit \u00e0 coups de c\u00e2ble \u00e9lectrique, elle s\u2019\u00e9tait \u00abvue mourir\u00bb. L\u2019ex-mari conteste, ne reconnaissant qu\u2019une seule \u00absoir\u00e9e\u00bb de violences, au motif qu\u2019elle lui aurait avou\u00e9 un pr\u00e9tendu adult\u00e8re.<\/p>\n<p>\u00abN\u00e9gation de l\u2019humanit\u00e9 de l\u2019autre\u00bb<\/p>\n<p class=\"sc-cPiKLX AiZTS text-element\">\u00abCe n\u2019est pas dans les victimes qu\u2019il faut aller chercher le mensonge\u00bb, a lanc\u00e9 l\u2019avocat g\u00e9n\u00e9ral \u00e0 Karim Braire, revenant sur son pass\u00e9 romanc\u00e9 de surfeur de grosses vagues, qualifi\u00e9 de \u00absupercherie\u00bb par des sp\u00e9cialistes de la discipline et illustrant, selon le magistrat, un \u00abmenteur pathologique\u00bb. Cette personnalit\u00e9 \u00abmythomane\u00bb et \u00abviolente\u00bb, dans la \u00abn\u00e9gation de l\u2019humanit\u00e9 de l\u2019autre\u00bb, \u00e9claire les faits d\u00e9nonc\u00e9s, a poursuivi le magistrat en s\u2019appuyant aussi sur les t\u00e9moignages d\u2019anciennes compagnes.<\/p>\n<p class=\"sc-cPiKLX AiZTS text-element\">L\u2019accus\u00e9 avait reconnu mardi des violences sur ses enfants, \u00abpour des b\u00eatises\u00bb ou \u00abl\u2019\u00e9ducation au quotidien\u00bb, apr\u00e8s que sa fille de 15 ans a relat\u00e9 la \u00abpeur constante\u00bb des coups qui tombaient sur elle ou son petit fr\u00e8re pour le moindre incident. Avant le r\u00e9quisitoire, Me Maialen Cazeau avait plaid\u00e9 pour des enfants \u00abcaboss\u00e9s\u00bb, qui ont subi ces violences. Le p\u00e8re les r\u00eavait champions sportifs. \u00abJe vomissais de stress et devais me cacher pour vomir sinon il me frappait\u00bb, raconte sa fille Maya (le pr\u00e9nom a \u00e9t\u00e9 chang\u00e9), qui subissait aussi des coups \u00abquand [elle] tombait de fatigue du tapis de course\u00bb, rapporte <a href=\"https:\/\/www.leparisien.fr\/faits-divers\/on-avait-constamment-peur-de-mourir-le-recit-glacant-des-proches-de-karim-braire-le-surfeur-mythomane-15-12-2025-XWRRT63JJFFDXFVWCCHS3N5AW4.php\" target=\"_blank\" rel=\"noopener\" title=\"https:\/\/www.leparisien.fr\/faits-divers\/on-avait-constamment-peur-de-mourir-le-recit-glacant-des-proches-de-karim-braire-le-surfeur-mythomane-15-12-2025-XWRRT63JJFFDXFVWCCHS3N5AW4.php\">Le Parisien<\/a>.<\/p>\n<p class=\"sc-cPiKLX AiZTS text-element\">L\u2019homme est aussi accus\u00e9 d\u2019un \u00abd\u00e9ferlement de haine\u00bb sur leur m\u00e8re. Face \u00e0 la question \u00abculpabilisante\u00bb (pourquoi celle-ci n\u2019a-t-elle pas fui plus t\u00f4t ?), l\u2019avocate de la victime, Me Camille Leduc rappelle la force du \u00abcontr\u00f4le coercitif\u00bb exerc\u00e9 par l\u2019accus\u00e9 \u00e0 force \u00abd\u2019humiliations, de brimades, de coups, toujours contrebalanc\u00e9s par les promesses, les d\u00e9clarations d\u2019amour\u00bb. Les parties civiles ont r\u00e9clam\u00e9 que ses droits parentaux lui soient retir\u00e9s.<\/p>\n<p>Serial mythomane<\/p>\n<p class=\"sc-cPiKLX AiZTS text-element\">La mythomanie du pr\u00e9venu est connue de longue date. D\u00e9barquant sur les ondes en mai 2017 devant Fogiel sur RTL et Ardisson sur C8 dans Salut les terriens, Karim Braire s\u2019\u00e9tait attach\u00e9 \u00e0 vendre une histoire bankable : celle d\u2019un enfant de quartier populaire d\u2019Orl\u00e9ans ayant appris \u00e0 nager sur le tard, \u00e0 18 ans, arriv\u00e9 sans le sou \u00e0 Hawa\u00ef pour se lancer dans le surf en autodidacte au d\u00e9but des ann\u00e9es 2000. Quelques grandes vagues autour du monde et des sponsors plus tard &#8211; il \u00e9voque un contrat \u00e0 six chiffres chez Quicksilver &#8211; le voil\u00e0 surfeur professionnel. De cette histoire en barre, na\u00eetra un livre autobiographique publi\u00e9 chez un \u00e9diteur sans v\u00e9rification. Apr\u00e8s une rencontre avec Dany Boon, na\u00eetra la Source, un film adapt\u00e9 du livre en 2019..<\/p>\n<p class=\"sc-cPiKLX AiZTS text-element\">Le nom Karim Braire ne dit pourtant rien \u00e0 Quicksilver, interrog\u00e9 par le site sp\u00e9cialis\u00e9 outdoor <a href=\"https:\/\/www.neufdixieme.com\/le-meilleur-surfeur-de-gros-mytho-du-monde\" target=\"_blank\" rel=\"noopener\" title=\"https:\/\/www.neufdixieme.com\/le-meilleur-surfeur-de-gros-mytho-du-monde\">Neufdixi\u00e8me.com<\/a> en 2017. Pas de trace non plus de vid\u00e9os o\u00f9 on le verrait surfer Belharra au Pays basque, ou les tubes gigantesques de Nazar\u00e9 au Portugal ou Teahupo\u2019o. L\u2019Equipe enqu\u00eate aussi sur lui, d\u00e9faisant la gloire de l\u2019autoproclam\u00e9 surfeur talentueux. En d\u00e9tention provisoire \u00e0 Mont-de-Marsan depuis trois ans, l\u2019homme continue de faire vivre sa l\u00e9gende comme il peut, \u00e9crivant \u00e0 une femme qu\u2019il drague sur un r\u00e9seau social depuis sa cellule : \u00abJe prends une douche, mon matos et je file sur Hossegor\u00bb, rapporte <a href=\"https:\/\/www.lequipe.fr\/Surf\/Article\/Les-amours-haineux-du-surfeur-mythomane-accuse-de-viols-et-d-actes-de-tortures\/1617554\" target=\"_blank\" rel=\"noopener\" title=\"https:\/\/www.lequipe.fr\/Surf\/Article\/Les-amours-haineux-du-surfeur-mythomane-accuse-de-viols-et-d-actes-de-tortures\/1617554\">L\u2019Equipe<\/a> ce mercredi.<\/p>\n<p>Manipulation et sarcasme<\/p>\n<p class=\"sc-cPiKLX AiZTS text-element\">Mensonges, intimidations, jalousie, violences, isolement\u2026 Plusieurs femmes ont confi\u00e9 \u00e0 L\u2019Equipe avoir \u00e9t\u00e9 victimes de violences conjugales, rapportant les m\u00eames techniques de manipulation et de pr\u00e9dation. Karim Braire aurait ainsi fait croire \u00e0 une petite amie un projet de d\u00e9m\u00e9nagement \u00e0 Tahiti, lui faisant acheter un 4&#215;4 d\u2019une valeur de 30 000 euros sous son seul pr\u00e9nom \u00e0 lui. Elle l\u2019accuse de l\u2019avoir coup\u00e9e de sa famille. Une autre, ayant refus\u00e9 d\u2019\u00eatre auditionn\u00e9e \u00e0 Pau, mentionne des gifles.<\/p>\n<p class=\"sc-cPiKLX AiZTS text-element\">A une troisi\u00e8me, rapporte toujours L\u2019Equipe, il pr\u00e9tend \u00eatre mannequin et associ\u00e9 d\u2019un restaurant biarrot. Elle se retrouve \u00e0 tout payer pour lui. Il lui interdit de saluer les hommes par une bise, la contraint \u00e0 leur parler le moins possible. \u00abIl avait dit \u00e0 ma m\u00e8re quand je l\u2019ai quitt\u00e9 que le sang allait gicler. Il appelait ma grand-m\u00e8re dans la nuit [\u2026] Je ne souhaite pas d\u00e9poser plainte car j\u2019en ai fini avec Karim Braire\u00bb, confie-t-elle \u00e0 L\u2019Equipe. Une autre ex confirme des menaces sur sa vie, disant qu\u2019il la \u00abbuterait\u00bb, avant de mettre son corps \u00abdans les montagnes\u00bb. Face \u00e0 ces r\u00e9cits, Karim Braire nie en bloc.<\/p>\n<p class=\"sc-cPiKLX AiZTS text-element\">Devant la cour criminelle, Karim Braire admet certaines violences sur son ex-compagne, les minimisant, nie les vir\u00e9es impos\u00e9es en club libertin, dans une accablante fuite en avant, r\u00e9sume <a href=\"https:\/\/www.lefigaro.fr\/faits-divers\/je-suis-un-monstre-pourtant-tout-le-monde-est-vivant-au-proces-de-l-ex-surfeur-karim-braire-une-accablante-fuite-en-avant-20251217\" target=\"_blank\" rel=\"noopener\" title=\"https:\/\/www.lefigaro.fr\/faits-divers\/je-suis-un-monstre-pourtant-tout-le-monde-est-vivant-au-proces-de-l-ex-surfeur-karim-braire-une-accablante-fuite-en-avant-20251217\">Le Figaro<\/a>. Accul\u00e9, il oppose un sarcasme sans faille, le revendiquant comme marque de fabrique. \u00abJe suis un tel monstre ? Mais il ne se passe rien, et tout le monde est vivant, en bonne sant\u00e9.\u00bb<\/p>\n","protected":false},"excerpt":{"rendered":"L\u2019avocat g\u00e9n\u00e9ral avait r\u00e9clam\u00e9 dix-huit ans de r\u00e9clusion criminelle, la cour criminelle des Pyr\u00e9n\u00e9es-Atlantiques a finalement condamn\u00e9 Karim&hellip;\n","protected":false},"author":2,"featured_media":605688,"comment_status":"","ping_status":"","sticky":false,"template":"","format":"standard","meta":{"footnotes":""},"categories":[4],"tags":[11,1011,27,12,25,798,797],"class_list":{"0":"post-605687","1":"post","2":"type-post","3":"status-publish","4":"format-standard","5":"has-post-thumbnail","7":"category-france","8":"tag-actualites","9":"tag-fr","10":"tag-france","11":"tag-news","12":"tag-republique-francaise","13":"tag-violences-conjugales","14":"tag-violences-faites-aux-femmes"},"share_on_mastodon":{"url":"https:\/\/pubeurope.com\/@fr\/115736095349679817","error":""},"_links":{"self":[{"href":"https:\/\/www.europesays.com\/fr\/wp-json\/wp\/v2\/posts\/605687","targetHints":{"allow":["GET"]}}],"collection":[{"href":"https:\/\/www.europesays.com\/fr\/wp-json\/wp\/v2\/posts"}],"about":[{"href":"https:\/\/www.europesays.com\/fr\/wp-json\/wp\/v2\/types\/post"}],"author":[{"embeddable":true,"href":"https:\/\/www.europesays.com\/fr\/wp-json\/wp\/v2\/users\/2"}],"replies":[{"embeddable":true,"href":"https:\/\/www.europesays.com\/fr\/wp-json\/wp\/v2\/comments?post=605687"}],"version-history":[{"count":0,"href":"https:\/\/www.europesays.com\/fr\/wp-json\/wp\/v2\/posts\/605687\/revisions"}],"wp:featuredmedia":[{"embeddable":true,"href":"https:\/\/www.europesays.com\/fr\/wp-json\/wp\/v2\/media\/605688"}],"wp:attachment":[{"href":"https:\/\/www.europesays.com\/fr\/wp-json\/wp\/v2\/media?parent=605687"}],"wp:term":[{"taxonomy":"category","embeddable":true,"href":"https:\/\/www.europesays.com\/fr\/wp-json\/wp\/v2\/categories?post=605687"},{"taxonomy":"post_tag","embeddable":true,"href":"https:\/\/www.europesays.com\/fr\/wp-json\/wp\/v2\/tags?post=605687"}],"curies":[{"name":"wp","href":"https:\/\/api.w.org\/{rel}","templated":true}]}}