{"id":605693,"date":"2025-12-17T17:33:14","date_gmt":"2025-12-17T17:33:14","guid":{"rendered":"https:\/\/www.europesays.com\/fr\/605693\/"},"modified":"2025-12-17T17:33:14","modified_gmt":"2025-12-17T17:33:14","slug":"pres-de-33-000-spectateurs-attendus-au-spectacle-de-val-grangent","status":"publish","type":"post","link":"https:\/\/www.europesays.com\/fr\/605693\/","title":{"rendered":"pr\u00e8s de 33\u00a0000 spectateurs attendus au spectacle de Val Grangent\u00a0"},"content":{"rendered":"<p class=\"insetTitle\">Le spectacle 2025 en chiffres<\/p>\n<p><strong>&#8211; 11<\/strong> mois de pr\u00e9paration.<\/p>\n<p>&#8211; Jean-Christophe Dumas pr\u00e9side l\u2019association Val Grangent qui compte <strong>360<\/strong> adh\u00e9rents b\u00e9n\u00e9voles (10 au sc\u00e9nario, 25 d\u00e9corateurs, menuisiers, peintres, 40 couturi\u00e8res, 4 chor\u00e9graphes, 3 infographistes, 8 artificiers, 160 personnes pour la bande-son, 34 chefs de projets, 174 com\u00e9diens, danseurs, figurants).<\/p>\n<p><strong>&#8211; 1\u00a0270<\/strong> costumes\u00a0: jusqu\u2019\u00e0 4 ou 5 costumes par com\u00e9diens.<\/p>\n<p>&#8211; Un Bassin de <strong>75<\/strong> m\u00e8tres de long.<\/p>\n<p><strong>&#8211; 5<\/strong> \u00e9crans dont un panoramique de 30 m\u00e8tres de long.<\/p>\n<p><strong>&#8211; 200<\/strong> projecteurs robotis\u00e9s.<\/p>\n<p><strong>&#8211; 1<\/strong> semaine d\u2019installation.<\/p>\n","protected":false},"excerpt":{"rendered":"Le spectacle 2025 en chiffres &#8211; 11 mois de pr\u00e9paration. &#8211; Jean-Christophe Dumas pr\u00e9side l\u2019association Val Grangent qui&hellip;\n","protected":false},"author":2,"featured_media":605694,"comment_status":"","ping_status":"","sticky":false,"template":"","format":"standard","meta":{"footnotes":""},"categories":[9653],"tags":[1111,11,2430,1687,7539,1777,674,1011,27,873,12,25,4001,7538,3140],"class_list":{"0":"post-605693","1":"post","2":"type-post","3":"status-publish","4":"format-standard","5":"has-post-thumbnail","7":"category-saint-etienne","8":"tag-actu","9":"tag-actualites","10":"tag-auvergne-rhone-alpes","11":"tag-culture-loisirs","12":"tag-edition-loire-sud","13":"tag-eu","14":"tag-europe","15":"tag-fr","16":"tag-france","17":"tag-musique","18":"tag-news","19":"tag-republique-francaise","20":"tag-saint-etienne","21":"tag-saint-etienne-ville","22":"tag-spectacle"},"share_on_mastodon":{"url":"https:\/\/pubeurope.com\/@fr\/115736111084819742","error":""},"_links":{"self":[{"href":"https:\/\/www.europesays.com\/fr\/wp-json\/wp\/v2\/posts\/605693","targetHints":{"allow":["GET"]}}],"collection":[{"href":"https:\/\/www.europesays.com\/fr\/wp-json\/wp\/v2\/posts"}],"about":[{"href":"https:\/\/www.europesays.com\/fr\/wp-json\/wp\/v2\/types\/post"}],"author":[{"embeddable":true,"href":"https:\/\/www.europesays.com\/fr\/wp-json\/wp\/v2\/users\/2"}],"replies":[{"embeddable":true,"href":"https:\/\/www.europesays.com\/fr\/wp-json\/wp\/v2\/comments?post=605693"}],"version-history":[{"count":0,"href":"https:\/\/www.europesays.com\/fr\/wp-json\/wp\/v2\/posts\/605693\/revisions"}],"wp:featuredmedia":[{"embeddable":true,"href":"https:\/\/www.europesays.com\/fr\/wp-json\/wp\/v2\/media\/605694"}],"wp:attachment":[{"href":"https:\/\/www.europesays.com\/fr\/wp-json\/wp\/v2\/media?parent=605693"}],"wp:term":[{"taxonomy":"category","embeddable":true,"href":"https:\/\/www.europesays.com\/fr\/wp-json\/wp\/v2\/categories?post=605693"},{"taxonomy":"post_tag","embeddable":true,"href":"https:\/\/www.europesays.com\/fr\/wp-json\/wp\/v2\/tags?post=605693"}],"curies":[{"name":"wp","href":"https:\/\/api.w.org\/{rel}","templated":true}]}}