{"id":605695,"date":"2025-12-17T17:34:21","date_gmt":"2025-12-17T17:34:21","guid":{"rendered":"https:\/\/www.europesays.com\/fr\/605695\/"},"modified":"2025-12-17T17:34:21","modified_gmt":"2025-12-17T17:34:21","slug":"les-aesh-reclament-un-vrai-statut-et-denoncent-la-precarite-de-leur-metier","status":"publish","type":"post","link":"https:\/\/www.europesays.com\/fr\/605695\/","title":{"rendered":"les AESH r\u00e9clament \u00ab un vrai statut \u00bb et d\u00e9noncent la pr\u00e9carit\u00e9 de leur m\u00e9tier"},"content":{"rendered":"<p>C\u2019est le deuxi\u00e8me m\u00e9tier de l\u2019\u00c9ducation nationale en termes d\u2019effectifs\u2026 Et pourtant, c\u2019est celui le plus sous-estim\u00e9. Ce mercredi, ils \u00e9taient une dizaine de personnes \u00e0 manifester sur la place Maginot \u00e0 <a href=\"https:\/\/www.estrepublicain.fr\/faits-divers-justice\/2025\/12\/16\/suicide-d-une-lyceenne-de-jeanne-d-arc-une-cellule-d-ecoute-mise-en-place\" target=\"_blank\" rel=\"noopener\">Nancy<\/a> , \u00e0 deux pas de la gare. Pr\u00e9sents pour d\u00e9fendre le m\u00e9tier d\u2019AESH (Accompagnant des \u00e9l\u00e8ves en situation de handicap). Parmi les manifestants figuraient bien s\u00fbr des accompagnants d\u2019\u00e9l\u00e8ves en situation de handicap, mais aussi des enseignants du premier degr\u00e9 et des professeurs de coll\u00e8ge venus leur apporter leur soutien.<\/p>\n<p>Le message port\u00e9 \u00e9tait sans \u00e9quivoque. \u00ab\u00a0On veut un vrai statut\u00a0\u00bb, lance Mariette Bravo, tracts \u00e0 la main. AESH depuis dix ans \u00e0 <a href=\"https:\/\/www.estrepublicain.fr\/sante\/2025\/12\/16\/la-collecte-de-sang-tient-ses-promesses-au-centre-olivier-airaud\" target=\"_blank\" rel=\"noopener\">Villers-l\u00e8s-Nancy<\/a> , elle revendique, comme ses coll\u00e8gues, la reconnaissance d\u2019un statut de fonctionnaire de cat\u00e9gorie B. Une demande motiv\u00e9e par une r\u00e9alit\u00e9 professionnelle jug\u00e9e pr\u00e9caire\u00a0: aujourd\u2019hui, \u00ab\u00a0il n\u2019y a pas de vrai statut, on est des pions qui bougent \u00e0 droite et \u00e0 gauche\u00a0\u00bb.<\/p>\n<p>Autre point central des revendications\u00a0: la question du temps de travail. \u00ab\u00a0On a envie de ne plus \u00eatre en temps partiel impos\u00e9 \u00e0 62\u00a0% mais bien en temps plein de 24 heures par semaine\u00a0\u00bb, explique Sizana, AESH depuis onze ans.<\/p>\n<p>Dans une profession compos\u00e9e \u00e0 90\u00a0% de femmes, ce temps partiel contraint se traduit par des revenus mensuels compris entre 800 et 1\u00a0000\u00a0euros. Un niveau de r\u00e9mun\u00e9ration qui place certains professionnels sous le seuil de pauvret\u00e9. \u00ab\u00a0Je suis oblig\u00e9e de faire de la p\u00e9riscolaire en plus pour que je puisse vivre et nourrir mes enfants\u00a0\u00bb, ajoute Sizana.<\/p>\n<p>  \u00ab\u00a0Tout le monde a besoin des AESH\u00a0\u00bb<\/p>\n<p>En Meurthe-et-Moselle, on compte environ 4\u00a0000 AESH. Un chiffre qui masque toutefois une r\u00e9alit\u00e9 plus inqui\u00e9tante\u00a0: la profession peine \u00e0 attirer et \u00e0 fid\u00e9liser. \u00ab\u00a0Le chiffre ne fait qu\u2019\u00e9voluer car beaucoup d\u00e9missionnent. Actuellement, on a un gros manque d\u2019AESH. La demande ne fait qu\u2019augmenter mais le nombre d\u2019AESH ne fait que baisser. Tout le monde a besoin des AESH\u00a0\u00bb, confie Adeline Giovanella, enseignante. Faute de moyens et de reconnaissance, \u00ab\u00a0on a une \u00e9cole mal inclusive\u00a0\u00bb.<\/p>\n","protected":false},"excerpt":{"rendered":"C\u2019est le deuxi\u00e8me m\u00e9tier de l\u2019\u00c9ducation nationale en termes d\u2019effectifs\u2026 Et pourtant, c\u2019est celui le plus sous-estim\u00e9. Ce&hellip;\n","protected":false},"author":2,"featured_media":605696,"comment_status":"","ping_status":"","sticky":false,"template":"","format":"standard","meta":{"footnotes":""},"categories":[9635],"tags":[1111,11,1707,1704,1706,1705,1057,1777,674,1011,27,775,10425,3457,1702,1703,12,25,104],"class_list":{"0":"post-605695","1":"post","2":"type-post","3":"status-publish","4":"format-standard","5":"has-post-thumbnail","7":"category-nancy","8":"tag-actu","9":"tag-actualites","10":"tag-edition-luneville","11":"tag-edition-nancy-et-agglomeration","12":"tag-edition-pont-a-mousson","13":"tag-edition-toul","14":"tag-education","15":"tag-eu","16":"tag-europe","17":"tag-fr","18":"tag-france","19":"tag-grand-est","20":"tag-maternelle-elementaire","21":"tag-meurthe-et-moselle","22":"tag-nancy","23":"tag-nancy-ville-54b","24":"tag-news","25":"tag-republique-francaise","26":"tag-societe"},"share_on_mastodon":{"url":"https:\/\/pubeurope.com\/@fr\/115736114946669672","error":""},"_links":{"self":[{"href":"https:\/\/www.europesays.com\/fr\/wp-json\/wp\/v2\/posts\/605695","targetHints":{"allow":["GET"]}}],"collection":[{"href":"https:\/\/www.europesays.com\/fr\/wp-json\/wp\/v2\/posts"}],"about":[{"href":"https:\/\/www.europesays.com\/fr\/wp-json\/wp\/v2\/types\/post"}],"author":[{"embeddable":true,"href":"https:\/\/www.europesays.com\/fr\/wp-json\/wp\/v2\/users\/2"}],"replies":[{"embeddable":true,"href":"https:\/\/www.europesays.com\/fr\/wp-json\/wp\/v2\/comments?post=605695"}],"version-history":[{"count":0,"href":"https:\/\/www.europesays.com\/fr\/wp-json\/wp\/v2\/posts\/605695\/revisions"}],"wp:featuredmedia":[{"embeddable":true,"href":"https:\/\/www.europesays.com\/fr\/wp-json\/wp\/v2\/media\/605696"}],"wp:attachment":[{"href":"https:\/\/www.europesays.com\/fr\/wp-json\/wp\/v2\/media?parent=605695"}],"wp:term":[{"taxonomy":"category","embeddable":true,"href":"https:\/\/www.europesays.com\/fr\/wp-json\/wp\/v2\/categories?post=605695"},{"taxonomy":"post_tag","embeddable":true,"href":"https:\/\/www.europesays.com\/fr\/wp-json\/wp\/v2\/tags?post=605695"}],"curies":[{"name":"wp","href":"https:\/\/api.w.org\/{rel}","templated":true}]}}