{"id":605703,"date":"2025-12-17T17:39:12","date_gmt":"2025-12-17T17:39:12","guid":{"rendered":"https:\/\/www.europesays.com\/fr\/605703\/"},"modified":"2025-12-17T17:39:12","modified_gmt":"2025-12-17T17:39:12","slug":"montpellier-face-a-une-scene-hors-norme","status":"publish","type":"post","link":"https:\/\/www.europesays.com\/fr\/605703\/","title":{"rendered":"Montpellier face \u00e0 une sc\u00e8ne hors norme"},"content":{"rendered":"<p>                    Par<br \/>\n        <strong><br \/>\n            <a href=\"https:\/\/actu.fr\/auteur\/lea-pippinato\" title=\"Consulter tous les articles de L\u00e9a Pippinato\" target=\"_blank\" rel=\"noopener\">L\u00e9a Pippinato<\/a><br \/>\n                    <\/strong><\/p>\n<p>        Publi\u00e9 le<\/p>\n<p>            17 d\u00e9c. 2025 \u00e0 18h31        <\/p>\n<p><strong>Ce lundi 15 d\u00e9cembre 2025<\/strong> \u00e0 13h30, dans le secteur du Petit Bard, rue Paul Rimbaud \u00e0 Montpellier, des policiers nationaux rep\u00e8rent un v\u00e9hicule en circulation. L\u2019\u00e9tat inqui\u00e8te : pas de pare-chocs avant, aucune plaque d\u2019immatriculation et des parties saillantes visibles. Le v\u00e9hicule para\u00eet dangereux et les agents d\u00e9cident de le contr\u00f4ler.<\/p>\n<p>    <a href=\"https:\/\/www.google.com\/maps\/embed?pb=!1m18!1m12!1m3!1d23114.090373704526!2d3.840409599999999!3d43.6011008!2m3!1f0!2f0!3f0!3m2!1i1024!2i768!4f13.1!3m3!1m2!1s0x12b6ae8c605bd72b%3A0x85d8a29117eeec8e!2sRue%20Paul%20Rimbaud%2C%20Montpellier!5e0!3m2!1sfr!2sfr!4v1765992110840!5m2!1sfr!2sfr\" title=\"Ouvrie le lien\" target=\"_blank\" rel=\"noopener\">Cliquez ici pour visualiser le contenu<\/a><\/p>\n<p class=\" wall-content\">Le conducteur refuse d\u2019obtemp\u00e9rer. Il franchit plusieurs feux rouges et emprunte des axes tr\u00e8s fr\u00e9quent\u00e9s \u00e0 grande vitesse. La trajectoire devient erratique : il s\u2019engage \u00e0 contresens dans la rue \u00e0 sens unique. Des v\u00e9hicules arrivent en face. Le conducteur se retrouve bloqu\u00e9. La voiture de police se place derri\u00e8re lui et ferme l\u2019issue. Les agents descendent pour proc\u00e9der au contr\u00f4le. C\u2019est alors que l\u2019homme enclenche brutalement la marche arri\u00e8re et percute le v\u00e9hicule de police \u00e0 forte allure.<\/p>\n<p>La rue transform\u00e9e en carambolage<\/p>\n<p class=\" wall-content\">L\u2019homme passe aussit\u00f4t en marche avant. Il percute une Tesla arr\u00eat\u00e9e face \u00e0 lui. Il recule de nouveau et frappe la voiture des policiers. Il avance encore et heurte une seconde fois la Tesla. Il recule une troisi\u00e8me fois contre le v\u00e9hicule des agents, repart enfin vers l\u2019avant et percute une Volkswagen situ\u00e9e derri\u00e8re la Tesla. Les policiers d\u00e9ploient un dispositif Stop Stick. Les pneus du v\u00e9hicule sont crev\u00e9s : la course s\u2019arr\u00eate. La Tesla et la voiture de police subissent de lourds d\u00e9g\u00e2ts. La Volkswagen pr\u00e9sente des dommages plus limit\u00e9s.<\/p>\n<p class=\" wall-content\">Le conducteur est interpell\u00e9 . Il a 31 ans et r\u00e9side \u00e0 Montpellier. Le test d\u2019alcool\u00e9mie se r\u00e9v\u00e8le n\u00e9gatif. Le d\u00e9pistage aux stup\u00e9fiants ressort positif au cannabis. L\u2019homme explique avoir pris peur et admet conduire sans permis. Il reconna\u00eet avoir fum\u00e9 un joint avant de prendre le volant et indique consommer r\u00e9guli\u00e8rement. Le v\u00e9hicule appartient \u00e0 un ami. \u00c0 l\u2019issue de la garde \u00e0 vue, l\u2019homme est remis en libert\u00e9. La proc\u00e9dure se poursuit : des analyses compl\u00e9mentaires sont n\u00e9cessaires apr\u00e8s le test positif. Une nouvelle convocation suivra une fois les r\u00e9sultats connus et la sanction p\u00e9nale interviendra ensuite.<\/p>\n<p class=\" wall-content\">Personnalisez votre actualit\u00e9 en ajoutant vos villes et m\u00e9dias en favori avec <a href=\"https:\/\/moncompte.actu.fr\" title=\"D\u00e9couvez Mon Actu\" rel=\"nofollow noopener\" data-trk=\"{&quot;cta&quot;:{&quot;action&quot;:&quot;https:\\\/\\\/moncompte.actu.fr&quot;,&quot;category&quot;:&quot;mon compte&quot;,&quot;from&quot;:&quot;article footer&quot;,&quot;name&quot;:&quot;Mon actu&quot;,&quot;type&quot;:&quot;cta&quot;}}\" target=\"_blank\">Mon Actu<\/a>.<\/p>\n","protected":false},"excerpt":{"rendered":"Par L\u00e9a Pippinato Publi\u00e9 le 17 d\u00e9c. 2025 \u00e0 18h31 Ce lundi 15 d\u00e9cembre 2025 \u00e0 13h30, dans&hellip;\n","protected":false},"author":2,"featured_media":605704,"comment_status":"","ping_status":"","sticky":false,"template":"","format":"standard","meta":{"footnotes":""},"categories":[9599],"tags":[1111,11,1052,1777,674,118,1011,27,2208,12,2680,1072,2852,25],"class_list":{"0":"post-605703","1":"post","2":"type-post","3":"status-publish","4":"format-standard","5":"has-post-thumbnail","7":"category-montpellier","8":"tag-actu","9":"tag-actualites","10":"tag-drogue","11":"tag-eu","12":"tag-europe","13":"tag-faits-divers","14":"tag-fr","15":"tag-france","16":"tag-montpellier","17":"tag-news","18":"tag-occitanie","19":"tag-police","20":"tag-refus-dobtemperer","21":"tag-republique-francaise"},"share_on_mastodon":{"url":"https:\/\/pubeurope.com\/@fr\/115736134660590183","error":""},"_links":{"self":[{"href":"https:\/\/www.europesays.com\/fr\/wp-json\/wp\/v2\/posts\/605703","targetHints":{"allow":["GET"]}}],"collection":[{"href":"https:\/\/www.europesays.com\/fr\/wp-json\/wp\/v2\/posts"}],"about":[{"href":"https:\/\/www.europesays.com\/fr\/wp-json\/wp\/v2\/types\/post"}],"author":[{"embeddable":true,"href":"https:\/\/www.europesays.com\/fr\/wp-json\/wp\/v2\/users\/2"}],"replies":[{"embeddable":true,"href":"https:\/\/www.europesays.com\/fr\/wp-json\/wp\/v2\/comments?post=605703"}],"version-history":[{"count":0,"href":"https:\/\/www.europesays.com\/fr\/wp-json\/wp\/v2\/posts\/605703\/revisions"}],"wp:featuredmedia":[{"embeddable":true,"href":"https:\/\/www.europesays.com\/fr\/wp-json\/wp\/v2\/media\/605704"}],"wp:attachment":[{"href":"https:\/\/www.europesays.com\/fr\/wp-json\/wp\/v2\/media?parent=605703"}],"wp:term":[{"taxonomy":"category","embeddable":true,"href":"https:\/\/www.europesays.com\/fr\/wp-json\/wp\/v2\/categories?post=605703"},{"taxonomy":"post_tag","embeddable":true,"href":"https:\/\/www.europesays.com\/fr\/wp-json\/wp\/v2\/tags?post=605703"}],"curies":[{"name":"wp","href":"https:\/\/api.w.org\/{rel}","templated":true}]}}