{"id":605707,"date":"2025-12-17T17:41:25","date_gmt":"2025-12-17T17:41:25","guid":{"rendered":"https:\/\/www.europesays.com\/fr\/605707\/"},"modified":"2025-12-17T17:41:25","modified_gmt":"2025-12-17T17:41:25","slug":"ce-grand-parking-de-centre-ville-rouvre-bien-plus-tot-que-prevu","status":"publish","type":"post","link":"https:\/\/www.europesays.com\/fr\/605707\/","title":{"rendered":"ce grand parking de centre-ville rouvre bien plus t\u00f4t que pr\u00e9vu"},"content":{"rendered":"<p>                    Par<br \/>\n        <strong><br \/>\n            <a href=\"https:\/\/actu.fr\/auteur\/aurelien-delavaud\" title=\"Consulter tous les articles de Aur\u00e9lien Delavaud\" target=\"_blank\" rel=\"noopener\">Aur\u00e9lien Delavaud<\/a><br \/>\n                    <\/strong><\/p>\n<p>        Publi\u00e9 le<\/p>\n<p>            17 d\u00e9c. 2025 \u00e0 17h33        <\/p>\n<p>Les bouleversements de calendrier, quand il est question de gros <b>chantiers<\/b>, c\u2019est monnaie courante. Retard des entreprises, gestion des intemp\u00e9ries, probl\u00e8mes inattendus \u00e0 r\u00e9gler\u2026 Les causes sont multiples, mais le r\u00e9sultat est presque toujours le m\u00eame\u2009: les <b>travaux <\/b>prennent du retard.<\/p>\n<p class=\" wall-content\">Cette fois, c\u2019est compl\u00e8tement l\u2019inverse qui arrive \u00e0 <a href=\"https:\/\/actu.fr\/normandie\/elbeuf_76231\" target=\"_blank\" rel=\"noopener\">Elbeuf (Seine-Maritime)<\/a>. En travaux depuis quelques mois, le <b>parking<\/b> situ\u00e9 devant la m\u00e9diath\u00e8que La Navette <a href=\"https:\/\/actu.fr\/normandie\/elbeuf_76231\/le-stationnement-indisponible-pour-un-parking-repense-a-elbeuf-les-travaux-de-cette-place-centrale-debutent_63310578.html\" target=\"_blank\" rel=\"noopener\">aurait d\u00fb \u00eatre rendu aux usagers courant f\u00e9vrier\u00a02026<\/a>. Finalement, sur ses r\u00e9seaux sociaux, la mairie a annonc\u00e9 sa r\u00e9ouverture d\u00e8s le lundi 15\u00a0d\u00e9cembre 2025, soit avec <b>deux mois d\u2019avance<\/b>.<\/p>\n<p>D\u00e9j\u00e0 rouvert aux trois quarts<\/p>\n<p class=\" wall-content\">\u00ab\u2009La M\u00e9tropole Rouen Normandie a termin\u00e9 les travaux plus t\u00f4t que pr\u00e9vu\u2009\u00bb, confirme la Ville dans sa communication. Elle pr\u00e9cise toutefois que, dans un premier temps, seules trois des quatre all\u00e9es pr\u00e9vues sont accessibles.<\/p>\n<blockquote class=\"ac-article-quote wall-content\">\n<p>Le nombre de places de parking est sensiblement le m\u00eame et les doubles sens de circulation sont maintenus pour faciliter l\u2019acc\u00e8s au stationnement.<\/p>\n<p>La ville d\u2019Elbeuf<\/p><\/blockquote>\n<p class=\" wall-content\">Pour la derni\u00e8re all\u00e9e, celle qui doit accueillir des ombri\u00e8res \u00e9quip\u00e9es de panneaux photovolta\u00efques, il faudra encore attendre un petit peu.<\/p>\n<p>Une place plus verte<\/p>\n<p class=\" wall-content\">En revanche, comme les places sont d\u00e9j\u00e0 termin\u00e9es, les entreprises vont pouvoir s\u2019attaquer \u00e0 la <b>v\u00e9g\u00e9talisation<\/b> de l\u2019espace, l\u2019un des grands enjeux sur cette place jug\u00e9e trop min\u00e9rale. \u00ab\u2009Les plantations sont \u00e9galement avanc\u00e9es \u00e0 la deuxi\u00e8me quinzaine de janvier\u2009\u00bb, indique la Ville, qui pr\u00e9cise que \u00ab\u2009la surface d\u2019espaces v\u00e9g\u00e9talis\u00e9s passe de 350 m\u00b2 \u00e0 1075 m\u00b2 et les arbres de 15 \u00e0 58\u2009\u00bb.<\/p>\n<p>Vid\u00e9os : en ce moment sur Actu<\/p>\n<p class=\" wall-content\">Pour les usagers et les habitants, l\u2019objectif est de faire de ce parking un petit <b>\u00eelot de fra\u00eecheur<\/b> en plein centre-ville. Mais le plus important, \u00e0 en croire les tr\u00e8s nombreuses questions post\u00e9es en r\u00e9action sur les r\u00e9seaux sociaux, c\u2019est que ces places de stationnement situ\u00e9es proches d\u2019\u00e9quipements importants et du c\u0153ur commercial resteront <b>gratuites<\/b>.<\/p>\n<p class=\" wall-content\">Personnalisez votre actualit\u00e9 en ajoutant vos villes et m\u00e9dias en favori avec <a href=\"https:\/\/moncompte.actu.fr\" title=\"D\u00e9couvez Mon Actu\" rel=\"nofollow noopener\" data-trk=\"{&quot;cta&quot;:{&quot;action&quot;:&quot;https:\\\/\\\/moncompte.actu.fr&quot;,&quot;category&quot;:&quot;mon compte&quot;,&quot;from&quot;:&quot;article footer&quot;,&quot;name&quot;:&quot;Mon actu&quot;,&quot;type&quot;:&quot;cta&quot;}}\" target=\"_blank\">Mon Actu<\/a>.<\/p>\n","protected":false},"excerpt":{"rendered":"Par Aur\u00e9lien Delavaud Publi\u00e9 le 17 d\u00e9c. 2025 \u00e0 17h33 Les bouleversements de calendrier, quand il est question&hellip;\n","protected":false},"author":2,"featured_media":605708,"comment_status":"","ping_status":"","sticky":false,"template":"","format":"standard","meta":{"footnotes":""},"categories":[9587],"tags":[1111,11,3542,1777,674,1011,27,12,5161,25,9590,104,6173,2086],"class_list":{"0":"post-605707","1":"post","2":"type-post","3":"status-publish","4":"format-standard","5":"has-post-thumbnail","7":"category-rouen","8":"tag-actu","9":"tag-actualites","10":"tag-circulation","11":"tag-eu","12":"tag-europe","13":"tag-fr","14":"tag-france","15":"tag-news","16":"tag-normandie","17":"tag-republique-francaise","18":"tag-rouen","19":"tag-societe","20":"tag-stationnement","21":"tag-travaux"},"share_on_mastodon":{"url":"https:\/\/pubeurope.com\/@fr\/115736142456864990","error":""},"_links":{"self":[{"href":"https:\/\/www.europesays.com\/fr\/wp-json\/wp\/v2\/posts\/605707","targetHints":{"allow":["GET"]}}],"collection":[{"href":"https:\/\/www.europesays.com\/fr\/wp-json\/wp\/v2\/posts"}],"about":[{"href":"https:\/\/www.europesays.com\/fr\/wp-json\/wp\/v2\/types\/post"}],"author":[{"embeddable":true,"href":"https:\/\/www.europesays.com\/fr\/wp-json\/wp\/v2\/users\/2"}],"replies":[{"embeddable":true,"href":"https:\/\/www.europesays.com\/fr\/wp-json\/wp\/v2\/comments?post=605707"}],"version-history":[{"count":0,"href":"https:\/\/www.europesays.com\/fr\/wp-json\/wp\/v2\/posts\/605707\/revisions"}],"wp:featuredmedia":[{"embeddable":true,"href":"https:\/\/www.europesays.com\/fr\/wp-json\/wp\/v2\/media\/605708"}],"wp:attachment":[{"href":"https:\/\/www.europesays.com\/fr\/wp-json\/wp\/v2\/media?parent=605707"}],"wp:term":[{"taxonomy":"category","embeddable":true,"href":"https:\/\/www.europesays.com\/fr\/wp-json\/wp\/v2\/categories?post=605707"},{"taxonomy":"post_tag","embeddable":true,"href":"https:\/\/www.europesays.com\/fr\/wp-json\/wp\/v2\/tags?post=605707"}],"curies":[{"name":"wp","href":"https:\/\/api.w.org\/{rel}","templated":true}]}}