{"id":605713,"date":"2025-12-17T17:44:12","date_gmt":"2025-12-17T17:44:12","guid":{"rendered":"https:\/\/www.europesays.com\/fr\/605713\/"},"modified":"2025-12-17T17:44:12","modified_gmt":"2025-12-17T17:44:12","slug":"face-a-lepidemie-de-grippe-le-masque-obligatoire-fait-son-retour-a-lhopital-et-en-ephad","status":"publish","type":"post","link":"https:\/\/www.europesays.com\/fr\/605713\/","title":{"rendered":"Face \u00e0 l\u2019\u00e9pid\u00e9mie de grippe, le masque obligatoire fait son retour \u00e0 l\u2019h\u00f4pital et en Ephad"},"content":{"rendered":"<p>Le masque obligatoire fait son retour. Le <a href=\"https:\/\/www.chu-caen.fr\/actualites\/au-chu-on-remet-le-masque\/\" target=\"_blank\" rel=\"noopener\">CHU de Caen<\/a> l\u2019a r\u00e9tabli le 10\u00a0d\u00e9cembre. Le CHU de Rennes ce lundi, comme dans les Ehpad publics de la ville. Les h\u00f4pitaux de Nice et du Havre ce mercredi 17 d\u00e9cembre.<\/p>\n<p>D\u00e8s le 29\u00a0octobre, le port du masque avait \u00e9t\u00e9 r\u00e9tabli dans tous les h\u00f4pitaux publics de la r\u00e9gion parisienne, l\u2019AP-HP. Non pas en raison de la grippe &#8211; l\u2019\u00e9pid\u00e9mie n\u2019avait pas commenc\u00e9 &#8211; mais du risque de bronchiolite. Depuis, toutes les personnes de plus de six ans circulant dans des espaces o\u00f9 ils peuvent croiser des patients sont astreintes au port du masque.<\/p>\n<p>Ce retour du masque dans les \u00e9tablissements de sant\u00e9 n\u2019est pas sp\u00e9cifique \u00e0 cette ann\u00e9e. Depuis la pand\u00e9mie du Covid 19, le port du masque est l\u2019une des mesures adopt\u00e9es en p\u00e9riode d\u2019\u00e9pid\u00e9mie hivernale. Ainsi, l\u2019an dernier, il avait \u00e9t\u00e9 r\u00e9tabli, dans une majorit\u00e9 d\u2019\u00e9tablissements, et en fonction de l\u2019avanc\u00e9e de l\u2019\u00e9pid\u00e9mie grippale \u00e0 partir de la mi-d\u00e9cembre et d\u00e9but janvier.<\/p>\n<p>Dans les structures de sant\u00e9, mais pas en entreprise<\/p>\n<p>Le <strong>\u00ab port du masque peut \u00eatre d\u00e9cid\u00e9 par les responsables des structures, durant les p\u00e9riodes les plus \u00e0 risque et dans les zones les plus sensibles de l\u2019\u00e9tablissement, en tenant compte des contextes locaux \u00bb<\/strong>, a pr\u00e9venu la Direction g\u00e9n\u00e9rale de la sant\u00e9, dans une <a href=\"https:\/\/bulletins-officiels.social.gouv.fr\/instruction-ndeg-dgsccsppcusardgosdgcs2025139-du-12-novembre-2025-relative-au-port-obligatoire-du-masque-dans-les-etablissements-sanitaires-et-medico-sociaux-pour-la-prevention-des-infections-respiratoires-aigues\" target=\"_blank\" rel=\"noopener\">\u00ab instruction relative au port obligatoire du masque dans les \u00e9tablissements m\u00e9dico-sociaux \u00bb publi\u00e9e le 12 novembre.<\/a> Une d\u00e9cision qui s\u2019inscrit dans la lign\u00e9e de la <a href=\"https:\/\/sante.gouv.fr\/IMG\/pdf\/plaquette_infections_respiratoires_2025-2026.pdf\" target=\"_self\" rel=\"noopener\">Strat\u00e9gie nationale de lutte contre les infections respiratoires aigu\u00ebs valid\u00e9e fin 2023<\/a>.<\/p>\n<p>Pas question, donc, d\u2019une obligation g\u00e9n\u00e9ralis\u00e9e du port du masque, et s\u00fbrement pas dans les entreprises. Depuis<a href=\"https:\/\/rennes.maville.com\/actu\/actudet_-covid-19.-fin-du-protocole-sanitaire-en-entreprise-a-partir-du-14-mars-annonce-elisabeth-borne-_54135-5115277_actu.Htm\" target=\"_blank\" rel=\"noopener\"> la fin du protocole sanitaire en entreprise, le 14\u00a0mars 2022,<\/a> celles-ci ne peuvent plus imposer le port du masque \u00e0 leurs salari\u00e9s, m\u00eame dans les pharmacies.<\/p>\n<p>De m\u00eame, le port du masque dans les transports, \u00e9tabli dans le contexte de la crise sanitaire du Covid, ne pourrait \u00eatre r\u00e9tabli sans un contexte d\u2019exception. Pour rappel, il avait \u00e9t\u00e9 impos\u00e9 \u00e0 partir du 11\u00a0mai 2020, \u00e0 la sortie du confinement.<a href=\"https:\/\/www.ouest-france.fr\/sante\/fin-du-masque-dans-les-transports-depuis-quand-etait-il-obligatoire-343436c0-d42e-11ec-8cf8-13e381b3bad5\" target=\"_blank\" rel=\"noopener\"> L\u2019obligation n\u2019avait \u00e9t\u00e9 lev\u00e9e que\u00a0le 16\u00a0mai 2022.<\/a><\/p>\n<p>\u00c9viter la diffusion des gouttelettes<\/p>\n<p>Un masque classique ne prot\u00e8ge pas des virus mais <strong>\u00ab\u00a0il \u00e9vite la diffusion des gouttelettes quand on a des sympt\u00f4mes\u00a0\u00bb,<\/strong> rappelle un pharmacien. M\u00eame sans obligation, il rel\u00e8ve de la responsabilit\u00e9 individuelle pour prot\u00e9ger son entourage, amical ou professionnel.<\/p>\n<p>L\u2019adh\u00e9sion aux gestes barri\u00e8res (masque, lavage des mains, a\u00e9ration des locaux) a cependant clairement faibli. <a href=\"https:\/\/www.santepubliquefrance.fr\/etudes-et-enquetes\/coviprev-une-enquete-pour-suivre-l-evolution-des-comportements-et-de-la-sante-mentale-pendant-l-epidemie-de-covid-19\" target=\"_blank\" rel=\"noopener\">L\u2019\u00e9tude Coviprev<\/a>, qui ne l\u2019a mesur\u00e9 que jusqu\u2019en d\u00e9cembre\u00a02022, montrait d\u00e9j\u00e0 cette \u00e9rosion. Elle reste cependant tr\u00e8s sup\u00e9rieure aux ann\u00e9es d\u2019avant pand\u00e9mie\u2026 o\u00f9 elle \u00e9tait quasiment inexistante.<\/p>\n<p>Peu de masques en Grande-Bretagne<\/p>\n<p>En Grande-Bretagne, malgr\u00e9 la pr\u00e9cocit\u00e9 et l\u2019intensit\u00e9 de l\u2019\u00e9pid\u00e9mie de grippe, le port du masque n\u2019est pas plus syst\u00e9matis\u00e9 dans les \u00e9tablissements de sant\u00e9 publics et d\u00e9pend de chaque direction.<a href=\"https:\/\/www.bbc.com\/news\/articles\/ceq1vjg0v72o\" target=\"_blank\" rel=\"noopener\"> Il y a quelques jours, la BBC pr\u00e9sentait comme une information singuli\u00e8re le fait que quatre h\u00f4pitaux<\/a> aient impos\u00e9 le port du masque dans certaines zones sensibles (mais pas dans tout l\u2019\u00e9tablissement) <strong>\u00ab\u00a0pour aider les patients vuln\u00e9rables et le personnel\u00a0\u00bb <\/strong>\u00e0 g\u00e9rer l\u2019\u00e9pid\u00e9mie.<\/p>\n<p>L\u2019Agence de s\u00e9curit\u00e9 sanitaire britannique a appel\u00e9 les personnes <strong>\u00ab\u00a0ayant des sympt\u00f4mes et devant sortir de chez eux\u00a0\u00bb<\/strong> \u00e0 porter un masque. Daniel Elkeles, un responsable du minist\u00e8re de la Sant\u00e9, a conseill\u00e9 le port du masque dans les transports publics, comme pendant la pand\u00e9mie. Suscitant des r\u00e9actions virulentes du leader conservateur Kemi Badenoch, et du patron ultraconservateur de Reform UK, Nigel Farage. Outre-Manche comme en France, le sujet du port obligatoire du masque est un sujet clivant.<\/p>\n<p>\u00a0<\/p>\n","protected":false},"excerpt":{"rendered":"Le masque obligatoire fait son retour. Le CHU de Caen l\u2019a r\u00e9tabli le 10\u00a0d\u00e9cembre. Le CHU de Rennes&hellip;\n","protected":false},"author":2,"featured_media":605714,"comment_status":"","ping_status":"","sticky":false,"template":"","format":"standard","meta":{"footnotes":""},"categories":[2821],"tags":[1111,11,829,71732,434,1777,674,2823,21,1011,27,29786,100,61204,12,3024,584,25,8133],"class_list":{"0":"post-605713","1":"post","2":"type-post","3":"status-publish","4":"format-standard","5":"has-post-thumbnail","7":"category-rennes","8":"tag-actu","9":"tag-actualites","10":"tag-bretagne","11":"tag-ephad","12":"tag-epidemie","13":"tag-eu","14":"tag-europe","15":"tag-face","16":"tag-fait","17":"tag-fr","18":"tag-france","19":"tag-grippe","20":"tag-hopital","21":"tag-masque","22":"tag-news","23":"tag-obligatoire","24":"tag-rennes","25":"tag-republique-francaise","26":"tag-retour"},"share_on_mastodon":{"url":"https:\/\/pubeurope.com\/@fr\/115736154361784375","error":""},"_links":{"self":[{"href":"https:\/\/www.europesays.com\/fr\/wp-json\/wp\/v2\/posts\/605713","targetHints":{"allow":["GET"]}}],"collection":[{"href":"https:\/\/www.europesays.com\/fr\/wp-json\/wp\/v2\/posts"}],"about":[{"href":"https:\/\/www.europesays.com\/fr\/wp-json\/wp\/v2\/types\/post"}],"author":[{"embeddable":true,"href":"https:\/\/www.europesays.com\/fr\/wp-json\/wp\/v2\/users\/2"}],"replies":[{"embeddable":true,"href":"https:\/\/www.europesays.com\/fr\/wp-json\/wp\/v2\/comments?post=605713"}],"version-history":[{"count":0,"href":"https:\/\/www.europesays.com\/fr\/wp-json\/wp\/v2\/posts\/605713\/revisions"}],"wp:featuredmedia":[{"embeddable":true,"href":"https:\/\/www.europesays.com\/fr\/wp-json\/wp\/v2\/media\/605714"}],"wp:attachment":[{"href":"https:\/\/www.europesays.com\/fr\/wp-json\/wp\/v2\/media?parent=605713"}],"wp:term":[{"taxonomy":"category","embeddable":true,"href":"https:\/\/www.europesays.com\/fr\/wp-json\/wp\/v2\/categories?post=605713"},{"taxonomy":"post_tag","embeddable":true,"href":"https:\/\/www.europesays.com\/fr\/wp-json\/wp\/v2\/tags?post=605713"}],"curies":[{"name":"wp","href":"https:\/\/api.w.org\/{rel}","templated":true}]}}