{"id":605719,"date":"2025-12-17T17:47:14","date_gmt":"2025-12-17T17:47:14","guid":{"rendered":"https:\/\/www.europesays.com\/fr\/605719\/"},"modified":"2025-12-17T17:47:14","modified_gmt":"2025-12-17T17:47:14","slug":"municipales-2026-a-strasbourg-jeanne-barseghian-lance-sa-campagne-et-se-pose-en-candidate-dune-gauche-rassemblee","status":"publish","type":"post","link":"https:\/\/www.europesays.com\/fr\/605719\/","title":{"rendered":"Municipales 2026. \u00c0 Strasbourg, Jeanne Barseghian lance sa campagne et se pose en candidate d\u2019une gauche rassembl\u00e9e"},"content":{"rendered":"<p>Une photo de famille. C\u2019est le point d\u2019orgue et l\u2019objectif, au fond, du point presse organis\u00e9 ce mercredi 17\u00a0d\u00e9cembre par <a href=\"https:\/\/www.dna.fr\/p\/jeanne-barseghian\" target=\"_blank\" rel=\"noopener\">Jeanne Barseghian<\/a> dans son local de campagne. Montrer que la candidate \u00e9cologiste sait rassembler la gauche \u00ab\u00a0\u00e9cologiste et citoyenne [\u2026] de Place Publique aux communistes\u00a0\u00bb, appr\u00e9cie-t-elle dans un sourire. Montrer aussi que la maire sortante repart avec \u00ab\u00a0des membres de sa majorit\u00e9\u00a0\u00bb et \u00ab\u00a0d\u2019autres qui la rejoignent\u00a0\u00bb.<\/p>\n<p>\u00c0 ses c\u00f4t\u00e9s, Marina Lafay, adjointe en charge de la petite enfance, pour Place Publique\u00a0; <a href=\"https:\/\/www.dna.fr\/elections\/2025\/12\/16\/generation-s-debout-et-l-apres-apportent-leur-soutien-a-jeanne-barseghian\" target=\"_blank\" rel=\"noopener\">Sophie Dupressoir<\/a>, conseill\u00e8re d\u00e9l\u00e9gu\u00e9e \u00e0 la politique du v\u00e9lo, coordinatrice 67 de G\u00e9n\u00e9ration.s, le mouvement de Beno\u00eet Hamon\u00a0; Marie-Fran\u00e7oise&#8230;<\/p>\n","protected":false},"excerpt":{"rendered":"Une photo de famille. C\u2019est le point d\u2019orgue et l\u2019objectif, au fond, du point presse organis\u00e9 ce mercredi&hellip;\n","protected":false},"author":2,"featured_media":605720,"comment_status":"","ping_status":"","sticky":false,"template":"","format":"standard","meta":{"footnotes":""},"categories":[2820],"tags":[1111,11,1984,2880,5949,4188,436,1777,674,107,1011,27,775,3539,12,316,1800,25,640,2879],"class_list":{"0":"post-605719","1":"post","2":"type-post","3":"status-publish","4":"format-standard","5":"has-post-thumbnail","7":"category-strasbourg","8":"tag-actu","9":"tag-actualites","10":"tag-conseil-municipal","11":"tag-edition-strasbourg","12":"tag-elections","13":"tag-elections-municipales","14":"tag-environnement","15":"tag-eu","16":"tag-europe","17":"tag-fil-info","18":"tag-fr","19":"tag-france","20":"tag-grand-est","21":"tag-les-ecologistes","22":"tag-news","23":"tag-politique","24":"tag-pollution","25":"tag-republique-francaise","26":"tag-strasbourg","27":"tag-strasbourg-ville"},"share_on_mastodon":{"url":"https:\/\/pubeurope.com\/@fr\/115736166033368326","error":""},"_links":{"self":[{"href":"https:\/\/www.europesays.com\/fr\/wp-json\/wp\/v2\/posts\/605719","targetHints":{"allow":["GET"]}}],"collection":[{"href":"https:\/\/www.europesays.com\/fr\/wp-json\/wp\/v2\/posts"}],"about":[{"href":"https:\/\/www.europesays.com\/fr\/wp-json\/wp\/v2\/types\/post"}],"author":[{"embeddable":true,"href":"https:\/\/www.europesays.com\/fr\/wp-json\/wp\/v2\/users\/2"}],"replies":[{"embeddable":true,"href":"https:\/\/www.europesays.com\/fr\/wp-json\/wp\/v2\/comments?post=605719"}],"version-history":[{"count":0,"href":"https:\/\/www.europesays.com\/fr\/wp-json\/wp\/v2\/posts\/605719\/revisions"}],"wp:featuredmedia":[{"embeddable":true,"href":"https:\/\/www.europesays.com\/fr\/wp-json\/wp\/v2\/media\/605720"}],"wp:attachment":[{"href":"https:\/\/www.europesays.com\/fr\/wp-json\/wp\/v2\/media?parent=605719"}],"wp:term":[{"taxonomy":"category","embeddable":true,"href":"https:\/\/www.europesays.com\/fr\/wp-json\/wp\/v2\/categories?post=605719"},{"taxonomy":"post_tag","embeddable":true,"href":"https:\/\/www.europesays.com\/fr\/wp-json\/wp\/v2\/tags?post=605719"}],"curies":[{"name":"wp","href":"https:\/\/api.w.org\/{rel}","templated":true}]}}