{"id":605721,"date":"2025-12-17T17:48:22","date_gmt":"2025-12-17T17:48:22","guid":{"rendered":"https:\/\/www.europesays.com\/fr\/605721\/"},"modified":"2025-12-17T17:48:22","modified_gmt":"2025-12-17T17:48:22","slug":"baskets-soleil-et-esprit-de-noel-le-barreau-de-nice-en-mode-footing-sur","status":"publish","type":"post","link":"https:\/\/www.europesays.com\/fr\/605721\/","title":{"rendered":"Baskets, soleil et esprit de No\u00ebl : le Barreau de Nice en mode footing sur (\u2026)"},"content":{"rendered":"<p>                    <img loading=\"lazy\" decoding=\"async\" src=\"https:\/\/www.europesays.com\/fr\/wp-content\/uploads\/2025\/12\/5018f0eb6dd1592ef27df4ca61f33b.jpg\" class=\"img-responsive post-image\" width=\"680\" height=\"510\" alt=\"Baskets, soleil et esprit\" title=\"Baskets, soleil et esprit de No\u00ebl : le Barreau de Nice en mode footing sur la Promenade\"\/><\/p>\n<p class=\"chapo\">Ce mercredi midi, les avocates et avocats du Barreau de Nice se sont donn\u00e9 rendez-vous sur la Promenade des Anglais pour un footing de No\u00ebl plac\u00e9 sous le signe de la convivialit\u00e9 et de la d\u00e9tente. Sous un ciel bleu azur et face \u00e0 la M\u00e9diterran\u00e9e, le groupe a parcouru le littoral durant une trentaine de minutes, sans esprit de comp\u00e9tition ni chronom\u00e8tre.<\/p>\n<p>Dans une ambiance volontairement \u00ab\u00a0slow\u00a0\u00bb, cette parenth\u00e8se sportive a permis aux participants de partager un moment informel, loin des pr\u00e9toires. Quelques accessoires aux couleurs de No\u00ebl sont venus ponctuer la sortie, ajoutant une touche festive \u00e0 l\u2019\u00e9v\u00e9nement.<br class=\"texte\"\/><br \/>\nIniti\u00e9e par la Commission Sport du Barreau de Nice, pr\u00e9sid\u00e9e par Julien Prandi, en partenariat avec l\u2019\u00e9quipe Running, cette rencontre illustre la volont\u00e9 du Barreau de promouvoir le bien-\u00eatre, la coh\u00e9sion et les liens confraternels entre ses membres.<br class=\"autobr\"\/><br \/>\nUne initiative chaleureuse qui pourrait bien s\u2019inscrire durablement dans le calendrier des rendez-vous du Barreau de Nice.<\/p>\n<p> <a href=\"https:\/\/www.europesays.com\/fr\/wp-content\/uploads\/2025\/12\/une.png\" class=\"spip_doc_lien mediabox\" type=\"image\/png\"><br \/>\n\t\t<img loading=\"lazy\" decoding=\"async\" src=\"https:\/\/www.europesays.com\/fr\/wp-content\/uploads\/2025\/12\/une.png\" width=\"1024\" height=\"768\" alt=\"\"\/><\/a><\/p>\n<p> <a href=\"https:\/\/www.europesays.com\/fr\/wp-content\/uploads\/2025\/12\/une_-_copie.png\" class=\"spip_doc_lien mediabox\" type=\"image\/png\"><br \/>\n\t\t<img loading=\"lazy\" decoding=\"async\" src=\"https:\/\/www.europesays.com\/fr\/wp-content\/uploads\/2025\/12\/une_-_copie.png\" width=\"1024\" height=\"768\" alt=\"\"\/><\/a><\/p>\n<p>Toutes photos de l\u2019article\u00a0: courtesy et \u00a9JP<\/p>\n","protected":false},"excerpt":{"rendered":"Ce mercredi midi, les avocates et avocats du Barreau de Nice se sont donn\u00e9 rendez-vous sur la Promenade&hellip;\n","protected":false},"author":2,"featured_media":605722,"comment_status":"","ping_status":"","sticky":false,"template":"","format":"standard","meta":{"footnotes":""},"categories":[2819],"tags":[1111,11,2408,1777,674,1011,27,12,2401,882,25],"class_list":{"0":"post-605721","1":"post","2":"type-post","3":"status-publish","4":"format-standard","5":"has-post-thumbnail","7":"category-nice","8":"tag-actu","9":"tag-actualites","10":"tag-appels-d","11":"tag-eu","12":"tag-europe","13":"tag-fr","14":"tag-france","15":"tag-news","16":"tag-nice","17":"tag-provence-alpes-cote-dazur","18":"tag-republique-francaise"},"share_on_mastodon":{"url":"https:\/\/pubeurope.com\/@fr\/115736171206371992","error":""},"_links":{"self":[{"href":"https:\/\/www.europesays.com\/fr\/wp-json\/wp\/v2\/posts\/605721","targetHints":{"allow":["GET"]}}],"collection":[{"href":"https:\/\/www.europesays.com\/fr\/wp-json\/wp\/v2\/posts"}],"about":[{"href":"https:\/\/www.europesays.com\/fr\/wp-json\/wp\/v2\/types\/post"}],"author":[{"embeddable":true,"href":"https:\/\/www.europesays.com\/fr\/wp-json\/wp\/v2\/users\/2"}],"replies":[{"embeddable":true,"href":"https:\/\/www.europesays.com\/fr\/wp-json\/wp\/v2\/comments?post=605721"}],"version-history":[{"count":0,"href":"https:\/\/www.europesays.com\/fr\/wp-json\/wp\/v2\/posts\/605721\/revisions"}],"wp:featuredmedia":[{"embeddable":true,"href":"https:\/\/www.europesays.com\/fr\/wp-json\/wp\/v2\/media\/605722"}],"wp:attachment":[{"href":"https:\/\/www.europesays.com\/fr\/wp-json\/wp\/v2\/media?parent=605721"}],"wp:term":[{"taxonomy":"category","embeddable":true,"href":"https:\/\/www.europesays.com\/fr\/wp-json\/wp\/v2\/categories?post=605721"},{"taxonomy":"post_tag","embeddable":true,"href":"https:\/\/www.europesays.com\/fr\/wp-json\/wp\/v2\/tags?post=605721"}],"curies":[{"name":"wp","href":"https:\/\/api.w.org\/{rel}","templated":true}]}}