{"id":605723,"date":"2025-12-17T17:49:16","date_gmt":"2025-12-17T17:49:16","guid":{"rendered":"https:\/\/www.europesays.com\/fr\/605723\/"},"modified":"2025-12-17T17:49:16","modified_gmt":"2025-12-17T17:49:16","slug":"lr-derriere-estrosi-a-nice-horizons-apporte-aussi-son-soutien-a-louis-sarkozy-a-menton","status":"publish","type":"post","link":"https:\/\/www.europesays.com\/fr\/605723\/","title":{"rendered":"LR derri\u00e8re Estrosi \u00e0 Nice, Horizons apporte aussi son soutien \u00e0 Louis Sarkozy \u00e0 Menton"},"content":{"rendered":"<p>\n    Les commissions nationales d\u2019investiture des deux partis se sont r\u00e9unies en d\u00e9but de semaine pour trancher des cas parfois sensibles en vue des municipales, dont celui de Nice.<\/p>\n<p class=\"fig-paragraph\">Le jeu des investitures et des soutiens pour les municipales se poursuit en coulisses et certaines situations peuvent se r\u00e9v\u00e9ler plus \u00e9pineuses que d\u2019autres. C\u2019est le cas sur la C\u00f4te d\u2019Azur et notamment \u00e0 Nice (Alpes-Maritimes), o\u00f9\u00a0<a href=\"http:\/\/www.lefigaro.fr\/politique\/presidentielle-2027-qui-sont-ces-six-lr-charges-par-retailleau-de-determiner-une-methode-de-departage-des-candidats-20251126\" data-fig-type=\"Article\" data-gtm-custom-categorie=\"navigation\" data-gtm-custom-action=\"crossclick\" data-gtm-custom-label=\"Contextuel\" data-gtm-event=\"customEventSPE\" data-fig-domain=\"LEFIGARO\" target=\"_blank\" rel=\"noopener\">Les R\u00e9publicains<\/a>\u00a0tergiversaient logiquement entre le maire Horizons et ex-LR\u00a0<a href=\"http:\/\/www.lefigaro.fr\/nice\/municipales-2026-a-nice-christian-estrosi-lance-officiellement-sa-campagne-lors-d-une-grande-reunion-publique-20251122\" data-fig-type=\"NewsFlash\" data-gtm-custom-categorie=\"navigation\" data-gtm-custom-action=\"crossclick\" data-gtm-custom-label=\"Contextuel\" data-gtm-event=\"customEventSPE\" data-fig-domain=\"LEFIGARO\" target=\"_blank\" rel=\"noopener\">Christian Estrosi<\/a>\u00a0et le d\u00e9put\u00e9 UDR\u00a0<a href=\"http:\/\/www.lefigaro.fr\/politique\/eric-ciotti-sebastien-lecornu-restera-un-dynamiteur-de-la-nation-20251209\" data-fig-type=\"Article\" data-gtm-custom-categorie=\"navigation\" data-gtm-custom-action=\"crossclick\" data-gtm-custom-label=\"Contextuel\" data-gtm-event=\"customEventSPE\" data-fig-domain=\"LEFIGARO\" target=\"_blank\" rel=\"noopener\">\u00c9ric Ciotti<\/a>, ex-patron du parti mais d\u00e9sormais\u00a0<a href=\"http:\/\/www.lefigaro.fr\/nice\/la-ville-de-nice-peut-elle-basculer-dans-le-giron-du-rn-avec-eric-ciotti-20241006\" data-fig-type=\"NewsFlash\" data-gtm-custom-categorie=\"navigation\" data-gtm-custom-action=\"crossclick\" data-gtm-custom-label=\"Contextuel\" data-gtm-event=\"customEventSPE\" data-fig-domain=\"LEFIGARO\" target=\"_blank\" rel=\"noopener\">alli\u00e9 du Rassemblement national<\/a>.<\/p>\n<p class=\"fig-paragraph\">Dans un communiqu\u00e9 ce mercredi, la commission nationale d\u2019investiture (CNI) de LR a d\u00e9sign\u00e9 la s\u00e9natrice Dominique Estrosi-Sassone \u00abcomme chef de file pour la ville de Nice\u00bb, elle qui soutient officiellement son ex-mari Christian Estrosi et qui devrait encore figurer sur sa liste avec d\u2019autres LR. Traduction que le parti pr\u00e9f\u00e8re bien le maire sortant, longtemps membre de l\u2019UMP avant d\u2019\u00eatre l\u2019un des premiers \u00e0 avoir soutenu Emmanuel Macron en 2017 et de quitter LR en 2021.<\/p>\n<p>                                            <a class=\"fig-a11y-skip\" href=\"#fig-a11y-skip-main-inarticle\" data-module=\"a11y-skip\" data-context=\"was @visible\"><br \/>\n    Passer la publicit\u00e9<br \/>\n<\/a>            <\/p>\n<p class=\"fig-paragraph\">Le cas de N\u00eemes aurait d\u00e9bloqu\u00e9 cette situation complexe\u00a0: LR attendait le soutien d\u2019Horizons \u00e0 son candidat Franck Proust pour pouvoir appliquer la r\u00e9ciproque \u00e0 Nice avec Christian Estrosi. Lundi, lors de la CNI de LR, les \u00e9changes ont \u00e9t\u00e9 tendus \u00e0 ce sujet, comme l\u2019ont rapport\u00e9 plusieurs sources au Figaro. La s\u00e9natrice Dominique Estrosi-Sassone se serait emport\u00e9e face au refus de son parti de soutenir Christian Estrosi tant que la situation n\u00eemoise n\u2019\u00e9tait pas r\u00e9gl\u00e9e. Mais c\u2019est d\u00e9sormais chose faite \u00e0 travers les communiqu\u00e9s des deux partis.<\/p>\n<p>                                            Louis Sarkozy soutenus par LR et d\u00e9sormais Horizons<\/p>\n<p class=\"fig-paragraph\">Horizons, le parti de l\u2019ancien premier ministre\u00a0<a href=\"http:\/\/www.lefigaro.fr\/politique\/guillaume-tabard-l-avenir-presidentiel-d-edouard-philippe-se-joue-au-havre-20251212\" data-fig-type=\"Article\" data-gtm-custom-categorie=\"navigation\" data-gtm-custom-action=\"crossclick\" data-gtm-custom-label=\"Contextuel\" data-gtm-event=\"customEventSPE\" data-fig-domain=\"LEFIGARO\" target=\"_blank\" rel=\"noopener\">\u00c9douard Philippe<\/a>, a aussi annonc\u00e9 apporter son soutien \u00e0\u00a0<a href=\"http:\/\/www.lefigaro.fr\/elections\/municipales\/municipales-2026-louis-sarkozy-se-lance-en-politique-et-officialise-sa-candidature-a-menton-20250908\" data-fig-type=\"NewsFlash\" data-gtm-custom-categorie=\"navigation\" data-gtm-custom-action=\"crossclick\" data-gtm-custom-label=\"Contextuel\" data-gtm-event=\"customEventSPE\" data-fig-domain=\"LEFIGARO\" target=\"_blank\" rel=\"noopener\">Louis Sarkozy<\/a>, qui brigue la mairie de Menton. Le fils de\u00a0<a href=\"http:\/\/www.lefigaro.fr\/nice\/a-menton-faut-voter-sarkozy-l-ex-president-en-dedicace-et-son-fils-en-campagne-20251212\" data-fig-type=\"NewsFlash\" data-gtm-custom-categorie=\"navigation\" data-gtm-custom-action=\"crossclick\" data-gtm-custom-label=\"Contextuel\" data-gtm-event=\"customEventSPE\" data-fig-domain=\"LEFIGARO\" target=\"_blank\" rel=\"noopener\">l\u2019ex-pr\u00e9sident<\/a>\u00a0avait \u00e9galement re\u00e7u le soutien de LR en novembre alors que\u00a0<a href=\"http:\/\/www.lefigaro.fr\/nice\/a-menton-ces-elus-de-droite-qui-ne-veulent-ni-du-maire-actuel-ni-de-louis-sarkozy-20250621\" data-fig-type=\"NewsFlash\" data-gtm-custom-categorie=\"navigation\" data-gtm-custom-action=\"crossclick\" data-gtm-custom-label=\"Contextuel\" data-gtm-event=\"customEventSPE\" data-fig-domain=\"LEFIGARO\" target=\"_blank\" rel=\"noopener\">deux autres \u00e9lus<\/a>\u00a0membres du parti sont aussi candidats.<\/p>\n<p class=\"fig-paragraph\">Dans\u00a0<a href=\"http:\/\/www.lefigaro.fr\/nice\/municipales-2026-pourquoi-louis-sarkozy-a-annonce-sa-candidature-a-menton-en-meme-temps-que-la-chute-de-francois-bayrou-20250909\" data-fig-type=\"NewsFlash\" data-gtm-custom-categorie=\"navigation\" data-gtm-custom-action=\"crossclick\" data-gtm-custom-label=\"Contextuel\" data-gtm-event=\"customEventSPE\" data-fig-domain=\"LEFIGARO\" target=\"_blank\" rel=\"noopener\">sa lettre de candidature d\u00e9but septembre<\/a>, Louis Sarkozy avait assur\u00e9 n\u2019appartenir \u00ab\u00e0 aucun clan, \u00e0 aucune tribu, \u00e0 aucune famille politique\u00bb et confirme toujours au Figaro ne pas \u00eatre encart\u00e9. \u00abNotre liste n\u2019appartient \u00e0 aucun parti. Elle rassemble des Mentonnais venus de tous les horizons de l\u2019\u00e9chiquier politique\u00bb, insiste-t-il malgr\u00e9 les soutiens des deux partis et ses prises de position tr\u00e8s lib\u00e9rales.<\/p>\n<p class=\"fig-paragraph\">Dans les Alpes-Maritimes, Horizons a aussi apport\u00e9 son soutien \u00e0 Ladislas Polski, maire sortant de La Trinit\u00e9, commune de la couronne ni\u00e7oise. LR avait aussi donn\u00e9 l\u2019investiture \u00e0 Louis N\u00e8gre \u00e0 Cagnes-sur-Mer et \u00e0 Joseph S\u00e9gura \u00e0 Saint-Laurent-du-Var, les maires sortants proches de Christian Estrosi.<\/p>\n","protected":false},"excerpt":{"rendered":"Les commissions nationales d\u2019investiture des deux partis se sont r\u00e9unies en d\u00e9but de semaine pour trancher des cas&hellip;\n","protected":false},"author":2,"featured_media":605724,"comment_status":"","ping_status":"","sticky":false,"template":"","format":"standard","meta":{"footnotes":""},"categories":[2819],"tags":[1111,11,2397,1777,674,1011,27,3540,6319,17927,12,2401,882,25],"class_list":{"0":"post-605723","1":"post","2":"type-post","3":"status-publish","4":"format-standard","5":"has-post-thumbnail","7":"category-nice","8":"tag-actu","9":"tag-actualites","10":"tag-christian-estrosi","11":"tag-eu","12":"tag-europe","13":"tag-fr","14":"tag-france","15":"tag-horizons","16":"tag-les-republicains","17":"tag-louis-sarkozy","18":"tag-news","19":"tag-nice","20":"tag-provence-alpes-cote-dazur","21":"tag-republique-francaise"},"share_on_mastodon":{"url":"https:\/\/pubeurope.com\/@fr\/115736173992341362","error":""},"_links":{"self":[{"href":"https:\/\/www.europesays.com\/fr\/wp-json\/wp\/v2\/posts\/605723","targetHints":{"allow":["GET"]}}],"collection":[{"href":"https:\/\/www.europesays.com\/fr\/wp-json\/wp\/v2\/posts"}],"about":[{"href":"https:\/\/www.europesays.com\/fr\/wp-json\/wp\/v2\/types\/post"}],"author":[{"embeddable":true,"href":"https:\/\/www.europesays.com\/fr\/wp-json\/wp\/v2\/users\/2"}],"replies":[{"embeddable":true,"href":"https:\/\/www.europesays.com\/fr\/wp-json\/wp\/v2\/comments?post=605723"}],"version-history":[{"count":0,"href":"https:\/\/www.europesays.com\/fr\/wp-json\/wp\/v2\/posts\/605723\/revisions"}],"wp:featuredmedia":[{"embeddable":true,"href":"https:\/\/www.europesays.com\/fr\/wp-json\/wp\/v2\/media\/605724"}],"wp:attachment":[{"href":"https:\/\/www.europesays.com\/fr\/wp-json\/wp\/v2\/media?parent=605723"}],"wp:term":[{"taxonomy":"category","embeddable":true,"href":"https:\/\/www.europesays.com\/fr\/wp-json\/wp\/v2\/categories?post=605723"},{"taxonomy":"post_tag","embeddable":true,"href":"https:\/\/www.europesays.com\/fr\/wp-json\/wp\/v2\/tags?post=605723"}],"curies":[{"name":"wp","href":"https:\/\/api.w.org\/{rel}","templated":true}]}}