{"id":605725,"date":"2025-12-17T17:50:21","date_gmt":"2025-12-17T17:50:21","guid":{"rendered":"https:\/\/www.europesays.com\/fr\/605725\/"},"modified":"2025-12-17T17:50:21","modified_gmt":"2025-12-17T17:50:21","slug":"son-chalet-tombe-en-ruine-au-marche-de-noel-de-nantes-une-commercante-en-colere","status":"publish","type":"post","link":"https:\/\/www.europesays.com\/fr\/605725\/","title":{"rendered":"Son chalet \u00ab tombe en ruine \u00bb au march\u00e9 de No\u00ebl de Nantes : une commer\u00e7ante en col\u00e8re"},"content":{"rendered":"<p>                    Par<br \/>\n        <strong><br \/>\n            <a href=\"https:\/\/actu.fr\/auteur\/laure-gentil\" title=\"Consulter tous les articles de Laure Gentil\" target=\"_blank\" rel=\"noopener\">Laure Gentil<\/a><br \/>\n                    <\/strong><\/p>\n<p>        Publi\u00e9 le<\/p>\n<p>            17 d\u00e9c. 2025 \u00e0 17h55        <\/p>\n<p><b>Stella Caruso<\/b> a d\u00fb voyager en catastrophe \u00e0 Paris, samedi 13\u00a0d\u00e9cembre. Cheffe depuis maintenant 33\u00a0ans, elle ne s\u2019attendait pas \u00e0 ce que ses chalets de biscuits siciliens au march\u00e9 de No\u00ebl de <b>Nantes <\/b>et \u00e0 celui de La D\u00e9fense, \u00e0 Paris, rencontrent de tels probl\u00e8mes.<\/p>\n<p class=\" wall-content\">Selon la commer\u00e7ante, un bras de fer s\u2019est engag\u00e9 avec <b>2A Organisation <\/b>qui g\u00e8re les deux march\u00e9s. Dans la cit\u00e9 des ducs de Bretagne, le chalet, situ\u00e9 place du Commerce, serait dans un tel \u00e9tat que l\u2019eau se serait infiltr\u00e9e et aurait d\u00e9truit pour \u00ab\u2009plus de 4\u2009000\u00a0euros de marchandises\u2009\u00bb, assure-t-elle. \u00ab\u2009Ils vous louent un chalet de 10\u2009000\u00a0euros dans cet \u00e9tat\u2009! C\u2019est inadmissible.\u2009\u00bb Des <b>accusations formellement d\u00e9menties par 2A Organisation <\/b>qui, de son c\u00f4t\u00e9, assure que Stella Caruso lui doit \u00ab\u2009plusieurs dizaines de milliers d\u2019euros\u2009\u00bb.<\/p>\n<p>Une enseigne qui chute<\/p>\n<p class=\" wall-content\">\u00ab\u2009D\u00e8s le d\u00e9but, j\u2019ai envoy\u00e9 des messages, ils m\u2019ont dit\u2009:\u2009 \u2018C\u2019est le r\u00e9gisseur qui s\u2019en occupe\u2019, donc j\u2019ai eu le r\u00e9gisseur au t\u00e9l\u00e9phone et il m\u2019a dit\u2009:\u2009 \u2018Oui je vais r\u00e9gler le probl\u00e8me\u2019, mais le probl\u00e8me n\u2019a pas \u00e9t\u00e9 r\u00e9gl\u00e9. Ils ont mis une vulgaire b\u00e2che sur le toit qui n\u2019a pas fonctionn\u00e9\u2009!\u00a0\u00bb, s\u2019exclame Stella Caruso, outr\u00e9e. \u00ab\u00a0Un matin, ma salari\u00e9e est arriv\u00e9e, l\u2019enseigne \u00e9tait par terre, le chalet ouvert. Il tombe en ruine\u2009! L\u2019eau avait d\u00e9bord\u00e9 sur les biscuits, on a d\u00fb tout jeter. L\u2019enseigne, ils l\u2019ont viss\u00e9e sur des lattes qui ne tiennent m\u00eame plus, donc bien s\u00fbr qu\u2019elle est tomb\u00e9e\u2009!\u2009\u00bb<\/p>\n<p class=\" wall-content\">La municipalit\u00e9 qui, insiste la commer\u00e7ante, a \u00ab\u2009\u00e9t\u00e9 tr\u00e8s r\u00e9active\u2009\u00bb, a fait le d\u00e9placement pour aviser la situation. Caruso explique que son employ\u00e9e n\u2019a pas os\u00e9 d\u00e9crire l\u2019\u00e9tendue des d\u00e9g\u00e2ts en raison de \u00ab\u2009pressions\u2009\u00bb.<\/p>\n<blockquote class=\"ac-article-quote wall-content\">\n<p>Elle a eu un petit peu peur parce que juste avant, une des personnes qui travaille pour l\u2019organisation \u00e9tait venue la voir en lui disant que si jamais il y avait le moindre souci, elle faisait fermer le chalet.<\/p>\n<p>Stella Caruso<\/p><\/blockquote>\n<p class=\" wall-content\">La cheffe cuisini\u00e8re a, de plus, envoy\u00e9 des mails, que nous avons pu consulter, \u00e0 Henri Chauveau, directeur g\u00e9n\u00e9ral de 2A Organisation, mentionnant les d\u00e9g\u00e2ts et dans lesquels elle demande r\u00e9paration.<\/p>\n<p>    <a href=\"https:\/\/www.facebook.com\/plugins\/post.php?href=https%3A%2F%2Fwww.facebook.com%2Fpermalink.php%3Fstory_fbid%3Dpfbid0qffzqacsSJ7SEnJFtC1e7MgSAiZGu2BNeT1iUhCCjc1S1QktCQXryJrTf5jwmHnil%26id%3D100007706958137&amp;show_text=true&amp;width=350\" title=\"Ouvrie le lien\" target=\"_blank\" rel=\"noopener\">Cliquez ici pour visualiser le contenu<\/a><\/p>\n<p class=\" wall-content\">Contact\u00e9e par\u00a0actu Nantes, 2A Organisation r\u00e9fute tout en bloc : \u00ab\u2009Notre r\u00e9gisseur, qui \u00e9tait sur place, n\u2019a jamais eu cette information de la part de la vendeuse\u2009\u00bb, affirme l\u2019organisateur du<a href=\"https:\/\/actu.fr\/pays-de-la-loire\/nantes_44109\/marche-de-noel-et-l-autre-marche-a-nantes-on-connait-leur-dates-d-ouverture_63393708.html\" target=\"_blank\" rel=\"noopener\"> plus grand march\u00e9 de No\u00ebl de l\u2019ouest.<\/a> \u00ab\u2009\u00c0 partir du moment o\u00f9 la vendeuse fait appel au r\u00e9gisseur pour des choses \u00e0 r\u00e9parer dans le chalet, <b>notre r\u00e9gisseur s\u2019est toujours tenu \u00e0 sa disposition<\/b>.\u2009\u00bb<\/p>\n<blockquote class=\"ac-article-quote wall-content\">\n<p>Elle (Stella Caruso N.D.L.R.) a parl\u00e9 de d\u00e9g\u00e2ts d\u2019eau dans son chalet mais elle n\u2019\u00e9tait pas pr\u00e9sente sur les lieux pour constater vraiment ce qui s\u2019\u00e9tait pass\u00e9. Sa vendeuse sur place ne nous en a jamais fait part.<\/p>\n<p>2A Organisation<\/p><\/blockquote>\n<p>Votre r\u00e9gion, votre actu !<\/p>\n<p>Recevez chaque jour les infos qui comptent pour vous.<\/p>\n<p>\t<a href=\"https:\/\/actu.fr\/newsletter\" class=\"ac-btn ac-btn--corner ac-btn--medium ac-btn--blue800\" target=\"_blank\" rel=\"noopener\">S&rsquo;incrire<\/a><\/p>\n<p class=\" wall-content\">Sur le march\u00e9 de No\u00ebl, <b>d\u2019autres commer\u00e7ants <\/b>nous ont indiqu\u00e9 avoir eu des infiltrations d\u2019eau. Si l\u2019un nous a assur\u00e9 avoir eu de l\u2019aide rapidement de la part de 2A Organisation et s\u2019estime satisfait, une autre a seulement une <b>b\u00e2che install\u00e9e sur le c\u00f4t\u00e9 <\/b>de son chalet.<\/p>\n<p>Deux chalets ferm\u00e9s<\/p>\n<p class=\" wall-content\">Samedi 13\u00a0d\u00e9cembre, le<b> chalet que tient Stella Caruso \u00e0 Nantes a \u00e9t\u00e9 ferm\u00e9<\/b> par 2A Organisation : \u00ab\u2009Ils m\u2019ont ferm\u00e9 mon chalet parce que je refuse de payer le reste qui est d\u00fb, puisque le chalet est insalubre, le chalet a pris l\u2019eau, j\u2019ai perdu de la marchandise, l\u2019enseigne est tomb\u00e9e\u2026 Donc je leur ai dit que c\u2019\u00e9tait hors de question que je continue dans ces conditions-l\u00e0.\u2009\u00bb<\/p>\n<p class=\" wall-content\">Celui qu\u2019elle tient sur Paris, au march\u00e9 de la D\u00e9fense, et qu\u2019elle a pourtant<b> pay\u00e9 en int\u00e9gralit\u00e9<\/b> aussi, a aussi \u00e9t\u00e9 ferm\u00e9. La cheffe en est persuad\u00e9e\u2009: \u00ab\u2009Ils essaient d\u2019\u00e9touffer l\u2019affaire.\u2009\u00bb<\/p>\n<p class=\" wall-content\">Stella Caruso, qui ne cache pas son \u00e9nervement, <b>a port\u00e9 plainte<\/b> \u00e0 Paris et compte bien porter plainte aussi \u00e0 Nantes. \u00ab\u2009Je n\u2019ai pas que \u00e7a \u00e0 faire\u2009! J\u2019ai 25 march\u00e9s de No\u00ebl o\u00f9 \u00e7a se passe tr\u00e8s bien, sauf dans les trois tenus par cette organisation\u2009: <b>Boulogne-Billancourt, Paris La D\u00e9fense et Nantes<\/b>.\u2009\u00bb 2A Organisation justifie ces fermetures en raison \u00ab\u2009d\u2019un diff\u00e9rend commercial\u2009\u00bb\u2009:<\/p>\n<blockquote class=\"ac-article-quote wall-content\">\n<p>On n\u2019a pas ferm\u00e9 sans avertir la cliente. Cela fait partie du contrat. D\u00e8s lors que nous ne recevons pas le paiement, on exige une fermeture du chalet. On ne peut pas laisser une exposante ouvrir son chalet alors qu\u2019elle nous doit beaucoup d\u2019argent.<\/p>\n<p>2A Organisation<\/p><\/blockquote>\n<p class=\" wall-content\">La cheffe cuisini\u00e8re <b>esp\u00e8re pouvoir faire rouvrir les chalets <\/b>et r\u00e9cup\u00e9rer ce qui reste \u00e0 l\u2019int\u00e9rieur.<\/p>\n<p>    <img   decoding=\"async\" loading=\"lazy\" class=\"size-large\" src=\"https:\/\/www.europesays.com\/fr\/wp-content\/uploads\/2025\/12\/0c0e64f68d396301e64f68d39041e6v-960x640.jpg\" alt=\"Le chalet, en mauvais \u00e9tat, a laiss\u00e9 l'eau s'infiltrer \u00e0 l'int\u00e9rieur d\u00e9truisant la marchandise.\" width=\"960\" height=\"640\"\/><br \/>\n    Le chalet, en mauvais \u00e9tat, a laiss\u00e9 l\u2019eau s\u2019infiltrer \u00e0 l\u2019int\u00e9rieur d\u00e9truisant la marchandise. \u00a9Transmis \u00e0 actu Nantes<\/p>\n<p class=\" wall-content\">\u00ab\u2009Moi je me rel\u00e8verai\u2009\u00bb, souffle-t-elle. \u00ab\u2009Simplement, c\u2019est que j\u2019ai fait perdre des emplois \u00e0 mes salari\u00e9s, qui sont dans chaque chalet, et \u00e7a, c\u2019est inadmissible, parce qu\u2019eux, ils y sont pour rien. Ils ont des familles, ils sont l\u00e0 pour travailler et ils se retrouvent devant le fait accompli, avec un chalet ferm\u00e9, pas d\u2019explication, rien du tout.\u2009\u00bb<\/p>\n<p class=\" wall-content\">Personnalisez votre actualit\u00e9 en ajoutant vos villes et m\u00e9dias en favori avec <a href=\"https:\/\/moncompte.actu.fr\" title=\"D\u00e9couvez Mon Actu\" rel=\"nofollow noopener\" data-trk=\"{&quot;cta&quot;:{&quot;action&quot;:&quot;https:\\\/\\\/moncompte.actu.fr&quot;,&quot;category&quot;:&quot;mon compte&quot;,&quot;from&quot;:&quot;article footer&quot;,&quot;name&quot;:&quot;Mon actu&quot;,&quot;type&quot;:&quot;cta&quot;}}\" target=\"_blank\">Mon Actu<\/a>.<\/p>\n","protected":false},"excerpt":{"rendered":"Par Laure Gentil Publi\u00e9 le 17 d\u00e9c. 2025 \u00e0 17h55 Stella Caruso a d\u00fb voyager en catastrophe \u00e0&hellip;\n","protected":false},"author":2,"featured_media":605726,"comment_status":"","ping_status":"","sticky":false,"template":"","format":"standard","meta":{"footnotes":""},"categories":[2818],"tags":[1111,11,215,1777,674,1011,27,2089,766,12,15830,2636,25,104],"class_list":{"0":"post-605725","1":"post","2":"type-post","3":"status-publish","4":"format-standard","5":"has-post-thumbnail","7":"category-nantes","8":"tag-actu","9":"tag-actualites","10":"tag-commerce","11":"tag-eu","12":"tag-europe","13":"tag-fr","14":"tag-france","15":"tag-marche","16":"tag-nantes","17":"tag-news","18":"tag-noel","19":"tag-pays-de-la-loire","20":"tag-republique-francaise","21":"tag-societe"},"share_on_mastodon":{"url":"https:\/\/pubeurope.com\/@fr\/115736178659426075","error":""},"_links":{"self":[{"href":"https:\/\/www.europesays.com\/fr\/wp-json\/wp\/v2\/posts\/605725","targetHints":{"allow":["GET"]}}],"collection":[{"href":"https:\/\/www.europesays.com\/fr\/wp-json\/wp\/v2\/posts"}],"about":[{"href":"https:\/\/www.europesays.com\/fr\/wp-json\/wp\/v2\/types\/post"}],"author":[{"embeddable":true,"href":"https:\/\/www.europesays.com\/fr\/wp-json\/wp\/v2\/users\/2"}],"replies":[{"embeddable":true,"href":"https:\/\/www.europesays.com\/fr\/wp-json\/wp\/v2\/comments?post=605725"}],"version-history":[{"count":0,"href":"https:\/\/www.europesays.com\/fr\/wp-json\/wp\/v2\/posts\/605725\/revisions"}],"wp:featuredmedia":[{"embeddable":true,"href":"https:\/\/www.europesays.com\/fr\/wp-json\/wp\/v2\/media\/605726"}],"wp:attachment":[{"href":"https:\/\/www.europesays.com\/fr\/wp-json\/wp\/v2\/media?parent=605725"}],"wp:term":[{"taxonomy":"category","embeddable":true,"href":"https:\/\/www.europesays.com\/fr\/wp-json\/wp\/v2\/categories?post=605725"},{"taxonomy":"post_tag","embeddable":true,"href":"https:\/\/www.europesays.com\/fr\/wp-json\/wp\/v2\/tags?post=605725"}],"curies":[{"name":"wp","href":"https:\/\/api.w.org\/{rel}","templated":true}]}}