{"id":605727,"date":"2025-12-17T17:51:12","date_gmt":"2025-12-17T17:51:12","guid":{"rendered":"https:\/\/www.europesays.com\/fr\/605727\/"},"modified":"2025-12-17T17:51:12","modified_gmt":"2025-12-17T17:51:12","slug":"cette-magnifique-exposition-immersive-dediee-a-van-gogh-debarque-a-nantes","status":"publish","type":"post","link":"https:\/\/www.europesays.com\/fr\/605727\/","title":{"rendered":"Cette magnifique exposition immersive d\u00e9di\u00e9e \u00e0 Van Gogh d\u00e9barque \u00e0 Nantes"},"content":{"rendered":"<p>Apr\u00e8s avoir \u00e9merveill\u00e9 plus de 10 millions de visiteurs dans le monde entier, <strong>Van Gogh : L\u2019Exp\u00e9rience Immersive<\/strong> d\u00e9barque pour la toute premi\u00e8re fois dans l\u2019Ouest, \u00e0 Nantes ! Big City t\u2019explique tout.<\/p>\n<p>Van Gogh : L\u2019Exp\u00e9rience Immersive, \u00e0 d\u00e9couvrir \u00e0 Nantes d\u00e8s le vendredi 19 d\u00e9cembre 2025<\/p>\n<blockquote class=\"instagram-media\" data-instgrm-permalink=\"https:\/\/www.instagram.com\/reel\/DSXnmteCFwP\/?utm_source=ig_embed&amp;utm_campaign=loading\" data-instgrm-version=\"14\" style=\"background:#FFF;border:0;border-radius:3px;margin: 1px;max-width:540px;min-width:326px;padding:0;width:99.375%;width:-webkit-calc(100% - 2px);width:calc(100% - 2px)\"\/>\n<p><strong>D\u00e8s le 19 d\u00e9cembre 2025,<\/strong> tu vas pouvoir plonger dans l\u2019univers vibrant et hypnotisant de Vincent Van Gogh avec cette exposition in\u00e9dite \u00e0 Nantes !<\/p>\n<p>Sur plus de 2800m2, profite de projections monumentales \u00e0 360\u00b0, d\u2019oeuvres immersives, de reproductions et m\u00eame de r\u00e9alit\u00e9 virtuelle, le tout dans une ambiance sonore immersive.<\/p>\n<p>Une expo sensorielle qui te propulse au c\u0153ur des chefs-d\u2019\u0153uvre du c\u00e9l\u00e8bre peintre !<\/p>\n<p><script async src=\"\/\/www.instagram.com\/embed.js\"><\/script><\/p>\n","protected":false},"excerpt":{"rendered":"Apr\u00e8s avoir \u00e9merveill\u00e9 plus de 10 millions de visiteurs dans le monde entier, Van Gogh : L\u2019Exp\u00e9rience Immersive&hellip;\n","protected":false},"author":2,"featured_media":605728,"comment_status":"","ping_status":"","sticky":false,"template":"","format":"standard","meta":{"footnotes":""},"categories":[2818],"tags":[1111,11,1777,674,1011,27,766,12,2636,25],"class_list":{"0":"post-605727","1":"post","2":"type-post","3":"status-publish","4":"format-standard","5":"has-post-thumbnail","7":"category-nantes","8":"tag-actu","9":"tag-actualites","10":"tag-eu","11":"tag-europe","12":"tag-fr","13":"tag-france","14":"tag-nantes","15":"tag-news","16":"tag-pays-de-la-loire","17":"tag-republique-francaise"},"share_on_mastodon":{"url":"https:\/\/pubeurope.com\/@fr\/115736181801600782","error":""},"_links":{"self":[{"href":"https:\/\/www.europesays.com\/fr\/wp-json\/wp\/v2\/posts\/605727","targetHints":{"allow":["GET"]}}],"collection":[{"href":"https:\/\/www.europesays.com\/fr\/wp-json\/wp\/v2\/posts"}],"about":[{"href":"https:\/\/www.europesays.com\/fr\/wp-json\/wp\/v2\/types\/post"}],"author":[{"embeddable":true,"href":"https:\/\/www.europesays.com\/fr\/wp-json\/wp\/v2\/users\/2"}],"replies":[{"embeddable":true,"href":"https:\/\/www.europesays.com\/fr\/wp-json\/wp\/v2\/comments?post=605727"}],"version-history":[{"count":0,"href":"https:\/\/www.europesays.com\/fr\/wp-json\/wp\/v2\/posts\/605727\/revisions"}],"wp:featuredmedia":[{"embeddable":true,"href":"https:\/\/www.europesays.com\/fr\/wp-json\/wp\/v2\/media\/605728"}],"wp:attachment":[{"href":"https:\/\/www.europesays.com\/fr\/wp-json\/wp\/v2\/media?parent=605727"}],"wp:term":[{"taxonomy":"category","embeddable":true,"href":"https:\/\/www.europesays.com\/fr\/wp-json\/wp\/v2\/categories?post=605727"},{"taxonomy":"post_tag","embeddable":true,"href":"https:\/\/www.europesays.com\/fr\/wp-json\/wp\/v2\/tags?post=605727"}],"curies":[{"name":"wp","href":"https:\/\/api.w.org\/{rel}","templated":true}]}}