{"id":605729,"date":"2025-12-17T17:52:11","date_gmt":"2025-12-17T17:52:11","guid":{"rendered":"https:\/\/www.europesays.com\/fr\/605729\/"},"modified":"2025-12-17T17:52:11","modified_gmt":"2025-12-17T17:52:11","slug":"noel-ce-sont-35-millions-de-colis-expedies-en-deux-mois","status":"publish","type":"post","link":"https:\/\/www.europesays.com\/fr\/605729\/","title":{"rendered":"\u00ab\u00a0No\u00ebl, ce sont 3,5\u00a0millions de colis exp\u00e9di\u00e9s en deux mois\u00a0\u00bb"},"content":{"rendered":"<p class=\"interview-question\">No\u00ebl, est-ce vraiment la p\u00e9riode la plus cruciale de l\u2019ann\u00e9e pour <a href=\"https:\/\/www.sudouest.fr\/lachainetv7\/economie\/l-hebdo-eco\/videos\/2023\/11\/23\/qp8spq3\" target=\"_blank\" rel=\"follow noopener\">Cdiscount<\/a>\u00a0?<\/p>\n<p class=\"interview-answer\">La fin d\u2019ann\u00e9e, c\u2019est effectivement la p\u00e9riode la plus dense chez Cdiscount. Mais on s\u2019y pr\u00e9pare d\u00e8s le printemps qui pr\u00e9c\u00e8de.<\/p>\n<p class=\"interview-question\">Pourquoi si t\u00f4t\u00a0?<\/p>\n<p class=\"interview-answer\">On note d\u00e8s l\u2019\u00e9t\u00e9 des recherches sur Internet concernant les cadeaux, les salons des jouets ont lieu en septembre\u2026 Bref, les Fran\u00e7ais anticipent beaucoup et de plus en plus les achats de No\u00ebl. De fait, nous finalisons les achats durant la p\u00e9riode estivale, nous constituons les stocks des produits. L\u2019objectif, c\u2019est de nous fournir dans les produits qui seront les plus recherch\u00e9s, les plus tendances, ceux qui figureront majoritairement sur les listes de No\u00ebl afin que les clients puissent tous les trouver sur notre site\u2026 Et moins chers, nous y veillons.<\/p>\n<p class=\"interview-question\">\u00c7a, c\u2019est l\u2019objectif. Mais en termes de volumes, de logistique, d\u2019emplois&#8230;<\/p>\n<p class=\"interview-answer\">Ce sont plus de 1\u00a0000\u00a0personnes dans nos entrep\u00f4ts chaque jour, environ 120\u00a0000 colis trait\u00e9s quotidiennement et un fonctionnement en 3X8\u00a0sept jours sur sept. La p\u00e9riode des achats de No\u00ebl repr\u00e9sente environ 3,5\u00a0millions de colis exp\u00e9di\u00e9s en deux mois. C\u2019est un challenge \u00e0 relever chaque ann\u00e9e sachant qu\u2019au total, en moyenne sur une ann\u00e9e, nous exp\u00e9dions 14\u00a0millions de colis\u00a0!<\/p>\n<p class=\"interview-question\">Vous garantissez l\u2019arriv\u00e9e au pied du sapin le 24\u00a0d\u00e9cembre au soir jusqu\u2019\u00e0 quelle limite en terme calendaire\u00a0?<\/p>\n<p class=\"interview-answer\">Nous pouvons livrer le 24 en France si la commande est pass\u00e9e jusqu\u2019au 22\u00a0d\u00e9cembre. Pour les Bordelais, comme nous sommes sur place, la limite de commande est report\u00e9e au 23\u00a0d\u00e9cembre, 15\u00a0heures\u2026<\/p>\n<blockquote><p>\u201cLe Black Friday, c\u2019est le vrai d\u00e9marrage des achats de No\u00ebl\u00a0\u00bb<\/p><\/blockquote>\n<p class=\"interview-question\">Quelles sont, pour l\u2019instant, les plus belles ventes de ce No\u00ebl\u00a0?<\/p>\n<p class=\"interview-answer\">Les \u00e9couteurs de la marque \u00e0 la pomme continuent de beaucoup attirer. Tendances aussi, les appareils de cuisson sans huile, les air fryers, les jeux de soci\u00e9t\u00e9 pour enfants et adultes\u2026 Lego reste un \u00e9norme march\u00e9\u00a0: entre novembre et d\u00e9cembre, nous en sortons 134\u00a0000\u00a0bo\u00eetes de nos entrep\u00f4ts Cdiscount.<\/p>\n<p class=\"interview-question\">L\u2019op\u00e9ration de soldes baptis\u00e9e Black Friday, qui d\u00e9marrait le 28\u00a0novembre, p\u00e8se lourd dans les achats.<\/p>\n<p class=\"interview-answer\">Elle p\u00e8se tr\u00e8s lourd dans notre activit\u00e9 et notre organisation, car le Black Friday, c\u2019est le vrai d\u00e9marrage des achats de No\u00ebl pour beaucoup de clients. Ce week-end-l\u00e0, cette ann\u00e9e, on a eu 20\u00a0millions de clients sur le site. C\u2019est quasiment le trafic moyen d\u2019un mois entier en g\u00e9n\u00e9ral. Le jour du Black Friday, nous avons exp\u00e9di\u00e9 140\u00a0000 commandes. Le lendemain c\u2019\u00e9tait 120\u00a0000\u2026<\/p>\n<p class=\"interview-question\">Avec quels logisticiens travaillez-vous\u00a0?<\/p>\n<p class=\"interview-answer\">\u00c0 peu pr\u00e8s tout le monde. La Poste, DHL, DPD, et nous travaillons aussi avec le r\u00e9seau Mondial Relay. Nos deux principaux partenaires sont La Poste, via Colissimo et Chronopost, et Mondial Relay.<\/p>\n<p class=\"interview-question\">Y a-t-il un trou d\u2019air d\u2019activit\u00e9 pour Cdiscount apr\u00e8s No\u00ebl\u00a0?<\/p>\n","protected":false},"excerpt":{"rendered":"No\u00ebl, est-ce vraiment la p\u00e9riode la plus cruciale de l\u2019ann\u00e9e pour Cdiscount\u00a0? La fin d\u2019ann\u00e9e, c\u2019est effectivement la&hellip;\n","protected":false},"author":2,"featured_media":605730,"comment_status":"","ping_status":"","sticky":false,"template":"","format":"standard","meta":{"footnotes":""},"categories":[2817],"tags":[1111,11,1997,1777,674,1011,27,12,2219,25],"class_list":{"0":"post-605729","1":"post","2":"type-post","3":"status-publish","4":"format-standard","5":"has-post-thumbnail","7":"category-bordeaux","8":"tag-actu","9":"tag-actualites","10":"tag-bordeaux","11":"tag-eu","12":"tag-europe","13":"tag-fr","14":"tag-france","15":"tag-news","16":"tag-nouvelle-aquitaine","17":"tag-republique-francaise"},"share_on_mastodon":{"url":"https:\/\/pubeurope.com\/@fr\/115736185699300590","error":""},"_links":{"self":[{"href":"https:\/\/www.europesays.com\/fr\/wp-json\/wp\/v2\/posts\/605729","targetHints":{"allow":["GET"]}}],"collection":[{"href":"https:\/\/www.europesays.com\/fr\/wp-json\/wp\/v2\/posts"}],"about":[{"href":"https:\/\/www.europesays.com\/fr\/wp-json\/wp\/v2\/types\/post"}],"author":[{"embeddable":true,"href":"https:\/\/www.europesays.com\/fr\/wp-json\/wp\/v2\/users\/2"}],"replies":[{"embeddable":true,"href":"https:\/\/www.europesays.com\/fr\/wp-json\/wp\/v2\/comments?post=605729"}],"version-history":[{"count":0,"href":"https:\/\/www.europesays.com\/fr\/wp-json\/wp\/v2\/posts\/605729\/revisions"}],"wp:featuredmedia":[{"embeddable":true,"href":"https:\/\/www.europesays.com\/fr\/wp-json\/wp\/v2\/media\/605730"}],"wp:attachment":[{"href":"https:\/\/www.europesays.com\/fr\/wp-json\/wp\/v2\/media?parent=605729"}],"wp:term":[{"taxonomy":"category","embeddable":true,"href":"https:\/\/www.europesays.com\/fr\/wp-json\/wp\/v2\/categories?post=605729"},{"taxonomy":"post_tag","embeddable":true,"href":"https:\/\/www.europesays.com\/fr\/wp-json\/wp\/v2\/tags?post=605729"}],"curies":[{"name":"wp","href":"https:\/\/api.w.org\/{rel}","templated":true}]}}