{"id":605733,"date":"2025-12-17T17:54:18","date_gmt":"2025-12-17T17:54:18","guid":{"rendered":"https:\/\/www.europesays.com\/fr\/605733\/"},"modified":"2025-12-17T17:54:18","modified_gmt":"2025-12-17T17:54:18","slug":"que-faire-pendant-les-vacances-de-noel-a-toulouse-voici-12-idees-de-sorties","status":"publish","type":"post","link":"https:\/\/www.europesays.com\/fr\/605733\/","title":{"rendered":"Que faire pendant les vacances de No\u00ebl \u00e0 Toulouse ? Voici 12 id\u00e9es de sorties"},"content":{"rendered":"<p>                    Par<br \/>\n        <strong><br \/>\n            <a href=\"https:\/\/actu.fr\/auteur\/gabriel-kenedi\" title=\"Consulter tous les articles de Gabriel Kenedi\" target=\"_blank\" rel=\"noopener\">Gabriel Kenedi<\/a><br \/>\n                    <\/strong><\/p>\n<p>        Publi\u00e9 le<\/p>\n<p>            17 d\u00e9c. 2025 \u00e0 18h46        <\/p>\n<p>Des <strong>march\u00e9s de No\u00ebl<\/strong>, un <strong>spectacle d\u2019aurores bor\u00e9ales<\/strong>, du cirque, des machines, du <strong>vin chaud<\/strong>, des expos, un <strong>mus\u00e9e<\/strong> qui rouvre apr\u00e8s sept ans d\u2019absence\u2026 Il y a de quoi faire pendant les vacances, \u00e0 <strong>Toulouse<\/strong>. Voici <a href=\"https:\/\/actu.fr\/toulouse\/loisirs-culture\" target=\"_blank\" rel=\"noopener\">une s\u00e9lection riche et vari\u00e9e<\/a> de <strong>sorties<\/strong> \u00e0 faire du samedi 20 d\u00e9cembre au dimanche 5 janvier 2026.\u00a0<\/p>\n<p>#1. Des parades de No\u00ebl au centre-ville<br \/>\n    <img   decoding=\"async\" loading=\"lazy\" src=\"https:\/\/www.europesays.com\/fr\/wp-content\/uploads\/2025\/12\/foule-nuit-toulouse-decembre-2025-gk-960x640.jpeg\" alt=\"Des parades de No\u00ebl vont avoir lieu en ville, samedi 20 d\u00e9cembre 2025. \" width=\"960\" height=\"640\"\/><br \/>\n    Des parades de No\u00ebl vont avoir lieu en ville, samedi 20 d\u00e9cembre 2025. (\u00a9Gabriel Kenedi \/ actu Toulouse)<\/p>\n<p class=\" wall-content\">Pour f\u00eater le d\u00e9but des vacances, samedi 20 d\u00e9cembre, venez d\u00e9ambuler <strong>au c\u0153ur du centre-ville<\/strong> pour assister \u00e0 trois <strong>parades f\u00e9\u00e9riques<\/strong> !<\/p>\n<p class=\" wall-content\">D\u00e8s 17h30, la magie s\u2019invite <strong>place Saint-Georges<\/strong> avec la premi\u00e8re parade \u00ab\u00a0No\u00ebl Vert\u00a0\u00bb : le P\u00e8re No\u00ebl et ses trois lutins entra\u00eenent petits et grands dans une joyeuse d\u00e9ambulation musicale, accompagn\u00e9e d\u2019une chorale festive et d\u2019une distribution de sucre d\u2019orge. \u00c0 18h, direction la<strong> rue de Metz<\/strong> pour la deuxi\u00e8me parade \u00ab\u00a0Lunarium\u00a0\u00bb, un spectacle a\u00e9rien et acrobatique o\u00f9 une lune scintillante prend vie sous vos yeux.<\/p>\n<p class=\" wall-content\">Puis, \u00e0 18h15, <strong>place Saint-Sernin<\/strong>, laissez-vous embarquer par la troisi\u00e8me parade \u00ab\u00a0Don QuichOote ans Los Otres\u00a0\u00bb : un h\u00e9ros un brin r\u00eaveur, juch\u00e9 sur sa monture de m\u00e9tal, m\u00e8ne sa qu\u00eate entour\u00e9 de ses ins\u00e9parables assistants Jorge et Jorge, pour votre plus grand plaisir.<\/p>\n<p class=\" wall-content\">Et pour couronner la soir\u00e9e, de 18h \u00e0 22h, le <strong>port de la Daurade<\/strong> s\u2019illumine d\u2019une incroyable aurore bor\u00e9ale gr\u00e2ce au Laser Art Show, un spectacle lumineux \u00e0 couper le souffle.<\/p>\n<p>Le 20 d\u00e9cembre. Gratuit<\/p>\n<p>Votre r\u00e9gion, votre actu !<\/p>\n<p>Recevez chaque jour les infos qui comptent pour vous.<\/p>\n<p>\t<a href=\"https:\/\/actu.fr\/newsletter\" class=\"ac-btn ac-btn--corner ac-btn--medium ac-btn--blue800\" target=\"_blank\" rel=\"noopener\">S&rsquo;incrire<\/a><br \/>\n#3. Les march\u00e9s de No\u00ebl\u00a0<br \/>\n    <img   decoding=\"async\" loading=\"lazy\" src=\"https:\/\/www.europesays.com\/fr\/wp-content\/uploads\/2025\/12\/img-8521-960x640.jpeg\" alt=\"Lasa\" width=\"960\" height=\"640\"\/><br \/>\n    Les march\u00e9s de No\u00ebl sont ouverts pendant une partie des vacances, \u00e0 Toulouse. (\u00a9Mar\u00e9va Laville \/ Actu Toulouse)<\/p>\n<p class=\" wall-content\">Les <strong>march\u00e9s de No\u00ebl<\/strong>, c\u2019est au centre-ville que \u00e7a se passe. Celui de la place du Capitole (avec sa patinoire) est ouvert jusqu\u2019au 28 d\u00e9cembre. Il y a de quoi faire avec 94 chalets qui vous attendent !<\/p>\n<p class=\" wall-content\">De l\u2019autre c\u00f4t\u00e9 de la place du Capitole, square de Gaulle, le village enchant\u00e9 de No\u00ebl, d\u00e9di\u00e9 aux enfants et aux familles, est lui aussi ouvert jusqu\u2019au 28 d\u00e9cembre. Sur les Ramblas, c\u2019est un march\u00e9 enti\u00e8rement d\u00e9di\u00e9 aux cr\u00e9ateurs et artisans locaux qui est \u00e0 d\u00e9couvrir jusqu\u2019au mardi 24 d\u00e9cembre. All\u00e9e Jules-Guesde, c\u2019est un march\u00e9 artisanal et solidaire qui prend place jusqu\u2019au 21 d\u00e9cembre.<\/p>\n<p>#4. Le No\u00ebl d\u2019Ast\u00e9rion\u2026 et de Long Ma !<br \/>\n    <img   decoding=\"async\" loading=\"lazy\" src=\"https:\/\/www.europesays.com\/fr\/wp-content\/uploads\/2025\/12\/3-dsc-5741-c-didier-theau-960x640.jpg\" alt=\"Long Ma vit ses derniers instants \u00e0 La Halle de la Machine !\" width=\"960\" height=\"640\"\/><br \/>\n    Long Ma vit ses derniers instants \u00e0 La Halle de la Machine ! (\u00a9Didier Th\u00e9au \/ Halle de La Machine)<\/p>\n<p class=\" wall-content\">Cette ann\u00e9e, la jument-dragonne Long Ma s\u2019impose comme la v\u00e9ritable star de No\u00ebl \u00e0 la <strong>Halle de La Machine<\/strong>. Majestueuse et magn\u00e9tique, elle attire tous les regards d\u00e8s qu\u2019elle appara\u00eet, illuminant la Halle de son souffle incandescent et de ses mouvements d\u2019une finesse surprenante. Elle offre ses derniers instants de gr\u00e2ce \u00e0 la Halle avant de s\u2019envoler vers de nouvelles aventures le 4 janvier. Elle s\u2019\u00e9veillera plusieurs fois par jour au c\u0153ur de la Halle tandis qu\u2019Ast\u00e9rion, bravant la neige et le froid, parcourra La Piste des g\u00e9ants, embarquant sur son dos les voyageurs. La Halle propose \u00e9galement durant cette p\u00e9riode son formidable D\u00e9jeuner des Petites M\u00e9caniques sp\u00e9cial No\u00ebl (75\u20ac).<\/p>\n<p>\u00c0 La Halle de La Machine, du 20 d\u00e9cembre au 4 janvier.<\/p>\n<p>#5. Le mus\u00e9e des Augustins rouvre<br \/>\n    <img   decoding=\"async\" loading=\"lazy\" src=\"https:\/\/www.europesays.com\/fr\/wp-content\/uploads\/2025\/12\/musee-augustins-credit-mareva-laville-toulouse-960x640.jpeg\" alt=\"Le mus\u00e9e des Augustins vient de rouvrir.\" width=\"960\" height=\"640\"\/><br \/>\n    Le mus\u00e9e des Augustins vient de rouvrir. (\u00a9Mar\u00e9va Laville \/ Actu Toulouse)<\/p>\n<p class=\" wall-content\">Et si vous red\u00e9couvriez un lieu embl\u00e9matique ? \u00c0 partir du vendredi 19 d\u00e9cembre, le public est invit\u00e9 \u00e0 d\u00e9couvrir un <strong>mus\u00e9e des Augustins transform\u00e9<\/strong> apr\u00e8s plus de six ans de fermeture. \u00ab\u00a0Acc\u00e8s et circulations offrant de meilleures conditions d\u2019accueil aux visiteurs, refonte du parcours de visite des collections, nouvelle sc\u00e9nographie\u2026 le mus\u00e9e et ses usages ont \u00e9t\u00e9 repens\u00e9s dans leur globalit\u00e9\u00a0\u00bb, assure la direction du mus\u00e9e.\u00a0<\/p>\n<p>Infos sur <a href=\"http:\/\/augustins.toulouse.fr\" target=\"_blank\" rel=\"noopener\">le site du mus\u00e9e des Augustins<\/a>#6. No\u00ebl \u00e0 l\u2019Envol des Pionniers<br \/>\n    <img   decoding=\"async\" loading=\"lazy\" src=\"https:\/\/www.europesays.com\/fr\/wp-content\/uploads\/2025\/12\/1-vue-densemble-lenvol-des-pionniers-a-toulouse-c-pierre-carton-lenvol-des-pionniers-960x640.jpg\" alt=\"L'Envol des Pionniers inaugure 2025 avec une exposition consacr\u00e9e \u00e0 Air France. \" width=\"960\" height=\"640\"\/><br \/>\n    L\u2019Envol des Pionniers ouvre ses portes gratuitement ! (\u00a9Pierre Carton \u2013 L\u2019Envol des Pionniers)<\/p>\n<p class=\" wall-content\"><strong>L\u2019Envol des Pionniers<\/strong>, le mus\u00e9e qui vous embarque dans l\u2019aventure de l\u2019A\u00e9ropostale, donne rendez-vous aux visiteurs pour une journ\u00e9e gratuite plac\u00e9e sous le signe de la magie de No\u00ebl. Le dimanche 21 d\u00e9cembre 2025, de 10h00 \u00e0 18h00, avec une programmation pens\u00e9e pour le jeune public : spectacle musical de No\u00ebl, ateliers cr\u00e9atifs pour les enfants, rencontres immersives et d\u00e9couverte des expositions.\u00a0<\/p>\n<p>Plus d\u2019infos <a href=\"https:\/\/www.lenvol-des-pionniers.com\/\" target=\"_blank\" rel=\"noopener\">sur le site de l\u2019Envol des Pionniers<\/a>.#7. March\u00e9 de No\u00ebl des Halles de la Cartoucherie\u00a0<br \/>\n    <img   decoding=\"async\" loading=\"lazy\" src=\"https:\/\/www.europesays.com\/fr\/wp-content\/uploads\/2025\/12\/halles-cartoucherie-toulouse-exterieur-960x640.jpg\" alt=\"Les Halles de la Cartoucherie re\u00e7oivent la deuxi\u00e8me \u00e9dition des \" width=\"960\" height=\"640\"\/><br \/>\n    Les Halles de la Cartoucherie organisent leur propre march\u00e9 de No\u00ebl. (\u00a9Gabriel Kenedi \/ Actu Toulouse)<\/p>\n<p class=\" wall-content\">Les <strong>Halles de la Cartoucherie<\/strong> invitent cr\u00e9ateurs, artisans &amp; producteurs locaux pour un grand march\u00e9 de No\u00ebl mettant \u00e0 l\u2019honneur les talents de notre r\u00e9gion ! Retrouvez des <strong>id\u00e9es-cadeaux 100% locales<\/strong> : bijoux artisanaux, textile fait main, c\u00e9ramiques, gourmandises du terroir\u2026<\/p>\n<p>Les 20 et 21 d\u00e9cembre, toute la journ\u00e9e<\/p>\n<p>#8. Cirque de No\u00ebl\u00a0<br \/>\n    <img   decoding=\"async\" loading=\"lazy\" src=\"https:\/\/www.europesays.com\/fr\/wp-content\/uploads\/2025\/12\/cirque-noel-960x640.jpeg\" alt=\"Le cirque de No\u00ebl de Toulouse, c'est du grand spectacle ! \" width=\"960\" height=\"640\"\/><br \/>\n    Le cirque de No\u00ebl de Toulouse, c\u2019est du grand spectacle ! (\u00a9Gabriel Kenedi \/ actu Toulouse)<\/p>\n<p class=\" wall-content\">Ne manquez pas le <strong>Cirque de No\u00ebl<\/strong> de Toulouse, dont le spectacle a \u00e9t\u00e9 enti\u00e8rement renouvel\u00e9. Les artistes viennent du monde entier. Et il para\u00eet m\u00eame qu\u2019un h\u00e9licopt\u00e8re appara\u00eet sur la piste. Au programme, \u00e9galement ? Un num\u00e9ro rarissime de double trap\u00e8ze volant avec deux porteurs et six voltigeurs.<\/p>\n<p>A l\u2019Hippodrome de la C\u00e9pi\u00e8re. Plus d\u2019infos sur <a href=\"https:\/\/www.cirque-noel-toulouse.fr\/\" target=\"_blank\" rel=\"noopener\">le Cirque de No\u00ebl de Toulouse<\/a>#9. Cirque \u00e9questre<\/p>\n<p class=\" wall-content\">Chaque fin d\u2019ann\u00e9e, \u00ab\u00a0Place au chap\u2019\u00a0\u00bb transforme la Grainerie, situ\u00e9e \u00e0 <strong>Balma<\/strong>, pr\u00e8s de Toulouse, en terrain de jeu pour les arts du cirque. Depuis le 28 novembre 2025 et jusqu\u2019au 31 d\u00e9cembre 2025, l\u2019\u00e9v\u00e9nement accueille un invit\u00e9 rare : la compagnie \u00c9quinote, qui revient avec \u00ab Zusammen \u00bb, une r\u00e9jouissante cr\u00e9ation de<strong> cirque-th\u00e9\u00e2tre \u00e9questre<\/strong> m\u00ealant sept chevaux, six artistes\u2026 et deux chiens, \u00e9videmment d\u00e9cid\u00e9s \u00e0 ne pas rester en coulisses.<\/p>\n<p>#10. Expo Castelbajac<\/p>\n<p class=\" wall-content\">Ne manquez pas cette <strong>expo-\u00e9v\u00e9nement<\/strong> au mus\u00e9e des Abattoirs, qui donne carte blanche au c\u00e9l\u00e8bre cr\u00e9ateur de mode <strong>Jean-Charles de Castelbajac<\/strong>. Une expo in\u00e9dite qui rassemble pr\u00e8s de 300 \u0153uvres, v\u00eatements, objets de design, dessins, photographies, \u00ab\u00a0L\u2019Imagination au pouvoir\u00a0\u00bb est une invitation \u00e0 d\u00e9couvrir les multiples facettes d\u2019un artiste \u00e0 l\u2019inventivit\u00e9 sans limite.<\/p>\n<p>#11. Le Ch\u00e2teau d\u2019Eau a rouvert !\u00a0<\/p>\n<p class=\" wall-content\">Il a rouvert depuis la fin du mois de novembre ! <strong>L\u2019exposition<\/strong> inaugurale, consacr\u00e9e \u00e0 l\u2019\u0153uvre de Sophie Z\u00e9non et baptis\u00e9e <strong>\u00ab\u00a0L\u2019humus du monde\u00a0\u00bb<\/strong>, occupe ainsi les trois espaces du <strong>Ch\u00e2teau d\u2019Eau<\/strong> : les deux \u00e9tages de la tour, et la deuxi\u00e8me galerie. L\u2019artiste y propose une lecture de son \u0153uvre en s\u2019inspirant de l\u2019architecture si atypique du Ch\u00e2teau d\u2019Eau.<\/p>\n<p>#12. Un Plan\u00e9tarium pour les petits \u00e0 la Cit\u00e9 de l\u2019espace<\/p>\n<p class=\" wall-content\">Pendant les vacances, la <strong>Cit\u00e9 de l\u2019espace<\/strong> propose un spectacle sp\u00e9cialement pens\u00e9 pour les 4-7 ans. <strong>\u00ab\u00a0Mon premier Plan\u00e9tarium\u00a0\u00bb<\/strong> est une s\u00e9ance d\u00e9di\u00e9e aux plus jeunes et anim\u00e9e en direct pendant 25 minutes. Le spectacle permet une initiation ludique au ciel et \u00e0 l\u2019espace pour les tout-petits. En famille, explorez le ciel, la Lune et admirez les \u00e9toiles filantes !\u00a0<\/p>\n<p>S\u00e9ance quotidienne \u00e0 11h45. Infos sur <a href=\"http:\/\/www.cite-espace.com\/\" target=\"_blank\" rel=\"noopener\">le site de la Cit\u00e9 de l\u2019espace<\/a><\/p>\n<p class=\" wall-content\">Personnalisez votre actualit\u00e9 en ajoutant vos villes et m\u00e9dias en favori avec <a href=\"https:\/\/moncompte.actu.fr\" title=\"D\u00e9couvez Mon Actu\" rel=\"nofollow noopener\" data-trk=\"{&quot;cta&quot;:{&quot;action&quot;:&quot;https:\\\/\\\/moncompte.actu.fr&quot;,&quot;category&quot;:&quot;mon compte&quot;,&quot;from&quot;:&quot;article footer&quot;,&quot;name&quot;:&quot;Mon actu&quot;,&quot;type&quot;:&quot;cta&quot;}}\" target=\"_blank\">Mon Actu<\/a>.<\/p>\n","protected":false},"excerpt":{"rendered":"Par Gabriel Kenedi Publi\u00e9 le 17 d\u00e9c. 2025 \u00e0 18h46 Des march\u00e9s de No\u00ebl, un spectacle d\u2019aurores bor\u00e9ales,&hellip;\n","protected":false},"author":2,"featured_media":605734,"comment_status":"","ping_status":"","sticky":false,"template":"","format":"standard","meta":{"footnotes":""},"categories":[2816],"tags":[1111,11,1777,674,1011,27,1652,12,15830,2680,25,1341,2312,3176],"class_list":{"0":"post-605733","1":"post","2":"type-post","3":"status-publish","4":"format-standard","5":"has-post-thumbnail","7":"category-toulouse","8":"tag-actu","9":"tag-actualites","10":"tag-eu","11":"tag-europe","12":"tag-fr","13":"tag-france","14":"tag-loisirs-culture","15":"tag-news","16":"tag-noel","17":"tag-occitanie","18":"tag-republique-francaise","19":"tag-sortir-a-toulouse","20":"tag-toulouse","21":"tag-vacances-scolaires"},"share_on_mastodon":{"url":"https:\/\/pubeurope.com\/@fr\/115736194443186132","error":""},"_links":{"self":[{"href":"https:\/\/www.europesays.com\/fr\/wp-json\/wp\/v2\/posts\/605733","targetHints":{"allow":["GET"]}}],"collection":[{"href":"https:\/\/www.europesays.com\/fr\/wp-json\/wp\/v2\/posts"}],"about":[{"href":"https:\/\/www.europesays.com\/fr\/wp-json\/wp\/v2\/types\/post"}],"author":[{"embeddable":true,"href":"https:\/\/www.europesays.com\/fr\/wp-json\/wp\/v2\/users\/2"}],"replies":[{"embeddable":true,"href":"https:\/\/www.europesays.com\/fr\/wp-json\/wp\/v2\/comments?post=605733"}],"version-history":[{"count":0,"href":"https:\/\/www.europesays.com\/fr\/wp-json\/wp\/v2\/posts\/605733\/revisions"}],"wp:featuredmedia":[{"embeddable":true,"href":"https:\/\/www.europesays.com\/fr\/wp-json\/wp\/v2\/media\/605734"}],"wp:attachment":[{"href":"https:\/\/www.europesays.com\/fr\/wp-json\/wp\/v2\/media?parent=605733"}],"wp:term":[{"taxonomy":"category","embeddable":true,"href":"https:\/\/www.europesays.com\/fr\/wp-json\/wp\/v2\/categories?post=605733"},{"taxonomy":"post_tag","embeddable":true,"href":"https:\/\/www.europesays.com\/fr\/wp-json\/wp\/v2\/tags?post=605733"}],"curies":[{"name":"wp","href":"https:\/\/api.w.org\/{rel}","templated":true}]}}