{"id":605735,"date":"2025-12-17T17:55:20","date_gmt":"2025-12-17T17:55:20","guid":{"rendered":"https:\/\/www.europesays.com\/fr\/605735\/"},"modified":"2025-12-17T17:55:20","modified_gmt":"2025-12-17T17:55:20","slug":"ligne-toulouse-auch-la-region-va-rembourser-deux-mois-dabonnement-suite-aux-degradations","status":"publish","type":"post","link":"https:\/\/www.europesays.com\/fr\/605735\/","title":{"rendered":"Ligne Toulouse-Auch\u00a0: la R\u00e9gion va rembourser deux mois d\u2019abonnement suite aux d\u00e9gradations"},"content":{"rendered":"<p>\n                                                                    l&rsquo;essentiel<br \/>\n                                                                Suite aux d\u00e9gradations observ\u00e9es durant l\u2019automne sur la ligne Toulouse-Auch, la r\u00e9gion Occitanie s\u2019engage \u00e0 rembourser deux mois d\u2019abonnement aux abonn\u00e9s 2025.\n                            <\/p>\n<p>C\u2019est un geste que\u00a0les usagers de la ligne Toulouse-Auch appr\u00e9cieront certainement\u00a0avant les f\u00eates. Il faut dire qu\u2019ils n\u2019ont pas \u00e9t\u00e9 \u00e9pargn\u00e9s ces derniers mois\u00a0par les difficult\u00e9s rencontr\u00e9es sur cet axe, la mobilisation des agriculteurs venant s\u2019ajouter r\u00e9cemment aux importantes d\u00e9gradations du r\u00e9seau au c\u0153ur de l\u2019automne.<\/p>\n<p>\u00ab\u00a0Actes de malveillance r\u00e9currents\u00a0\u00bb<\/p>\n<p>Ce sont plus de 580 trains qui ont ainsi \u00e9t\u00e9 supprim\u00e9s durant le seul mois de novembre, des suppressions dues en quasi-totalit\u00e9 aux infrastructures (d\u00e9faut d\u2019aiguillage \u00e0 L\u2019Isle-Jourdain et acte de malveillance sur un aiguillage \u00e0 Brax). \u00ab\u00a0On souffre d\u2019actes de malveillance r\u00e9currents, tr\u00e8s impactants et tr\u00e8s p\u00e9nalisants\u00a0\u00bb, a notamment comment\u00e9 Catherine Trevet, directrice territoriale Occitanie \u00e0 la SNCF, dans le cadre du plan d\u2019urgence r\u00e9gional pr\u00e9sent\u00e9 ce mercredi 17\u00a0d\u00e9cembre, et r\u00e9clam\u00e9 \u00e0 Jean Castex par Carole Delga.<\/p>\n<p class=\"std-elt__inline\">\n        <strong>\u00c0 lire aussi :<\/strong><br \/>\n        <a href=\"https:\/\/www.ladepeche.fr\/2025\/11\/28\/je-veux-des-trains-a-lheure-pourquoi-carole-delga-va-faire-payer-dimportantes-penalites-a-la-sncf-13077262.php\" target=\"_blank\" rel=\"noopener\">\u00ab\u00a0Je veux des trains \u00e0 l\u2019heure\u00a0!\u00a0\u00bb Pourquoi Carole Delga va faire payer d\u2019importantes p\u00e9nalit\u00e9s \u00e0 la SNCF<\/a>\n    <\/p>\n<p>Face \u00e0 ces d\u00e9gradations, la pr\u00e9sidente de la R\u00e9gion avait indiqu\u00e9 lors de sa r\u00e9cente visite dans le Gers, fin novembre, qu\u2019elle appliquerait en fin d\u2019ann\u00e9e d\u2019importantes p\u00e9nalit\u00e9s \u00e0 la SNCF, destin\u00e9es \u00e0 d\u00e9dommager les voyageurs. Ce mercredi, la R\u00e9gion s\u2019est\u00a0engag\u00e9e \u00e0 rembourser deux mois d\u2019abonnement aux abonn\u00e9s 2025 de la ligne Toulouse-Auch, mais aussi \u00e0 ceux des lignes\u00a0Toulouse-Rodez, Toulouse-Foix, Toulouse-Tarbes et Toulouse-Narbonne. Les autres abonn\u00e9s r\u00e9gionaux b\u00e9n\u00e9ficieront d\u2019un mois d\u2019abonnement rembours\u00e9.<\/p>\n","protected":false},"excerpt":{"rendered":"l&rsquo;essentiel Suite aux d\u00e9gradations observ\u00e9es durant l\u2019automne sur la ligne Toulouse-Auch, la r\u00e9gion Occitanie s\u2019engage \u00e0 rembourser deux&hellip;\n","protected":false},"author":2,"featured_media":605736,"comment_status":"","ping_status":"","sticky":false,"template":"","format":"standard","meta":{"footnotes":""},"categories":[2816],"tags":[1111,11,16802,33,1777,674,1011,27,11328,12,2680,25,2312,800],"class_list":{"0":"post-605735","1":"post","2":"type-post","3":"status-publish","4":"format-standard","5":"has-post-thumbnail","7":"category-toulouse","8":"tag-actu","9":"tag-actualites","10":"tag-auch","11":"tag-economie","12":"tag-eu","13":"tag-europe","14":"tag-fr","15":"tag-france","16":"tag-gers","17":"tag-news","18":"tag-occitanie","19":"tag-republique-francaise","20":"tag-toulouse","21":"tag-transports"},"share_on_mastodon":{"url":"https:\/\/pubeurope.com\/@fr\/115736197376406965","error":""},"_links":{"self":[{"href":"https:\/\/www.europesays.com\/fr\/wp-json\/wp\/v2\/posts\/605735","targetHints":{"allow":["GET"]}}],"collection":[{"href":"https:\/\/www.europesays.com\/fr\/wp-json\/wp\/v2\/posts"}],"about":[{"href":"https:\/\/www.europesays.com\/fr\/wp-json\/wp\/v2\/types\/post"}],"author":[{"embeddable":true,"href":"https:\/\/www.europesays.com\/fr\/wp-json\/wp\/v2\/users\/2"}],"replies":[{"embeddable":true,"href":"https:\/\/www.europesays.com\/fr\/wp-json\/wp\/v2\/comments?post=605735"}],"version-history":[{"count":0,"href":"https:\/\/www.europesays.com\/fr\/wp-json\/wp\/v2\/posts\/605735\/revisions"}],"wp:featuredmedia":[{"embeddable":true,"href":"https:\/\/www.europesays.com\/fr\/wp-json\/wp\/v2\/media\/605736"}],"wp:attachment":[{"href":"https:\/\/www.europesays.com\/fr\/wp-json\/wp\/v2\/media?parent=605735"}],"wp:term":[{"taxonomy":"category","embeddable":true,"href":"https:\/\/www.europesays.com\/fr\/wp-json\/wp\/v2\/categories?post=605735"},{"taxonomy":"post_tag","embeddable":true,"href":"https:\/\/www.europesays.com\/fr\/wp-json\/wp\/v2\/tags?post=605735"}],"curies":[{"name":"wp","href":"https:\/\/api.w.org\/{rel}","templated":true}]}}