{"id":605737,"date":"2025-12-17T17:56:15","date_gmt":"2025-12-17T17:56:15","guid":{"rendered":"https:\/\/www.europesays.com\/fr\/605737\/"},"modified":"2025-12-17T17:56:15","modified_gmt":"2025-12-17T17:56:15","slug":"line-renaud-inaugure-a-lille-le-jardin-qui-porte-desormais-son-nom","status":"publish","type":"post","link":"https:\/\/www.europesays.com\/fr\/605737\/","title":{"rendered":"Line Renaud inaugure \u00e0 Lille le jardin qui porte d\u00e9sormais son nom"},"content":{"rendered":"<p>                    Par<br \/>\n        <strong><br \/>\n            <a href=\"https:\/\/actu.fr\/auteur\/margot-nicodeme\" title=\"Consulter tous les articles de Margot Nicod\u00e8me\" target=\"_blank\" rel=\"noopener\">Margot Nicod\u00e8me<\/a><br \/>\n                    <\/strong><\/p>\n<p>        Publi\u00e9 le<\/p>\n<p>            17 d\u00e9c. 2025 \u00e0 18h19        <\/p>\n<p>C\u2019\u00e9tait l\u2019\u00e9v\u00e9nement de la journ\u00e9e du 17 d\u00e9cembre 2025 :<b> Line Renaud<\/b>,<b> l\u2019actrice qui incarne l\u2019\u00e2me du Nord<\/b>, \u00e9tait \u00e0 <a href=\"https:\/\/actu.fr\/hauts-de-france\/lille_59350\" target=\"_blank\" rel=\"noopener\">Lille<\/a> l\u2019apr\u00e8s-midi, pour une inauguration qui marquera les esprits. L\u2019ancien maire <a href=\"https:\/\/actu.fr\/tag\/martine-aubry\" target=\"_blank\" rel=\"noopener\">Martine Aubry<\/a> l\u2019a invit\u00e9e \u00e0 d\u00e9couvrir <b>le jardin public qui porte d\u00e9sormais son nom<\/b>, rue Saint-Jacques. Il s\u2019agit <a href=\"https:\/\/actu.fr\/hauts-de-france\/lille_59350\/a-lille-l-ancien-rectorat-sera-bientot-transforme-en-parc_52578008.html\" target=\"_blank\" rel=\"noopener\">du site de l\u2019ancien rectorat<\/a>, qui a d\u00e9m\u00e9nag\u00e9 en 2019, et dont la transformation a d\u00e9but\u00e9 en 2022. Des \u00e9coliers ont notamment chant\u00e9 \u00e0 l\u2019actrice sa propre chanson, \u00ab\u00a0Mademoiselle from Armenti\u00e8res\u00a0\u00bb.<\/p>\n<p class=\" wall-content\">\n<p>\u00a0\u00ab\u00a0C\u2019est plus qu\u2019un honneur, c\u2019est un bonheur\u00a0\u00bb : les mots de Martine Aubry pour Line Renaud \u00e0 Lille<\/p>\n<p class=\" wall-content\">Line Renaud a \u00e9t\u00e9 accueillie sous les applaudissements d\u2019\u00e9lus locaux, de fans et de petits Lillois qui lui ont fait la surprise de s\u2019organiser en chorale. <b>Sur 6 000 m\u00b2, le parc est <a href=\"https:\/\/actu.fr\/hauts-de-france\/lille_59350\/a-lille-l-ancien-rectorat-sera-bientot-transforme-en-parc_52578008.html\" target=\"_blank\" rel=\"noopener\">nich\u00e9 dans Vieux-Lille<\/a><\/b>, et aura bient\u00f4t l\u2019allure d\u2019un \u00e9crin de verdure o\u00f9 se d\u00e9veloppera la biodiversit\u00e9.<\/p>\n<p>    <img   decoding=\"async\" loading=\"lazy\" class=\"size-large\" src=\"https:\/\/www.europesays.com\/fr\/wp-content\/uploads\/2025\/12\/9d53fafdd2496b163fafdd2499563fv-960x640.jpeg\" alt=\"Voici le jardin Line Renaud, fra\u00eechement inaugur\u00e9 dans le Vieux-Lille (Nord). Il deviendra bient\u00f4t verdoyant.\" width=\"960\" height=\"640\"\/><br \/>\n    Voici le jardin Line Renaud, fra\u00eechement inaugur\u00e9 dans le Vieux-Lille (Nord). Il deviendra bient\u00f4t verdoyant. \u00a9Margot Nicod\u00e8me<br \/>\n    <img   decoding=\"async\" loading=\"lazy\" class=\"size-large\" src=\"https:\/\/www.europesays.com\/fr\/wp-content\/uploads\/2025\/12\/688a0bfdd24967c8a0bfdd249209a0v-960x640.jpeg\" alt=\"Le jardin de 6 000 m\u00b2 est rue Saint-Jacques dans le Vieux-Lille.\" width=\"960\" height=\"640\"\/><br \/>\n    Le jardin de 6 000 m\u00b2 est rue Saint-Jacques dans le Vieux-Lille. \u00a9Margot Nicod\u00e8me<\/p>\n<p class=\" wall-content\">Pour l\u2019heure, les espaces terreux dominent, \u00e0 cause d\u2019un l\u00e9ger retard de livraison, conc\u00e8de Martine Aubry. Mais l\u2019ancien maire affirme, avec le sourire, qu\u2019elle tiendra Line Renaud au courant de l\u2019\u00e9volution des lieux, photos \u00e0 l\u2019appui.<\/p>\n<p>    <img   decoding=\"async\" loading=\"lazy\" class=\"size-large\" src=\"https:\/\/www.europesays.com\/fr\/wp-content\/uploads\/2025\/12\/e36cdafdd2496898fdafdd249cd8fdv-960x640.jpeg\" alt=\"Line Renaud, 97 ans, est l'incarnation m\u00eame de \" l=\"\" des=\"\" gens=\"\" de=\"\" la=\"\" joie=\"\" et=\"\" bien=\"\" s=\"\" du=\"\" nord=\"\" selon=\"\" les=\"\" mots=\"\" maire=\"\" lille=\"\" arnaud=\"\" deslandes.=\"\" width=\"960\" height=\"640\"\/><br \/>\n    Line Renaud, 97 ans, est l\u2019incarnation m\u00eame de \u00ab\u00a0l\u2019amour des gens, de la joie, de l\u2019\u00e9nergie, et bien s\u00fbr du Nord\u00a0\u00bb, selon les mots du maire de Lille, Arnaud Deslandes. \u00a9Margot Nicod\u00e8me<\/p>\n<p class=\" wall-content\"><b>Un arbre y a \u00e9t\u00e9 symboliquement plant\u00e9<\/b> mercredi apr\u00e8s-midi, en pr\u00e9sence du maire <a href=\"https:\/\/actu.fr\/hauts-de-france\/lille_59350\/succes-du-marathon-de-lille-le-maire-arnaud-deslandes-se-rejouit-dun-engouement-sans-comparaison_63548134.html\" target=\"_blank\" rel=\"noopener\">Arnaud Deslandes<\/a>, qui a affirm\u00e9 que \u00ab\u00a0ce jardin, c\u2019est Martine Aubry qui l\u2019a voulu au d\u00e9part du rectorat\u00a0\u00bb. C\u2019est aussi son pr\u00e9d\u00e9cesseur qui a souhait\u00e9 le nommer en hommage \u00e0 la grande actrice native d\u2019Armenti\u00e8res. \u00ab\u00a0<b>Vous incarnez l\u2019amour des gens<\/b>, la joie, l\u2019\u00e9nergie et bien s\u00fbr le Nord\u00a0\u00bb, lui a dit Arnaud Deslandes.<\/p>\n<p>    <img   decoding=\"async\" loading=\"lazy\" class=\"size-large\" src=\"https:\/\/www.europesays.com\/fr\/wp-content\/uploads\/2025\/12\/ee801bfdd2496b6901bfdd24916f01v-960x640.jpeg\" alt=\"C'est l'ancien maire de Lille, Martine Aubry, qui a souhait\u00e9 que le jardin soit nomm\u00e9 d'apr\u00e8s Line Renaud au moment du d\u00e9m\u00e9nagement du rectorat.\" width=\"960\" height=\"640\"\/><br \/>\n    C\u2019est l\u2019ancien maire de Lille, Martine Aubry, qui a souhait\u00e9 que le jardin soit nomm\u00e9 d\u2019apr\u00e8s Line Renaud au moment du d\u00e9m\u00e9nagement du rectorat. \u00a9Margot Nicod\u00e8me<\/p>\n<p>Votre r\u00e9gion, votre actu !<\/p>\n<p>Recevez chaque jour les infos qui comptent pour vous.<\/p>\n<p>\t<a href=\"https:\/\/actu.fr\/newsletter\" class=\"ac-btn ac-btn--corner ac-btn--medium ac-btn--blue800\" target=\"_blank\" rel=\"noopener\">S&rsquo;incrire<\/a><\/p>\n<p class=\" wall-content\">Martine Aubry, de son c\u00f4t\u00e9, entretient des liens \u00e9troits avec l\u2019artiste de 97 ans. Elle lui a aussi adress\u00e9 quelques mots : \u00ab\u00a0<b>C\u2019est plus qu\u2019un honneur, c\u2019est un bonheur<\/b>. Le choix du jardin, plut\u00f4t que d\u2019une rue, d\u2019une place, c\u2019est parce que c\u2019est un lieu o\u00f9 l\u2019on vit, grandit, s\u2019amuse\u2026\u00a0\u00bb Elle a fait savoir que Line Renaud a imm\u00e9diatement accept\u00e9 son invitation. \u00ab\u00a0Tu m\u2019as dit \u2018oui, oui, je ferai tout pour \u00eatre l\u00e0.\u00a0\u00bb\u00a0<\/p>\n<p class=\" wall-content\">Le jardin Line Renaud sera bient\u00f4t verdoyant ; d\u2019ici l\u00e0, les promeneurs peuvent d\u2019ores et d\u00e9j\u00e0 profiter d\u2019un espace avec tables et bancs o\u00f9 se d\u00e9tendre, et d\u2019une aire de jeux pour enfants.<\/p>\n<p class=\" wall-content\">Personnalisez votre actualit\u00e9 en ajoutant vos villes et m\u00e9dias en favori avec <a href=\"https:\/\/moncompte.actu.fr\" title=\"D\u00e9couvez Mon Actu\" rel=\"nofollow noopener\" data-trk=\"{&quot;cta&quot;:{&quot;action&quot;:&quot;https:\\\/\\\/moncompte.actu.fr&quot;,&quot;category&quot;:&quot;mon compte&quot;,&quot;from&quot;:&quot;article footer&quot;,&quot;name&quot;:&quot;Mon actu&quot;,&quot;type&quot;:&quot;cta&quot;}}\" target=\"_blank\">Mon Actu<\/a>.<\/p>\n","protected":false},"excerpt":{"rendered":"Par Margot Nicod\u00e8me Publi\u00e9 le 17 d\u00e9c. 2025 \u00e0 18h19 C\u2019\u00e9tait l\u2019\u00e9v\u00e9nement de la journ\u00e9e du 17 d\u00e9cembre&hellip;\n","protected":false},"author":2,"featured_media":605738,"comment_status":"","ping_status":"","sticky":false,"template":"","format":"standard","meta":{"footnotes":""},"categories":[2815],"tags":[1111,11,650,1777,674,1011,27,811,1307,15626,12,25,104],"class_list":{"0":"post-605737","1":"post","2":"type-post","3":"status-publish","4":"format-standard","5":"has-post-thumbnail","7":"category-lille","8":"tag-actu","9":"tag-actualites","10":"tag-cinema","11":"tag-eu","12":"tag-europe","13":"tag-fr","14":"tag-france","15":"tag-hauts-de-france","16":"tag-lille","17":"tag-martine-aubry","18":"tag-news","19":"tag-republique-francaise","20":"tag-societe"},"share_on_mastodon":{"url":"","error":""},"_links":{"self":[{"href":"https:\/\/www.europesays.com\/fr\/wp-json\/wp\/v2\/posts\/605737","targetHints":{"allow":["GET"]}}],"collection":[{"href":"https:\/\/www.europesays.com\/fr\/wp-json\/wp\/v2\/posts"}],"about":[{"href":"https:\/\/www.europesays.com\/fr\/wp-json\/wp\/v2\/types\/post"}],"author":[{"embeddable":true,"href":"https:\/\/www.europesays.com\/fr\/wp-json\/wp\/v2\/users\/2"}],"replies":[{"embeddable":true,"href":"https:\/\/www.europesays.com\/fr\/wp-json\/wp\/v2\/comments?post=605737"}],"version-history":[{"count":0,"href":"https:\/\/www.europesays.com\/fr\/wp-json\/wp\/v2\/posts\/605737\/revisions"}],"wp:featuredmedia":[{"embeddable":true,"href":"https:\/\/www.europesays.com\/fr\/wp-json\/wp\/v2\/media\/605738"}],"wp:attachment":[{"href":"https:\/\/www.europesays.com\/fr\/wp-json\/wp\/v2\/media?parent=605737"}],"wp:term":[{"taxonomy":"category","embeddable":true,"href":"https:\/\/www.europesays.com\/fr\/wp-json\/wp\/v2\/categories?post=605737"},{"taxonomy":"post_tag","embeddable":true,"href":"https:\/\/www.europesays.com\/fr\/wp-json\/wp\/v2\/tags?post=605737"}],"curies":[{"name":"wp","href":"https:\/\/api.w.org\/{rel}","templated":true}]}}