{"id":60574,"date":"2025-04-29T00:53:11","date_gmt":"2025-04-29T00:53:11","guid":{"rendered":"https:\/\/www.europesays.com\/fr\/60574\/"},"modified":"2025-04-29T00:53:11","modified_gmt":"2025-04-29T00:53:11","slug":"manifest-la-ceramique-a-lhonneur-a-paris-en-octobre","status":"publish","type":"post","link":"https:\/\/www.europesays.com\/fr\/60574\/","title":{"rendered":"Manifest : la c\u00e9ramique \u00e0 l&rsquo;honneur \u00e0 Paris en octobre"},"content":{"rendered":"<p>Le salon bruxellois ceramic brussels, dont la premi\u00e8re \u00e9dition s\u2019est d\u00e9roul\u00e9e en janvier 2024, lance un \u00e9v\u00e9nement\u00a0capsule consacr\u00e9 \u00e0 la c\u00e9ramique moderne et contemporaine \u00e0 Paris. Baptis\u00e9 Manifest Paris, celui-ci se tiendra du 20 au 25 octobre en marge d\u2019Art Basel Paris et sera organis\u00e9 avec une dizaine de galeries et de partenaires dont le nom sera r\u00e9v\u00e9l\u00e9 fin mai. L\u2019\u00e9v\u00e9nement investira le rez-de-chauss\u00e9e de la galerie Charpentier, situ\u00e9e au 76, rue du Faubourg Saint-Honor\u00e9, <a href=\"https:\/\/www.lequotidiendelart.com\/articles\/18899-sotheby-s-va-d%C3%A9m%C3%A9nager-son-si%C3%A8ge-parisien.html\" target=\"_blank\" rel=\"noopener\">qui a \u00e9t\u00e9\u2026<\/a><\/p>\n","protected":false},"excerpt":{"rendered":"Le salon bruxellois ceramic brussels, dont la premi\u00e8re \u00e9dition s\u2019est d\u00e9roul\u00e9e en janvier 2024, lance un \u00e9v\u00e9nement\u00a0capsule consacr\u00e9&hellip;\n","protected":false},"author":2,"featured_media":60575,"comment_status":"","ping_status":"","sticky":false,"template":"","format":"standard","meta":{"footnotes":""},"categories":[1888],"tags":[11,15764,4587,1777,674,1011,27,12,626,25,6290],"class_list":{"0":"post-60574","1":"post","2":"type-post","3":"status-publish","4":"format-standard","5":"has-post-thumbnail","7":"category-paris","8":"tag-actualites","9":"tag-avenue-matignon","10":"tag-ceramique","11":"tag-eu","12":"tag-europe","13":"tag-fr","14":"tag-france","15":"tag-news","16":"tag-paris","17":"tag-republique-francaise","18":"tag-salon"},"share_on_mastodon":{"url":"https:\/\/pubeurope.com\/@fr\/114418522817315266","error":""},"_links":{"self":[{"href":"https:\/\/www.europesays.com\/fr\/wp-json\/wp\/v2\/posts\/60574","targetHints":{"allow":["GET"]}}],"collection":[{"href":"https:\/\/www.europesays.com\/fr\/wp-json\/wp\/v2\/posts"}],"about":[{"href":"https:\/\/www.europesays.com\/fr\/wp-json\/wp\/v2\/types\/post"}],"author":[{"embeddable":true,"href":"https:\/\/www.europesays.com\/fr\/wp-json\/wp\/v2\/users\/2"}],"replies":[{"embeddable":true,"href":"https:\/\/www.europesays.com\/fr\/wp-json\/wp\/v2\/comments?post=60574"}],"version-history":[{"count":0,"href":"https:\/\/www.europesays.com\/fr\/wp-json\/wp\/v2\/posts\/60574\/revisions"}],"wp:featuredmedia":[{"embeddable":true,"href":"https:\/\/www.europesays.com\/fr\/wp-json\/wp\/v2\/media\/60575"}],"wp:attachment":[{"href":"https:\/\/www.europesays.com\/fr\/wp-json\/wp\/v2\/media?parent=60574"}],"wp:term":[{"taxonomy":"category","embeddable":true,"href":"https:\/\/www.europesays.com\/fr\/wp-json\/wp\/v2\/categories?post=60574"},{"taxonomy":"post_tag","embeddable":true,"href":"https:\/\/www.europesays.com\/fr\/wp-json\/wp\/v2\/tags?post=60574"}],"curies":[{"name":"wp","href":"https:\/\/api.w.org\/{rel}","templated":true}]}}