{"id":605741,"date":"2025-12-17T17:58:11","date_gmt":"2025-12-17T17:58:11","guid":{"rendered":"https:\/\/www.europesays.com\/fr\/605741\/"},"modified":"2025-12-17T17:58:11","modified_gmt":"2025-12-17T17:58:11","slug":"des-cambrioleurs-en-serie-interpellee-en-flagrant-delit-a-marseille-appel-aux-proprietaires-des-objets-voles","status":"publish","type":"post","link":"https:\/\/www.europesays.com\/fr\/605741\/","title":{"rendered":"Des cambrioleurs en s\u00e9rie interpell\u00e9e en flagrant d\u00e9lit \u00e0 Marseille, appel aux propri\u00e9taires des objets vol\u00e9s"},"content":{"rendered":"<p>\u00ab\u00a0C\u2019\u00e9tait la folie. Jour et nuit. On vivait comme lui. Il allait \u00e0 Martigues, on allait \u00e0 Martigues, il revenait \u00e0 Marseille, on revenait \u00e0 Marseille\u2026\u00a0\u00bb. Dans la voix du policier, la satisfaction et une pointe assum\u00e9e de jubilation ont pris le pas sur les filatures \u00e9puisantes, les planques frustrantes et les va-et-vient incessants entre la cit\u00e9 phoc\u00e9enne, la c\u00f4te bleue, Fos-sur-Mer ou Istres en attendant que soient r\u00e9unies les conditions pour \u00ab\u00a0le <a href=\"https:\/\/www.laprovence.com\/article\/faits-divers-justice\/21796852931399\/squat-ou-cambriolage-4-hommes-interpelles-en-flagrant-delit-a-marseille\" target=\"_blank\" rel=\"noopener\">flag<\/a> parfait\u00a0\u00bb.<\/p>\n<p>Les astres se sont finalement align\u00e9s il y a une quinzaine de jours, lorsque l\u2019unit\u00e9 des atteintes aux biens de la DCT (division de la criminalit\u00e9 organis\u00e9e) a interpell\u00e9 le \u00ab\u00a0cerveau\u00a0\u00bb d\u2019une s\u00e9rie de 34 <a href=\"https:\/\/www.laprovence.com\/article\/faits-divers-justice\/6567154609287414\/un-trafiquant-de-cigarettes-trahi-par-le-cambriolage-de-son-box-dans-les-quartiers-sud-de-marseille\" target=\"_blank\" rel=\"noopener\">cambriolages<\/a> perp\u00e9tr\u00e9s entre le 10\u00a0octobre et le 3\u00a0d\u00e9cembre dernier, son second et deux sous-fifres mineurs.<\/p>\n<p>Au butin &#8211; bijoux et argent liquide &#8211; retrouv\u00e9 dans la mallette avec laquelle le meneur de la bande et ses acolytes quittaient la villa de <a href=\"https:\/\/www.laprovence.com\/article\/region\/44541093466231\/un-village-de-fetes-au-quartier-des-carabins-a-fos-sur-mer-pour-noel\" target=\"_blank\" rel=\"noopener\">Fos-sur-Mer<\/a> qu\u2019ils venaient de visiter, sont venus s\u2019ajouter, dans un appartement du 3e arrondissement de Marseille, les fruits d\u2019une rapine m\u00e9thodiquement exerc\u00e9e depuis plusieurs semaines : <a href=\"https:\/\/www.laprovence.com\/article\/faits-divers-justice\/5010973820497114\/confondu-par-son-adn-le-voleur-qui-nie-avoir-derobe-3-000-e-de-materiel-electronique-ecope-de-prison-avec-sursis\" target=\"_blank\" rel=\"noopener\">enceintes connect\u00e9es<\/a> comme s\u2019il en pleuvait, bijoux en <a href=\"https:\/\/www.laprovence.com\/article\/economie\/51662165101936\/or-je-pensais-en-tirer-100-euros-jen-ai-touche-plus-de-800-pourquoi-ils-revendent-leurs-bijoux-en-provence\" target=\"_blank\" rel=\"noopener\">or<\/a>, montres, \u00e9couteurs et casques Bluetoo&#8230;<\/p>\n","protected":false},"excerpt":{"rendered":"\u00ab\u00a0C\u2019\u00e9tait la folie. Jour et nuit. On vivait comme lui. Il allait \u00e0 Martigues, on allait \u00e0 Martigues,&hellip;\n","protected":false},"author":2,"featured_media":605742,"comment_status":"","ping_status":"","sticky":false,"template":"","format":"standard","meta":{"footnotes":""},"categories":[2814],"tags":[17,1111,11,63462,21234,154,1777,674,274,21233,1011,27,9690,884,12,882,25,521],"class_list":{"0":"post-605741","1":"post","2":"type-post","3":"status-publish","4":"format-standard","5":"has-post-thumbnail","7":"category-marseille","8":"tag-17","9":"tag-actu","10":"tag-actualites","11":"tag-cambrioleurs","12":"tag-delit","13":"tag-des","14":"tag-eu","15":"tag-europe","16":"tag-faits-divers-justice","17":"tag-flagrant","18":"tag-fr","19":"tag-france","20":"tag-interpelles","21":"tag-marseille","22":"tag-news","23":"tag-provence-alpes-cote-dazur","24":"tag-republique-francaise","25":"tag-serie"},"share_on_mastodon":{"url":"https:\/\/pubeurope.com\/@fr\/115736209303816672","error":""},"_links":{"self":[{"href":"https:\/\/www.europesays.com\/fr\/wp-json\/wp\/v2\/posts\/605741","targetHints":{"allow":["GET"]}}],"collection":[{"href":"https:\/\/www.europesays.com\/fr\/wp-json\/wp\/v2\/posts"}],"about":[{"href":"https:\/\/www.europesays.com\/fr\/wp-json\/wp\/v2\/types\/post"}],"author":[{"embeddable":true,"href":"https:\/\/www.europesays.com\/fr\/wp-json\/wp\/v2\/users\/2"}],"replies":[{"embeddable":true,"href":"https:\/\/www.europesays.com\/fr\/wp-json\/wp\/v2\/comments?post=605741"}],"version-history":[{"count":0,"href":"https:\/\/www.europesays.com\/fr\/wp-json\/wp\/v2\/posts\/605741\/revisions"}],"wp:featuredmedia":[{"embeddable":true,"href":"https:\/\/www.europesays.com\/fr\/wp-json\/wp\/v2\/media\/605742"}],"wp:attachment":[{"href":"https:\/\/www.europesays.com\/fr\/wp-json\/wp\/v2\/media?parent=605741"}],"wp:term":[{"taxonomy":"category","embeddable":true,"href":"https:\/\/www.europesays.com\/fr\/wp-json\/wp\/v2\/categories?post=605741"},{"taxonomy":"post_tag","embeddable":true,"href":"https:\/\/www.europesays.com\/fr\/wp-json\/wp\/v2\/tags?post=605741"}],"curies":[{"name":"wp","href":"https:\/\/api.w.org\/{rel}","templated":true}]}}