{"id":605758,"date":"2025-12-17T18:09:13","date_gmt":"2025-12-17T18:09:13","guid":{"rendered":"https:\/\/www.europesays.com\/fr\/605758\/"},"modified":"2025-12-17T18:09:13","modified_gmt":"2025-12-17T18:09:13","slug":"qui-est-larissa-dolina-la-chanteuse-preferee-de-vladimir-poutine","status":"publish","type":"post","link":"https:\/\/www.europesays.com\/fr\/605758\/","title":{"rendered":"qui est Larissa Dolina, la chanteuse pr\u00e9f\u00e9r\u00e9e de Vladimir Poutine ?"},"content":{"rendered":"<p class=\"article-p mdl\">C&rsquo;est la chanteuse pr\u00e9f\u00e9r\u00e9e de Vladimir Poutine.\u00a0Larissa Dolina est emp\u00eatr\u00e9e dans une histoire d&rsquo;escroquerie. Avec ses sourcils fig\u00e9s dans une expression botox\u00e9e de surprise permanente, la septuag\u00e9naire r\u00eaverait de faire quinze ans de moins.<\/p>\n<p class=\"article-p mdl\">\u00c0 ce niveau de mascara et de robes paillet\u00e9es, ce n&rsquo;est plus du glamour mais du camouflage. Le maquillage est pens\u00e9 pour encaisser les projecteurs de la t\u00e9l\u00e9vision d&rsquo;\u00c9tat, \u00e9tant souvent le seul endroit o\u00f9 elle se produit.\u00a0<\/p>\n<p class=\"article-p mdl\">Sur les plateaux, elle chante entour\u00e9e d&rsquo;orchestres et de\u00a0ch\u0153urs en uniforme, d\u00e9corations sur la poitrine et visages ferm\u00e9s. Tout est \u00e0 sa place, jusqu&rsquo;au drapeau russe flottant sur l&rsquo;\u00e9cran g\u00e9ant derri\u00e8re elle. Larissa Dolina a m\u00eame partag\u00e9 la sc\u00e8ne avec\u00a0<a class=\"link\" href=\"https:\/\/www.rtl.fr\/programmes\/qui-est-vraiment-vladimir-poutine\" target=\"_blank\" rel=\"noopener\">Vladimir Poutine<\/a>, o\u00f9 elle a interpr\u00e9t\u00e9 l&rsquo;hymne national \u00e0 ses c\u00f4t\u00e9s lors de l&rsquo;annexion de la Crim\u00e9e en 2015.<\/p>\n<p class=\"article-p mdl\">Le Kremlin l&rsquo;a d&rsquo;ailleurs c\u00e9l\u00e9br\u00e9e et d\u00e9cor\u00e9e publiquement. Malgr\u00e9 le d\u00e9but de la guerre en Ukraine, elle a continu\u00e9 \u00e0 chanter et \u00e0 m\u00eame fait des apparitions dans des territoires ukrainiens occup\u00e9s.\u00a0<\/p>\n<p>            Un passe-droit que certains Russes trouvent \u00ab\u00a0injuste\u00a0\u00bb<\/p>\n<p class=\"article-p mdl\">Depuis quelques mois pourtant son nom est devenu symbole de scandale. Selon les m\u00e9dias russes et britanniques, Larissa Dolina aurait vendu son appartement de luxe \u00e0 une femme \u00e0 plus d&rsquo;un million et demi d&rsquo;euros. Elle a ensuite \u00e9t\u00e9 victime d&rsquo;une escroquerie par d&rsquo;autres individus, perdant tout l&rsquo;argent de la vente.<strong> La justice de Vladimir Poutine a d\u00e9cid\u00e9 de jeter dehors la nouvelle propri\u00e9taire<\/strong>, et a rendu l&rsquo;appartement \u00e0 la chanteuse.\u00a0<\/p>\n<p>        \u00c0 \u00e9couter<\/p>\n<p class=\"col-12 col-md-11\">\n<p>                                Vladimir Poutine est-il nostalgique ou fou ? (5\/5)\n                        <\/p>\n<p class=\"article-p mdl\">L&rsquo;opinion publique s&rsquo;en est rapidement empar\u00e9e. Sur les r\u00e9seaux sociaux russes, les commentaires parlent d&rsquo;injustice ou encore de passe-droits. Des privil\u00e8ges r\u00e9serv\u00e9s \u00e0 ceux qui chantent du bon c\u00f4t\u00e9. <strong>M\u00eame des figures pro-Kremlin ont pris leurs distances.<\/strong> Des artistes, des acteurs ou plus largement des personnes publiques se sont \u00e9tonn\u00e9s de cette d\u00e9cision.\u00a0<\/p>\n<p class=\"article-p mdl\">Cela prouve, une fois de plus, le rapport entre pouvoir et justice dans le pays. Ainsi, le m\u00e9dia ind\u00e9pendant russe\u00a0<a class=\"link\" href=\"https:\/\/en.thebell.io\/\" target=\"_blank\" rel=\"noopener\">The Bell<\/a>\u00a0a surnomm\u00e9\u00a0Larissa Dolina,\u00a0\u00ab\u00a0la femme la plus d\u00e9test\u00e9e de Russie\u00a0\u00bb. Elle chante pour Moscou, alors Moscou la prot\u00e8ge. Mais, une partie du pays regarde cette logique fonctionner et ne l&rsquo;accepte plus. La musique ne suffit plus \u00e0 tout masquer.\u00a0<\/p>\n<p>    La r\u00e9daction vous recommande<\/p>\n<p class=\"s-newsletter__title\">\n                L\u2019actualit\u00e9 par la r\u00e9daction de RTL dans votre bo\u00eete mail.\n            <\/p>\n<p class=\"s-newsletter__subtitle\">\n                Gr\u00e2ce \u00e0 votre compte RTL abonnez-vous \u00e0 la newsletter RTL info pour suivre toute l&rsquo;actualit\u00e9 au quotidien\n            <\/p>\n<p>\n                                    Lire la suite\n                                <\/p>\n","protected":false},"excerpt":{"rendered":"C&rsquo;est la chanteuse pr\u00e9f\u00e9r\u00e9e de Vladimir Poutine.\u00a0Larissa Dolina est emp\u00eatr\u00e9e dans une histoire d&rsquo;escroquerie. Avec ses sourcils fig\u00e9s&hellip;\n","protected":false},"author":2,"featured_media":605759,"comment_status":"","ping_status":"","sticky":false,"template":"","format":"standard","meta":{"footnotes":""},"categories":[1591],"tags":[11,3483,1887,107,12,362,1885,1886,132,135],"class_list":{"0":"post-605758","1":"post","2":"type-post","3":"status-publish","4":"format-standard","5":"has-post-thumbnail","7":"category-russie","8":"tag-actualites","9":"tag-extrait","10":"tag-federation-de-russie","11":"tag-fil-info","12":"tag-news","13":"tag-replay","14":"tag-russia","15":"tag-russian-federation","16":"tag-russie","17":"tag-vladimir-poutine"},"share_on_mastodon":{"url":"https:\/\/pubeurope.com\/@fr\/115736252568536891","error":""},"_links":{"self":[{"href":"https:\/\/www.europesays.com\/fr\/wp-json\/wp\/v2\/posts\/605758","targetHints":{"allow":["GET"]}}],"collection":[{"href":"https:\/\/www.europesays.com\/fr\/wp-json\/wp\/v2\/posts"}],"about":[{"href":"https:\/\/www.europesays.com\/fr\/wp-json\/wp\/v2\/types\/post"}],"author":[{"embeddable":true,"href":"https:\/\/www.europesays.com\/fr\/wp-json\/wp\/v2\/users\/2"}],"replies":[{"embeddable":true,"href":"https:\/\/www.europesays.com\/fr\/wp-json\/wp\/v2\/comments?post=605758"}],"version-history":[{"count":0,"href":"https:\/\/www.europesays.com\/fr\/wp-json\/wp\/v2\/posts\/605758\/revisions"}],"wp:featuredmedia":[{"embeddable":true,"href":"https:\/\/www.europesays.com\/fr\/wp-json\/wp\/v2\/media\/605759"}],"wp:attachment":[{"href":"https:\/\/www.europesays.com\/fr\/wp-json\/wp\/v2\/media?parent=605758"}],"wp:term":[{"taxonomy":"category","embeddable":true,"href":"https:\/\/www.europesays.com\/fr\/wp-json\/wp\/v2\/categories?post=605758"},{"taxonomy":"post_tag","embeddable":true,"href":"https:\/\/www.europesays.com\/fr\/wp-json\/wp\/v2\/tags?post=605758"}],"curies":[{"name":"wp","href":"https:\/\/api.w.org\/{rel}","templated":true}]}}