{"id":60576,"date":"2025-04-29T00:54:14","date_gmt":"2025-04-29T00:54:14","guid":{"rendered":"https:\/\/www.europesays.com\/fr\/60576\/"},"modified":"2025-04-29T00:54:14","modified_gmt":"2025-04-29T00:54:14","slug":"chaque-camp-sefforce-dapparaitre-comme-plus-constructif-que-lautre","status":"publish","type":"post","link":"https:\/\/www.europesays.com\/fr\/60576\/","title":{"rendered":"\u201cChaque camp s\u2019efforce d\u2019appara\u00eetre comme plus constructif que l\u2019autre\u201d"},"content":{"rendered":"<p class=\"latino-300b text-grey-800\">\n<p>  Propos recueillis par<br \/>\n<a href=\"https:\/\/www.nouvelobs.com\/journalistes\/1761\/benjamin-moisset.html\" class=\"text-decoration-none link--box d-inline\" target=\"_blank\" rel=\"noopener\">Benjamin Moisset<\/a>                <\/p>\n<p class=\"latino-300r text-grey-600\">\n      Publi\u00e9 le<\/p>\n<p>    28 avril 2025 \u00e0 21h05, mis \u00e0 jour le<\/p>\n<p>      28 avril 2025 \u00e0 21h13\n  <\/p>\n<p>      <img fetchpriority=\"high\" decoding=\"async\" class=\"mx-auto\" src=\"data:image\/svg+xml,%3Csvg%20xmlns%3D%27http%3A%2F%2Fwww.w3.org%2F2000%2Fsvg%27%20fill%3D%22%23e4e4e4%22%20viewBox%3D%270%200%20510%20340%27%20width%3D%22510%22%20height%3D%22340%22%3E%3Cpath%20d%3D%27M0%200h510v340H0z%27%2F%3E%3C%2Fsvg%3E\"  loading=\"eager\" width=\"510\" height=\"340\" data-oncrawl-image-size=\"510x340\" alt=\"La Russie a annonc\u00e9 une tr\u00eave de trois jours sur la guerre en Ukraine.\"\/>      <\/p>\n<p class=\"latino-100m text-grey-600\">\n            La Russie a annonc\u00e9 une tr\u00eave de trois jours sur la guerre en Ukraine.\u00a0IRYNA RYBAKOVA \/ AFP        <\/p>\n<p>    Lire\u00a0plus\u00a0tard  <\/p>\n<p><a aria-label=\"Nous suivre sur Google News\" href=\"https:\/\/news.google.com\/publications\/CAAqBwgKMJe4nQkw3dFs?hl=fr&amp;gl=FR&amp;ceid=FR%3Afr\" target=\"_blank\" data-piano=\"Page_Article,Sous_date_publi,Nous_suivre_sur_google_news,1er_clic,action\" class=\"btn btn--small btn--secondary\" rel=\"noopener\"><\/p>\n<p>      Google Actualit\u00e9s<br \/>\n  <\/a><\/p>\n<p>  Partager<\/p>\n<p>        Facebook<\/p>\n<p>        Bluesky<\/p>\n<p>        E-mail<\/p>\n<p>        Copier le lien<\/p>\n<p>      Envoyer<\/p>\n<p>    Temps de lecture\u00a0:\u00a03\u00a0min.<\/p>\n<p class=\"article__description latino-600m mb-20 mb-lg-30 \" data-oncrawl-chapo-length=\"239\">\n  \t  Interview\u00a0<br \/>\n    Vladimir Poutine a annonc\u00e9 une tr\u00eave de trois jours, du 8\u00a0au 10\u00a0mai. Une mani\u00e8re de dire \u00ab\u00a0qu\u2019il est int\u00e9ress\u00e9 par les efforts am\u00e9ricains et qu\u2019il est pr\u00eat \u00e0 accepter un cessez-le-feu\u00a0\u00bb, selon l\u2019ancienne diplomate Marie Dumoulin.<\/p>\n<p class=\"node__paragraphe antonia-750r text-grey-800 pb-20 pb-md-30\">\nSemaine cruciale pour l\u2019Ukraine. Notamment car mardi 29\u00a0avril sera le centi\u00e8me jour de Donald Trump \u00e0 la Maison-Blanche pour lequel le pr\u00e9sident am\u00e9ricain aimerait se vanter d\u2019avoir r\u00e9solu le conflit, bien qu\u2019il ait promis une solution \u00ab\u00a0en 24\u00a0heures\u00a0\u00bb. Par ailleurs, ce lundi 28\u00a0avril, la Russie \u2013 qui campe sur la reconnaissance de la Crim\u00e9e comme lui appartenant \u2013 a annonc\u00e9 <a href=\"https:\/\/www.nouvelobs.com\/monde\/20250428.OBS103293\/guerre-en-ukraine-poutine-annonce-une-nouvelle-treve-du-8-au-10-mai.html\" target=\"_blank\" rel=\"noopener\">une tr\u00eave de trois jours du 8 au 10\u00a0mai<\/a>\u00a0; l\u2019Ukraine a r\u00e9pondu en appelant \u00e0 \u00ab\u00a0au moins 30 jours\u00a0\u00bb de halte et les Etats-Unis ont dit souhaiter un cessez-le-feu \u00ab\u00a0permanent\u00a0\u00bb.<\/p>\n<p class=\"latino-500b text-grey-600 pb-15\">A lire aussi<\/p>\n<p><a href=\"https:\/\/www.nouvelobs.com\/monde\/20250428.OBS103285\/trump-veut-un-deal-en-ukraine-pour-le-30-avril-voici-ce-que-contiennent-les-differents-plans-de-paix.html\" data-article-key=\"20250428.OBS103285\" class=\"link--box flex-grow-1\" data-piano=\"Page_Article,Lire_aussi,,Lien1,navigation\" target=\"_blank\" rel=\"noopener\"><\/p>\n<p>                <img decoding=\"async\" src=\"data:image\/svg+xml,%3Csvg%20xmlns%3D%27http%3A%2F%2Fwww.w3.org%2F2000%2Fsvg%27%20fill%3D%22%23e4e4e4%22%20viewBox%3D%270%200%20120%2080%27%20width%3D%22120%22%20height%3D%2280%22%3E%3Cpath%20d%3D%27M0%200h120v80H0z%27%2F%3E%3C%2Fsvg%3E\"  width=\"120\" height=\"79\" loading=\"lazy\" alt=\"Le pr\u00e9sident am\u00e9ricain Donald Trump et son homologue ukrainien Volodymyr Zelensky lors d\u2019une rencontre au Vatican, le 26\u00a0avril 2025, en marge des fun\u00e9railles du pape Fran\u00e7ois. Une photographie distribu\u00e9e et publi\u00e9e par le minist\u00e8re ukrainien des Affaires \u00e9trang\u00e8res.\"\/><\/p>\n<p class=\"latino-300r latino-lg-600m text-grey-800\">\n                      <strong class=\"latino-300b latino-lg-600m text-grey-500\">D\u00e9cryptage\u00a0<\/strong><br \/>\n                    Trump veut un \u00ab\u00a0deal\u00a0\u00bb en Ukraine pour le 30\u00a0avril\u00a0: voici ce que contiennent les diff\u00e9rents plans de paix        <\/p>\n<p><\/a><\/p>\n<p>    Lire\u00a0plus\u00a0tard  <\/p>\n<p class=\"node__paragraphe antonia-750r text-grey-800 pb-20 pb-md-30\">\nPour Marie Dumoulin, directrice du programme \u00ab\u00a0Europe \u00e9largie\u00a0\u00bb du think thank Conseil europ\u00e9en pour les relations internationales (ECFR), l\u2019annonce de la Russie montre son int\u00e9r\u00eat pour les efforts am\u00e9ricains. L\u2019ancienne diplomate ne croit pourtant pas que le conflit va se d\u00e9nouer d\u2019ici la fin de semaine, qu\u2019importe la pression exerc\u00e9e par Donald Trump.<\/p>\n<p>Vladimir Poutine a annonc\u00e9 un cessez-le-feu sur le front en Ukraine du 8 au 10\u00a0mai. Quel cr\u00e9dit faut-il donner \u00e0 cette d\u00e9claration\u00a0?<\/p>\n<p class=\"node__paragraphe antonia-750r text-grey-800 pb-20 pb-md-30\">\nPour Vladimir Poutine, cette tr\u00eave est une mani\u00e8re de dire qu\u2019il est int\u00e9ress\u00e9 par les efforts am\u00e9ricains et qu\u2019<a href=\"https:\/\/www.nouvelobs.com\/monde\/20250425.OBS103182\/guerre-en-ukraine-la-russie-se-dit-prete-a-un-accord-au-lendemain-de-frappes-meurtrieres-sur-kiev.html\" target=\"_blank\" rel=\"noopener\">il est pr\u00eat \u00e0 accepter un cessez-le-feu<\/a>. Cela s\u2019inscrit dans une forme de jeu o\u00f9 chaque camp s\u2019efforce d\u2019appara\u00eetre comme plus constructif que l\u2019autre. Et la Russie doit se rattraper de ce c\u00f4t\u00e9-l\u00e0, notamment vis-\u00e0-vis de Donald Trump, puisqu\u2019il a exprim\u00e9 <a href=\"https:\/\/www.nouvelobs.com\/monde\/20250330.OBS102130\/guerre-en-ukraine-furieux-contre-poutine-trump-menace-d-imposer-de-nouvelles-taxes-sur-le-petrole-russe.html\" target=\"_blank\" rel=\"noopener\">son m\u00e9contentement sur la poursuite des bombardements<\/a> en Ukraine malgr\u00e9 les n\u00e9gociations.<\/p>\n<p class=\"node__paragraphe antonia-750r text-grey-800 pb-20 pb-md-30\">\nEn plus, Vladimir Poutine utilise des dates symboliques. Il y avait eu une annonce de<a href=\"https:\/\/www.nouvelobs.com\/monde\/20250422.OBS103048\/guerre-en-ukraine-la-treve-de-paques-etait-une-operation-marketing-de-moscou-estime-jean-noel-barrot.html\" target=\"_blank\" rel=\"noopener\"> tr\u00eave \u00e0 l\u2019occasion de P\u00e2ques<\/a> et maintenant c\u2019est pour les comm\u00e9morations de la fin de la Seconde Guerre mondiale le 9\u00a0mai. C\u2019est une date capitale dans l\u2019imaginaire russe\u00a0: c\u2019est l\u2019image de la Russie victorieuse et la population y est tr\u00e8s attach\u00e9e. Ce jour est plus important que la f\u00eate nationale mais il est aussi au centre du discours de l\u00e9gitimation du r\u00e9gime de Vladimir Poutine.<\/p>\n<p>La Russie et l\u2019Ukraine ont-ils int\u00e9r\u00eat en ce moment \u00e0 un cessez-le-feu sur le front, voire \u00e0 signer un accord de paix\u00a0?<\/p>\n<p class=\"node__paragraphe antonia-750r text-grey-800 pb-20 pb-md-30\">\nPour la Russie, un accord n\u2019a pas de co\u00fbt politique majeur. Jusqu\u2019\u00e0 pr\u00e9sent, les Etats-Unis mettent sur la table un accord qui correspond \u00e0 leurs conditions. Il serait b\u00e9n\u00e9fique pour la Russie, soit parce qu\u2019il fragiliserait l\u2019Ukraine et diviserait ses partenaires, notamment europ\u00e9ens, soit parce que les Am\u00e9ricains lui offriraient \u00e0 l\u2019int\u00e9rieur tout ce qu\u2019elle demande.<\/p>\n<p class=\"node__paragraphe antonia-750r text-grey-800 pb-20 pb-md-30\">\nSi c\u2019est un \u00e9chec, la Russie aura toujours l\u2019option militaire. Elle estime que la situation sur le champ de bataille lui est favorable et a fortiori si les Am\u00e9ricains mettent un terme \u00e0 leur assistance militaire \u00e0 l\u2019Ukraine comme ils le menacent. La Russie peut continuer \u00e0 combattre, en tout cas plus longtemps que les Ukrainiens, m\u00eame si, sur le terrain, ils avancent extr\u00eamement lentement et au prix de pertes consid\u00e9rables.<\/p>\n<p class=\"node__paragraphe antonia-750r text-grey-800 pb-20 pb-md-30\">\nDe leur c\u00f4t\u00e9, les Ukrainiens ont tr\u00e8s clairement int\u00e9r\u00eat \u00e0 un cessez-le-feu ou \u00e0 la paix. Et ce depuis l\u2019invasion de f\u00e9vrier\u00a02022\u00a0! Mais pas \u00e0 n\u2019importe quelle condition\u00a0: les propositions am\u00e9ricaines telle quelles ont fuit\u00e9 dans la presse, c\u2019est-\u00e0-dire notamment la non-adh\u00e9sion \u00e0 l\u2019Otan ou la renonciation \u00e0 la Crim\u00e9e, vont \u00eatre extr\u00eamement difficiles \u00e0 accepter pour les Ukrainiens. Ces derniers sont tout de m\u00eame conscients que retrouvez le contr\u00f4le de l\u2019ensemble de leur territoire n\u2019est pas un objectif r\u00e9aliste \u00e0 court terme. En revanche, pour eux, il est hors de question de signer un accord qui reconna\u00eetrait la perte de ces territoires, cela justifierait l\u2019usage de la force. Il sera aussi extr\u00eamement difficile pour l\u2019Ukraine de signer sans des garanties de s\u00e9curit\u00e9 suffisamment dissuasives pour emp\u00eacher la Russie de r\u00e9attaquer.<\/p>\n<p>Donald Trump met la pression sur la Russie et surtout sur l\u2019Ukraine, pour trouver un accord \u00e0 l\u2019occasion de ses 100\u00a0jours \u00e0 la Maison-Blanche, mais est-ce la bonne solution\u00a0?<\/p>\n<p class=\"node__paragraphe antonia-750r text-grey-800 pb-20 pb-md-30\">\nCe n\u2019est clairement pas le meilleur moyen d\u2019obtenir un bon accord. Dans une n\u00e9gociation, mettre des limites de temps plut\u00f4t que des limites de fond, c\u2019est risqu\u00e9. Le message envoy\u00e9 c\u2019est que les Am\u00e9ricains veulent un accord rapidement et s\u2019en fichent du contenu. Ainsi, les Russes peuvent rester sur leurs positions en esp\u00e9rant qu\u2019ils finissent soit par accepter leurs conditions, soit par quitter la table des n\u00e9gociations.<\/p>\n<p class=\"latino-500b text-grey-600 pb-15\">A lire aussi<\/p>\n<p><a href=\"https:\/\/www.nouvelobs.com\/monde\/20250409.OBS102519\/les-pilotes-de-drones-voient-tres-bien-la-personne-qu-ils-vont-tuer-jusqu-au-dernier-moment.html\" data-article-key=\"20250409.OBS102519\" class=\"link--box flex-grow-1\" data-piano=\"Page_Article,Lire_aussi,,Lien2,navigation\" target=\"_blank\" rel=\"noopener\"><\/p>\n<p>                <img decoding=\"async\" src=\"data:image\/svg+xml,%3Csvg%20xmlns%3D%27http%3A%2F%2Fwww.w3.org%2F2000%2Fsvg%27%20fill%3D%22%23e4e4e4%22%20viewBox%3D%270%200%20120%2080%27%20width%3D%22120%22%20height%3D%2280%22%3E%3Cpath%20d%3D%27M0%200h120v80H0z%27%2F%3E%3C%2Fsvg%3E\"  width=\"120\" height=\"79\" loading=\"lazy\" alt=\"Photo fournie par le service de presse de la 93e brigade m\u00e9canis\u00e9e de l\u2019arm\u00e9e ukrainienne montrant la pr\u00e9paration d\u2019un drone FPV, dans la r\u00e9gion de Donetsk, le 22\u00a0mars 2025.\"\/><\/p>\n<p class=\"latino-300r latino-lg-600m text-grey-800\">\n                      <strong class=\"latino-300b latino-lg-600m text-grey-500\">S\u00e9rie\u00a0<\/strong><br \/>\n                    \u00ab Les pilotes de drones voient tr\u00e8s bien la personne qu\u2019ils vont tuer, jusqu\u2019au dernier moment\u00a0\u00bb        <\/p>\n<p><\/a><\/p>\n<p>    Lire\u00a0plus\u00a0tard  <\/p>\n<p class=\"node__paragraphe antonia-750r text-grey-800 pb-20 pb-md-30\">\nD\u00e8s le d\u00e9part, les Am\u00e9ricains auraient pu mettre davantage de pression sur la partie russe pour la forcer \u00e0 accepter certaines conditions. Ils ont pourtant choisi d\u2019aborder cette n\u00e9gociation d\u2019une mani\u00e8re complaisante \u00e0 l\u2019\u00e9gard de la Russie. Peut-\u00eatre qu\u2019il s\u2019agissait d\u2019\u00e9tablir un rapport de confiance pour permettre les discussions, mais il n\u2019en reste pas moins qu\u2019ils ont mis plus de pression sur l\u2019Ukraine que sur la Russie.<\/p>\n<p class=\"node__paragraphe antonia-750r text-grey-800 pb-20 pb-md-30\">\nIl faut tout de m\u00eame souligner le m\u00e9rite des Am\u00e9ricains ces derni\u00e8res semaines\u00a0: c\u2019est la premi\u00e8re fois qu\u2019il y a une discussion de ce type-l\u00e0 depuis l\u2019offensive russe en f\u00e9vrier\u00a02022. C\u2019est une opportunit\u00e9 m\u00eame si elle n\u2019est pas forc\u00e9ment utilis\u00e9e le mieux possible par les Am\u00e9ricains. La face du monde ne sera pas forc\u00e9ment transform\u00e9e \u00e0 la fin de la semaine.<\/p>\n<p class=\"latino-600m text-grey-800\">\n<p>  Propos recueillis par<br \/>\nBenjamin Moisset    <\/p>\n","protected":false},"excerpt":{"rendered":"Propos recueillis par Benjamin Moisset Publi\u00e9 le 28 avril 2025 \u00e0 21h05, mis \u00e0 jour le 28 avril&hellip;\n","protected":false},"author":2,"featured_media":60577,"comment_status":"","ping_status":"","sticky":false,"template":"","format":"standard","meta":{"footnotes":""},"categories":[1591],"tags":[5481,17,15765,11,5542,1887,131,2565,74,12,8013,1885,1886,132,12907,220],"class_list":{"0":"post-60576","1":"post","2":"type-post","3":"status-publish","4":"format-standard","5":"has-post-thumbnail","7":"category-russie","8":"tag-5481","9":"tag-17","10":"tag-15765","11":"tag-actualites","12":"tag-camp","13":"tag-federation-de-russie","14":"tag-guerre-en-ukraine","15":"tag-mai","16":"tag-monde","17":"tag-news","18":"tag-russe","19":"tag-russia","20":"tag-russian-federation","21":"tag-russie","22":"tag-treve","23":"tag-ukraine"},"share_on_mastodon":{"url":"https:\/\/pubeurope.com\/@fr\/114418526863733843","error":""},"_links":{"self":[{"href":"https:\/\/www.europesays.com\/fr\/wp-json\/wp\/v2\/posts\/60576","targetHints":{"allow":["GET"]}}],"collection":[{"href":"https:\/\/www.europesays.com\/fr\/wp-json\/wp\/v2\/posts"}],"about":[{"href":"https:\/\/www.europesays.com\/fr\/wp-json\/wp\/v2\/types\/post"}],"author":[{"embeddable":true,"href":"https:\/\/www.europesays.com\/fr\/wp-json\/wp\/v2\/users\/2"}],"replies":[{"embeddable":true,"href":"https:\/\/www.europesays.com\/fr\/wp-json\/wp\/v2\/comments?post=60576"}],"version-history":[{"count":0,"href":"https:\/\/www.europesays.com\/fr\/wp-json\/wp\/v2\/posts\/60576\/revisions"}],"wp:featuredmedia":[{"embeddable":true,"href":"https:\/\/www.europesays.com\/fr\/wp-json\/wp\/v2\/media\/60577"}],"wp:attachment":[{"href":"https:\/\/www.europesays.com\/fr\/wp-json\/wp\/v2\/media?parent=60576"}],"wp:term":[{"taxonomy":"category","embeddable":true,"href":"https:\/\/www.europesays.com\/fr\/wp-json\/wp\/v2\/categories?post=60576"},{"taxonomy":"post_tag","embeddable":true,"href":"https:\/\/www.europesays.com\/fr\/wp-json\/wp\/v2\/tags?post=60576"}],"curies":[{"name":"wp","href":"https:\/\/api.w.org\/{rel}","templated":true}]}}