{"id":605760,"date":"2025-12-17T18:10:15","date_gmt":"2025-12-17T18:10:15","guid":{"rendered":"https:\/\/www.europesays.com\/fr\/605760\/"},"modified":"2025-12-17T18:10:15","modified_gmt":"2025-12-17T18:10:15","slug":"londres-exige-dabramovitch-quil-transfere-a-lukraine-largent-de-la-vente-du-chelsea-fc","status":"publish","type":"post","link":"https:\/\/www.europesays.com\/fr\/605760\/","title":{"rendered":"Londres exige d&rsquo;Abramovitch qu&rsquo;il transf\u00e8re \u00e0 l&rsquo;Ukraine l&rsquo;argent de la vente du Chelsea FC"},"content":{"rendered":"<p>\n                    Publi\u00e9 le                 17\/12\/2025 &#8211; 18:49 UTC+1<br \/>\n                \u2022Mis \u00e0 jour<br \/>\n                                     18:51\n                                        <\/p>\n<p>Le Royaume-Uni a d\u00e9livr\u00e9 une licence autorisant le transfert de 2,8 milliards d&rsquo;euros provenant de la vente du Chelsea Football Club par Roman Abramovitch \u00e0 des causes humanitaires en Ukraine, avertissant l&rsquo;oligarque russe qu&rsquo;il s&rsquo;expose \u00e0 des poursuites judiciaires s&rsquo;il ne s&rsquo;ex\u00e9cute pas, a d\u00e9clar\u00e9 mercredi le Premier ministre Keir Starmer \u00e0 la Chambre des communes.<\/p>\n<p>\u00ab\u00a0Le temps presse pour Roman Abramovitch d&rsquo;honorer l&rsquo;engagement qu&rsquo;il a pris lors de la vente du Chelsea FC et de transf\u00e9rer les 2,5 milliards de livres (2,8 milliards d&rsquo;euros) \u00e0 une cause humanitaire en Ukraine\u00a0\u00bb, a d\u00e9clar\u00e9 M. Starmer.<\/p>\n<p>\u00ab\u00a0Ce gouvernement est pr\u00eat \u00e0 le faire appliquer par les tribunaux afin que chaque centime parvienne \u00e0 ceux dont les vies ont \u00e9t\u00e9 d\u00e9chir\u00e9es par la guerre ill\u00e9gale de Poutine.<\/p>\n<p>En vertu de la nouvelle licence, les recettes doivent \u00eatre affect\u00e9es \u00e0 des causes humanitaires en Ukraine, mais les gains futurs pourront \u00eatre d\u00e9pens\u00e9s plus largement pour les victimes de conflits dans le monde entier. Les fonds ne peuvent toutefois pas b\u00e9n\u00e9ficier \u00e0 Abramovitch ou \u00e0 d&rsquo;autres personnes faisant l&rsquo;objet de sanctions.<\/p>\n<p>Loin des yeux du public<\/p>\n<p>Le Royaume-Uni a sanctionn\u00e9 M. Abramovitch dans le cadre de la lutte contre les oligarques russes apr\u00e8s l&rsquo;invasion massive de l&rsquo;Ukraine par Moscou en 2022, ce qui a entra\u00een\u00e9 la vente pr\u00e9cipit\u00e9e du club de football de la Premier League anglaise.<\/p>\n<p>Depuis lors, les fonds sont gel\u00e9s en raison d&rsquo;une impasse dans les n\u00e9gociations avec le milliardaire russe sur la question de savoir s&rsquo;ils doivent \u00eatre d\u00e9pens\u00e9s exclusivement en Ukraine ou \u00e9galement en dehors du pays.<\/p>\n<p>\u00ab\u00a0Il est inacceptable que plus de 2,5 milliards de livres sterling d&rsquo;argent d\u00fb au peuple ukrainien puissent rester bloqu\u00e9s sur un compte bancaire britannique\u00a0\u00bb, a d\u00e9clar\u00e9 Rachel Reeves, chanceli\u00e8re de l&rsquo;\u00c9chiquier, dans le communiqu\u00e9.<\/p>\n<p>Le gouvernement britannique a maintenant promis de cr\u00e9er une fondation pour d\u00e9bourser les fonds, dirig\u00e9e par Mike Penrose, ancien directeur de l&rsquo;UNICEF au Royaume-Uni.<\/p>\n<p>Cette d\u00e9cision intervient alors que les dirigeants europ\u00e9ens poursuivent cette semaine leurs discussions sur un plan distinct visant \u00e0 utiliser les avoirs russes gel\u00e9s pour financer l&rsquo;Ukraine au cours des prochaines ann\u00e9es, la r\u00e9union des dirigeants devant d\u00e9buter jeudi.<\/p>\n<p>M. Abramovitch a disparu de la sc\u00e8ne publique depuis que la Russie a commenc\u00e9 son invasion massive de l&rsquo;Ukraine et que le Royaume-Uni l&rsquo;a sanctionn\u00e9 en raison de ses liens \u00e9troits avec le pr\u00e9sident russe Vladimir Poutine.<\/p>\n<p>Depuis lors, il s&rsquo;est fait discret et passe son temps entre Moscou, Istanbul et Tel Aviv, o\u00f9 il n&rsquo;est pas soumis \u00e0 des sanctions.<\/p>\n<p>M. Abramovitch aurait particip\u00e9 aux n\u00e9gociations entre l&rsquo;Ukraine et la Russie en vue d&rsquo;un \u00e9change de prisonniers de guerre.<\/p>\n<p>Alors qu&rsquo;il tentait de n\u00e9gocier un accord de paix dans les premi\u00e8res semaines de la guerre totale men\u00e9e par Moscou en 2022, M. Abramovitch a pr\u00e9sent\u00e9 les sympt\u00f4mes d&rsquo;un empoisonnement pr\u00e9sum\u00e9.<\/p>\n","protected":false},"excerpt":{"rendered":"Publi\u00e9 le 17\/12\/2025 &#8211; 18:49 UTC+1 \u2022Mis \u00e0 jour 18:51 Le Royaume-Uni a d\u00e9livr\u00e9 une licence autorisant le&hellip;\n","protected":false},"author":2,"featured_media":605761,"comment_status":"","ping_status":"","sticky":false,"template":"","format":"standard","meta":{"footnotes":""},"categories":[1590],"tags":[11,1777,674,131,2025,12,473,220],"class_list":{"0":"post-605760","1":"post","2":"type-post","3":"status-publish","4":"format-standard","5":"has-post-thumbnail","7":"category-ukraine","8":"tag-actualites","9":"tag-eu","10":"tag-europe","11":"tag-guerre-en-ukraine","12":"tag-invasion-de-la-russie-en-ukraine","13":"tag-news","14":"tag-royaume-uni","15":"tag-ukraine"},"share_on_mastodon":{"url":"https:\/\/pubeurope.com\/@fr\/115736256475343434","error":""},"_links":{"self":[{"href":"https:\/\/www.europesays.com\/fr\/wp-json\/wp\/v2\/posts\/605760","targetHints":{"allow":["GET"]}}],"collection":[{"href":"https:\/\/www.europesays.com\/fr\/wp-json\/wp\/v2\/posts"}],"about":[{"href":"https:\/\/www.europesays.com\/fr\/wp-json\/wp\/v2\/types\/post"}],"author":[{"embeddable":true,"href":"https:\/\/www.europesays.com\/fr\/wp-json\/wp\/v2\/users\/2"}],"replies":[{"embeddable":true,"href":"https:\/\/www.europesays.com\/fr\/wp-json\/wp\/v2\/comments?post=605760"}],"version-history":[{"count":0,"href":"https:\/\/www.europesays.com\/fr\/wp-json\/wp\/v2\/posts\/605760\/revisions"}],"wp:featuredmedia":[{"embeddable":true,"href":"https:\/\/www.europesays.com\/fr\/wp-json\/wp\/v2\/media\/605761"}],"wp:attachment":[{"href":"https:\/\/www.europesays.com\/fr\/wp-json\/wp\/v2\/media?parent=605760"}],"wp:term":[{"taxonomy":"category","embeddable":true,"href":"https:\/\/www.europesays.com\/fr\/wp-json\/wp\/v2\/categories?post=605760"},{"taxonomy":"post_tag","embeddable":true,"href":"https:\/\/www.europesays.com\/fr\/wp-json\/wp\/v2\/tags?post=605760"}],"curies":[{"name":"wp","href":"https:\/\/api.w.org\/{rel}","templated":true}]}}