{"id":605775,"date":"2025-12-17T18:18:13","date_gmt":"2025-12-17T18:18:13","guid":{"rendered":"https:\/\/www.europesays.com\/fr\/605775\/"},"modified":"2025-12-17T18:18:13","modified_gmt":"2025-12-17T18:18:13","slug":"la-presidente-de-radio-france-sibyle-veil-defend-le-pluralisme-du-groupe-devant-les-deputes","status":"publish","type":"post","link":"https:\/\/www.europesays.com\/fr\/605775\/","title":{"rendered":"La pr\u00e9sidente de Radio France, Sibyle Veil, d\u00e9fend le \u00ab\u00a0pluralisme\u00a0\u00bb du groupe devant les d\u00e9put\u00e9s"},"content":{"rendered":"<p><a target=\"_self\" href=\"https:\/\/www.lanouvellerepublique.fr\/a-la-une\/france-televisions-et-radio-france-portent-plainte-contre-cnews-europe-1-et-le-jdd-pour-denigrement-1763498699\" rel=\"noopener\">La pr\u00e9sidente de Radio France<\/a>, Sibyle Veil, a d\u00e9fendu le \u00ab\u00a0pluralisme\u00a0\u00bb des antennes du groupe public devant les d\u00e9put\u00e9s, mercredi 17\u00a0d\u00e9cembre 2025. \u00ab\u00a0Je constate une distorsion entre la r\u00e9alit\u00e9 de ce que nous produisons tous les jours et l\u2019image qui est renvoy\u00e9e, en ce moment, de l\u2019audiovisuel public\u00a0\u00bb, a d\u00e9plor\u00e9 Sibyle Veil devant la commission d\u2019enqu\u00eate de l\u2019Assembl\u00e9e nationale sur la \u00ab\u00a0neutralit\u00e9\u00a0\u00bb et le \u00ab\u00a0financement\u00a0\u00bb de l\u2019audiovisuel public.<\/p>\n<p>Sur le volet financement, la dirigeante a contest\u00e9 l\u2019id\u00e9e selon laquelle son groupe co\u00fbterait \u00ab\u00a0trop cher\u00a0\u00bb au contribuable\u00a0: \u00ab\u00a0Radio France co\u00fbte 80 centimes par mois et par Fran\u00e7ais.\u00a0\u00bb Sur le pluralisme, \u00ab\u00a0sur pr\u00e8s d\u2019un demi-million d\u2019heures d\u2019antenne par an, il peut y avoir des erreurs, des \u00e9pisodes maladroits, rat\u00e9s, a-t-elle conc\u00e9d\u00e9.\u00a0Mais une s\u00e9quence de quelques secondes ou minutes ne sera jamais repr\u00e9sentative de la pluralit\u00e9 de nos offres\u00a0\u00bb.<\/p>\n<p>Un \u00ab\u00a0barom\u00e8tre du pluralisme\u00a0\u00bb<\/p>\n<p>\u00ab\u00a0Ce pluralisme, nous souhaitons que chacun puisse le voir en toute transparence\u00a0\u00bb, a poursuivi Sibyle Veil, en annon\u00e7ant la cr\u00e9ation par Radio France d\u2019un \u00ab\u00a0barom\u00e8tre du pluralisme\u00a0\u00bb. Cet \u00ab\u00a0outil d\u2019intelligence artificielle\u00a0\u00bb doit analyser la pluralit\u00e9 des th\u00e8mes trait\u00e9s sur les trois principales antennes du groupe public, France Inter, Franceinfo et France Culture. Ses premiers r\u00e9sultats seront publi\u00e9s \u00ab\u00a0d\u00e8s demain (jeudi) sur le site internet de\u00a0Radio France\u00a0\u00bb, selon la dirigeante.<\/p>\n<p>Avec le d\u00e9put\u00e9 UDR Charles Alloncle comme rapporteur, la commission qui a interrog\u00e9 Sibyle Veil a \u00e9t\u00e9 cr\u00e9\u00e9e dans la foul\u00e9e de <a target=\"_self\" href=\"https:\/\/www.lanouvellerepublique.fr\/a-la-une\/nombreuses-critiques-envers-deux-journalistes-accuses-de-complot-avec-le-ps-qui-se-defend-de-toute-collusion-1757168611\" rel=\"noopener\">l\u2019affaire Thomas Legrand-Patrick Cohen<\/a>. Ces deux journalistes du service public ont \u00e9t\u00e9 accus\u00e9s de connivence avec le Parti socialiste apr\u00e8s la diffusion, d\u00e9but septembre, d\u2019une vid\u00e9o les montrant dans un restaurant avec deux de ses responsables. Ils seront entendus jeudi apr\u00e8s-midi par la commission, apr\u00e8s les auditions de la directrice de France Inter, Ad\u00e8le Van\u00a0Reeth, puis du num\u00e9ro\u00a02 de France T\u00e9l\u00e9visions, St\u00e9phane Sitbon-Gomez.<\/p>\n","protected":false},"excerpt":{"rendered":"La pr\u00e9sidente de Radio France, Sibyle Veil, a d\u00e9fendu le \u00ab\u00a0pluralisme\u00a0\u00bb des antennes du groupe public devant les&hellip;\n","protected":false},"author":2,"featured_media":605776,"comment_status":"","ping_status":"","sticky":false,"template":"","format":"standard","meta":{"footnotes":""},"categories":[4],"tags":[328,11,1011,27,329,500,12,1825,25,17311],"class_list":{"0":"post-605775","1":"post","2":"type-post","3":"status-publish","4":"format-standard","5":"has-post-thumbnail","7":"category-france","8":"tag-a-la-une","9":"tag-actualites","10":"tag-fr","11":"tag-france","12":"tag-france-monde","13":"tag-medias","14":"tag-news","15":"tag-radio","16":"tag-republique-francaise","17":"tag-service-public"},"share_on_mastodon":{"url":"https:\/\/pubeurope.com\/@fr\/115736287867970211","error":""},"_links":{"self":[{"href":"https:\/\/www.europesays.com\/fr\/wp-json\/wp\/v2\/posts\/605775","targetHints":{"allow":["GET"]}}],"collection":[{"href":"https:\/\/www.europesays.com\/fr\/wp-json\/wp\/v2\/posts"}],"about":[{"href":"https:\/\/www.europesays.com\/fr\/wp-json\/wp\/v2\/types\/post"}],"author":[{"embeddable":true,"href":"https:\/\/www.europesays.com\/fr\/wp-json\/wp\/v2\/users\/2"}],"replies":[{"embeddable":true,"href":"https:\/\/www.europesays.com\/fr\/wp-json\/wp\/v2\/comments?post=605775"}],"version-history":[{"count":0,"href":"https:\/\/www.europesays.com\/fr\/wp-json\/wp\/v2\/posts\/605775\/revisions"}],"wp:featuredmedia":[{"embeddable":true,"href":"https:\/\/www.europesays.com\/fr\/wp-json\/wp\/v2\/media\/605776"}],"wp:attachment":[{"href":"https:\/\/www.europesays.com\/fr\/wp-json\/wp\/v2\/media?parent=605775"}],"wp:term":[{"taxonomy":"category","embeddable":true,"href":"https:\/\/www.europesays.com\/fr\/wp-json\/wp\/v2\/categories?post=605775"},{"taxonomy":"post_tag","embeddable":true,"href":"https:\/\/www.europesays.com\/fr\/wp-json\/wp\/v2\/tags?post=605775"}],"curies":[{"name":"wp","href":"https:\/\/api.w.org\/{rel}","templated":true}]}}